{"id":450926,"date":"2025-10-09T21:10:28","date_gmt":"2025-10-09T21:10:28","guid":{"rendered":"https:\/\/www.europesays.com\/fr\/450926\/"},"modified":"2025-10-09T21:10:28","modified_gmt":"2025-10-09T21:10:28","slug":"pourquoi-il-faut-lire-laszlo-krasznahorkai-apocalyptique-nobel-hongrois","status":"publish","type":"post","link":"https:\/\/www.europesays.com\/fr\/450926\/","title":{"rendered":"Pourquoi il faut lire Laszlo Krasznahorkai, apocalyptique Nobel hongrois"},"content":{"rendered":"<tr wp_automatic_readability=\"6.8444444444444\">\n<td valign=\"middle\" align=\"center\" class=\"col-logo\" wp_automatic_readability=\"5\">\n    <img decoding=\"async\" src=\"https:\/\/maville.com\/design\/images\/logo-of-monetise.svg?version=20130627\" alt=\"logo Ouest-France\" height=\"66\"\/><\/p>\n<p>Contenu r\u00e9serv\u00e9 aux abonn\u00e9s<\/p>\n<\/td>\n<td class=\"col-titre\">\n\t\t\tJeudi 09 octobre 2025 17:50<br \/>\n\t\t\t<a class=\"icon-bulle sizeL count\" href=\"#ancreAvis\"><br \/>\n\t&#8230;<br \/>\n<\/a><\/td>\n<\/tr>\n<p>\t\t<a class=\"mavillebox2 elmt-photo\" href=\"https:\/\/maville.com\/photosmvi\/2025\/10\/09\/P35512196D7012950G.jpg\" title=\" Laszlo Krasznahorkai, ici au Salon du livre de Budapest en 2013, a \u00e9t\u00e9 distingu\u00e9 hier par le prix Nobel de litt\u00e9rature.  \u00a9  via REUTERS  &lt;!--TAG-BLC credit--&gt;\" rel=\"galerie_actu noopener\" target=\"_blank\"><br \/>\n\t<img decoding=\"async\" src=\"https:\/\/www.europesays.com\/fr\/wp-content\/uploads\/2025\/10\/P35512196D7012950G_crop_640-330_.jpg\" alt=\"photo  laszlo krasznahorkai, ici au salon du livre de budapest en 2013, a \u00e9t\u00e9 distingu\u00e9 hier par le prix nobel de litt\u00e9rature.  \u00a9  via reuters \"\/><br \/>\n\t1<br \/>\n<\/a><\/p>\n<p class=\"elmt-legende\"> Laszlo Krasznahorkai, ici au Salon du livre de Budapest en 2013, a \u00e9t\u00e9 distingu\u00e9 hier par le prix Nobel de litt\u00e9rature.  \u00a9  via REUTERS  <\/p>\n<p>\t\tLaszlo Krasznahorkai, auteur hongrois de 71 ans, a \u00e9t\u00e9 distingu\u00e9, jeudi 9 octobre 2025, \u00e0 Stockholm (Su\u00e8de) par le prix Nobel de litt\u00e9rature 2025 pour une \u0153uvre exigeante \u00e9maill\u00e9e de fantastique.<\/p>\n<p><b>Cet article est r\u00e9serv\u00e9 aux abonn\u00e9s<\/b><\/p>\n<p>Pour un acc\u00e8s imm\u00e9diat, abonnez-vous<\/p>\n<p><b>1\u00e8re semaine offerte<\/b><\/p>\n<p>\t\t Florence PITARD. \u00a0\u00a0<br \/>\n\t\tOuest-France<\/p>\n<p>\t\t&#13;<\/p>\n","protected":false},"excerpt":{"rendered":"Contenu r\u00e9serv\u00e9 aux abonn\u00e9s Jeudi 09 octobre 2025 17:50 &#8230; 1 Laszlo Krasznahorkai, ici au Salon du livre&hellip;\n","protected":false},"author":2,"featured_media":450927,"comment_status":"","ping_status":"","sticky":false,"template":"","format":"standard","meta":{"footnotes":""},"categories":[9619],"tags":[1111,11,26516,1777,674,8290,1011,27,57667,57666,57665,7367,12,57293,882,25,2310],"class_list":{"0":"post-450926","1":"post","2":"type-post","3":"status-publish","4":"format-standard","5":"has-post-thumbnail","7":"category-toulon","8":"tag-actu","9":"tag-actualites","10":"tag-apocalyptique","11":"tag-eu","12":"tag-europe","13":"tag-faut","14":"tag-fr","15":"tag-france","16":"tag-hongrois","17":"tag-krasznahorkai","18":"tag-laszlo","19":"tag-lire","20":"tag-news","21":"tag-nobel","22":"tag-provence-alpes-cote-dazur","23":"tag-republique-francaise","24":"tag-toulon"},"share_on_mastodon":{"url":"https:\/\/pubeurope.com\/@fr\/115346265258193739","error":""},"_links":{"self":[{"href":"https:\/\/www.europesays.com\/fr\/wp-json\/wp\/v2\/posts\/450926","targetHints":{"allow":["GET"]}}],"collection":[{"href":"https:\/\/www.europesays.com\/fr\/wp-json\/wp\/v2\/posts"}],"about":[{"href":"https:\/\/www.europesays.com\/fr\/wp-json\/wp\/v2\/types\/post"}],"author":[{"embeddable":true,"href":"https:\/\/www.europesays.com\/fr\/wp-json\/wp\/v2\/users\/2"}],"replies":[{"embeddable":true,"href":"https:\/\/www.europesays.com\/fr\/wp-json\/wp\/v2\/comments?post=450926"}],"version-history":[{"count":0,"href":"https:\/\/www.europesays.com\/fr\/wp-json\/wp\/v2\/posts\/450926\/revisions"}],"wp:featuredmedia":[{"embeddable":true,"href":"https:\/\/www.europesays.com\/fr\/wp-json\/wp\/v2\/media\/450927"}],"wp:attachment":[{"href":"https:\/\/www.europesays.com\/fr\/wp-json\/wp\/v2\/media?parent=450926"}],"wp:term":[{"taxonomy":"category","embeddable":true,"href":"https:\/\/www.europesays.com\/fr\/wp-json\/wp\/v2\/categories?post=450926"},{"taxonomy":"post_tag","embeddable":true,"href":"https:\/\/www.europesays.com\/fr\/wp-json\/wp\/v2\/tags?post=450926"}],"curies":[{"name":"wp","href":"https:\/\/api.w.org\/{rel}","templated":true}]}}