{"id":450930,"date":"2025-10-09T21:12:12","date_gmt":"2025-10-09T21:12:12","guid":{"rendered":"https:\/\/www.europesays.com\/fr\/450930\/"},"modified":"2025-10-09T21:12:12","modified_gmt":"2025-10-09T21:12:12","slug":"collision-spectaculaire-entre-deux-camions-sur-la9-un-homme-grievement-blesse","status":"publish","type":"post","link":"https:\/\/www.europesays.com\/fr\/450930\/","title":{"rendered":"collision spectaculaire entre deux camions sur l\u2019A9, un homme gri\u00e8vement bless\u00e9"},"content":{"rendered":"<p>            Par<br \/>\n        <strong><br \/>\n            <a href=\"https:\/\/actu.fr\/auteur\/metropoop\" title=\"Consulter tous les articles de R\u00e9daction M\u00e9tropolitain\" rel=\"nofollow noopener\" target=\"_blank\">R\u00e9daction M\u00e9tropolitain<\/a><br \/>\n        <\/strong><\/p>\n<p>        Publi\u00e9 le<\/p>\n<p>            9 oct. 2025 \u00e0 17h55        <\/p>\n<p><strong>Ce jeudi 9 octobre 2025<\/strong>, les sapeurs-pompiers sont intervenus en urgence sur l\u2019autoroute A9, \u00e0 hauteur de Saturargues, dans le sens N\u00eemes \u2013 Montpellier. Deux poids lourds sont entr\u00e9s en collision sur cette portion situ\u00e9e entre le Gard et l\u2019H\u00e9rault.\u00a0<\/p>\n<p>    <a href=\"https:\/\/www.google.com\/maps\/embed?pb=!1m18!1m12!1m3!1d23070.823421864454!2d4.096815500562089!3d43.713605400327495!2m3!1f0!2f0!3f0!3m2!1i1024!2i768!4f13.1!3m3!1m2!1s0x12b4208272f8c4df%3A0x8b9ee4acb05dad73!2s34400%20Saturargues!5e0!3m2!1sen!2sfr!4v1760025246386!5m2!1sen!2sfr\" title=\"Ouvrie le lien\" rel=\"nofollow noopener\" target=\"_blank\">Cliquez ici pour visualiser le contenu<\/a><\/p>\n<p class=\" wall-content\">Le choc, d\u2019une rare violence, a projet\u00e9 l\u2019un des v\u00e9hicules sur le bas-c\u00f4t\u00e9 et r\u00e9pandu sa cargaison sur la chauss\u00e9e. Les camions transportaient des marchandises bien diff\u00e9rentes : du gravier pour l\u2019un, des l\u00e9gumes pour l\u2019autre. L\u2019impact a provoqu\u00e9 un enchev\u00eatrement de t\u00f4les et de d\u00e9bris.<\/p>\n<p>Un conducteur gri\u00e8vement bless\u00e9<\/p>\n<p class=\" wall-content\">\u00c0 leur arriv\u00e9e, les sapeurs-pompiers ont d\u00e9couvert un homme de 50 ans gri\u00e8vement bless\u00e9. L\u2019h\u00e9licopt\u00e8re Dragon 34 de la s\u00e9curit\u00e9 civile a assur\u00e9 son transport vers le centre hospitalier Lapeyronie de Montpellier. L\u2019accident paralyse le trafic sur cette portion tr\u00e8s fr\u00e9quent\u00e9e de l\u2019A9. Seule la voie de gauche est ouverte \u00e0 la circulation. Dans les deux sens, pr\u00e8s de dix kilom\u00e8tres de bouchons ont \u00e9t\u00e9 recens\u00e9s.<\/p>\n<p>Un autre accident plus au nord<\/p>\n<p class=\" wall-content\">Un peu plus t\u00f4t dans la journ\u00e9e, un autre accident grave s\u2019est produit sur cette m\u00eame autoroute A9, entre les \u00e9changeurs de Gallargues et N\u00eemes-Ouest, dans le Gard, en direction d\u2019Orange. Deux poids lourds et une voiture ont \u00e9t\u00e9 impliqu\u00e9s. Le conducteur de la voiture est d\u00e9c\u00e9d\u00e9. L\u2019un des camions s\u2019est renvers\u00e9 sur les voies, provoquant une interruption totale de la circulation dans ce sens.<\/p>\n<p class=\" wall-content\">Personnalisez votre actualit\u00e9 en ajoutant vos villes et m\u00e9dias en favori avec <a href=\"https:\/\/moncompte.actu.fr\" title=\"D\u00e9couvez Mon Actu\" rel=\"nofollow noopener\" data-trk=\"{&quot;cta&quot;:{&quot;action&quot;:&quot;https:\\\/\\\/moncompte.actu.fr&quot;,&quot;category&quot;:&quot;mon compte&quot;,&quot;from&quot;:&quot;article footer&quot;,&quot;name&quot;:&quot;Mon actu&quot;,&quot;type&quot;:&quot;cta&quot;}}\" target=\"_blank\">Mon Actu<\/a>.<\/p>\n","protected":false},"excerpt":{"rendered":"Par R\u00e9daction M\u00e9tropolitain Publi\u00e9 le 9 oct. 2025 \u00e0 17h55 Ce jeudi 9 octobre 2025, les sapeurs-pompiers sont&hellip;\n","protected":false},"author":2,"featured_media":450931,"comment_status":"","ping_status":"","sticky":false,"template":"","format":"standard","meta":{"footnotes":""},"categories":[9599],"tags":[119,1111,11,15154,1777,674,118,1011,27,2208,12,2680,1311,25],"class_list":{"0":"post-450930","1":"post","2":"type-post","3":"status-publish","4":"format-standard","5":"has-post-thumbnail","7":"category-montpellier","8":"tag-accident","9":"tag-actu","10":"tag-actualites","11":"tag-chu-de-montpellier","12":"tag-eu","13":"tag-europe","14":"tag-faits-divers","15":"tag-fr","16":"tag-france","17":"tag-montpellier","18":"tag-news","19":"tag-occitanie","20":"tag-pompiers","21":"tag-republique-francaise"},"share_on_mastodon":{"url":"https:\/\/pubeurope.com\/@fr\/115346272697168284","error":""},"_links":{"self":[{"href":"https:\/\/www.europesays.com\/fr\/wp-json\/wp\/v2\/posts\/450930","targetHints":{"allow":["GET"]}}],"collection":[{"href":"https:\/\/www.europesays.com\/fr\/wp-json\/wp\/v2\/posts"}],"about":[{"href":"https:\/\/www.europesays.com\/fr\/wp-json\/wp\/v2\/types\/post"}],"author":[{"embeddable":true,"href":"https:\/\/www.europesays.com\/fr\/wp-json\/wp\/v2\/users\/2"}],"replies":[{"embeddable":true,"href":"https:\/\/www.europesays.com\/fr\/wp-json\/wp\/v2\/comments?post=450930"}],"version-history":[{"count":0,"href":"https:\/\/www.europesays.com\/fr\/wp-json\/wp\/v2\/posts\/450930\/revisions"}],"wp:featuredmedia":[{"embeddable":true,"href":"https:\/\/www.europesays.com\/fr\/wp-json\/wp\/v2\/media\/450931"}],"wp:attachment":[{"href":"https:\/\/www.europesays.com\/fr\/wp-json\/wp\/v2\/media?parent=450930"}],"wp:term":[{"taxonomy":"category","embeddable":true,"href":"https:\/\/www.europesays.com\/fr\/wp-json\/wp\/v2\/categories?post=450930"},{"taxonomy":"post_tag","embeddable":true,"href":"https:\/\/www.europesays.com\/fr\/wp-json\/wp\/v2\/tags?post=450930"}],"curies":[{"name":"wp","href":"https:\/\/api.w.org\/{rel}","templated":true}]}}