{"id":450932,"date":"2025-10-09T21:13:11","date_gmt":"2025-10-09T21:13:11","guid":{"rendered":"https:\/\/www.europesays.com\/fr\/450932\/"},"modified":"2025-10-09T21:13:11","modified_gmt":"2025-10-09T21:13:11","slug":"pres-de-rouen-trois-jeunes-condamnes-pour-avoir-vandalise-des-dizaines-de-vehicules-a-la-chaine","status":"publish","type":"post","link":"https:\/\/www.europesays.com\/fr\/450932\/","title":{"rendered":"Pr\u00e8s de Rouen, trois jeunes condamn\u00e9s pour avoir vandalis\u00e9 des dizaines de v\u00e9hicules \u00e0 la cha\u00eene"},"content":{"rendered":"<p>            Par<br \/>\n        <strong><br \/>\n            <a href=\"https:\/\/actu.fr\/auteur\/emilien-jacques\" title=\"Consulter tous les articles de Emilien Jacques\" rel=\"nofollow noopener\" target=\"_blank\">Emilien Jacques<\/a><br \/>\n        <\/strong><\/p>\n<p>        Publi\u00e9 le<\/p>\n<p>            9 oct. 2025 \u00e0 22h09        <\/p>\n<p>Ils avaient suscit\u00e9 l\u2019indignation, la <b>col\u00e8re<\/b>, et un grand sentiment d\u2019ins\u00e9curit\u00e9. Trois jeunes du territoire elbeuvien avaient, en f\u00e9vrier\u00a02025, d\u00e9grad\u00e9 plusieurs dizaines de <b>v\u00e9hicules <\/b>stationn\u00e9s \u00e0 <a href=\"https:\/\/actu.fr\/normandie\/caudebec-les-elbeuf_76165\" rel=\"nofollow noopener\" target=\"_blank\">Caudebec-l\u00e8s-Elbeuf<\/a>, <a href=\"https:\/\/actu.fr\/normandie\/saint-pierre-les-elbeuf_76640\" rel=\"nofollow noopener\" target=\"_blank\">Saint-Pierre-l\u00e8s-Elbeuf<\/a> et <a href=\"https:\/\/actu.fr\/normandie\/elbeuf_76231\" rel=\"nofollow noopener\" target=\"_blank\">Elbeuf (Seine-Maritime)<\/a>. Des actes gratuits, commis pour la plupart d\u2019entre eux dans la seule nuit du 8\u00a0f\u00e9vrier 2025, et pour lesquels les trois mis en cause comparaissaient devant le<b> tribunal de Rouen<\/b>, jeudi 9\u00a0octobre 2025.<\/p>\n<p>Pneus crev\u00e9s, r\u00e9troviseurs cass\u00e9s et cam\u00e9ras de recul vol\u00e9es<\/p>\n<p class=\" wall-content\">Ils n\u2019en m\u00e8nent pas large devant le pr\u00e9sident du tribunal Rouen. Jason*, Florian* et Antoine*, tous trois n\u00e9s en 2005, lui font face, t\u00eates baiss\u00e9es, lorsque le magistrat leur rappelle les faits pour lesquels ils sont jug\u00e9s ce jour.<\/p>\n<p class=\" wall-content\">Dans la nuit du 31\u00a0janvier 2024 au 1er\u00a0f\u00e9vrier 2025, puis celle du 7 au 8\u00a0f\u00e9vrier 2025, les trois amis se rendent coupables de multiples attaques sur des v\u00e9hicules en stationnement dont ils <b>cr\u00e8vent les pneus<\/b>, cassent les r\u00e9troviseurs, fissurent les pare-brise et d\u00e9robent les <b>cam\u00e9ras de recul<\/b>. Une cinquantaine de plaintes seront d\u00e9pos\u00e9es au commissariat par des victimes de ces agissements gratuits.<\/p>\n<p class=\" wall-content\">L\u2019une d\u2019entre elles confiera aux enqu\u00eateurs les images de la <b>cam\u00e9ra de surveillance<\/b> de son domicile. \u00c0 deux heures du matin, le 8\u00a0f\u00e9vrier 2025, on y voit trois hommes descendre d\u2019une voiture, crever les pneus d\u2019une autre, puis reprendre la route comme si de rien \u00e9tait. Ils seront arr\u00eat\u00e9s quelques semaines plus tard, et reconna\u00eetront les faits.<\/p>\n<p>De minces explications<\/p>\n<p class=\" wall-content\">Dans la salle d\u2019audience, seulement quatre des victimes ayant port\u00e9 plainte sont pr\u00e9sentes. \u00c9videmment, une question leur br\u00fble les l\u00e8vres. Le pr\u00e9sident la pose\u2009: \u00ab<b>\u2009Pourquoi\u2009?<\/b> Juste pour emb\u00eater les propri\u00e9taires de voitures\u2009?\u2009\u00bb<\/p>\n<p class=\" wall-content\">Jason explique que l\u2019id\u00e9e de voler des cam\u00e9ras de recul pour les revendre \u00e0 une casse automobile leur est venue des r\u00e9seaux sociaux. Pour le reste, \u00ab\u2009on n\u2019avait pas de but pr\u00e9cis, avance Antoine. On s\u2019arr\u00eatait et peu importe qui c\u2019\u00e9tait, \u00e0 qui \u00e9tait la voiture\u2026 Il n\u2019y avait <b>pas de raisons particuli\u00e8res<\/b> \u00e0 \u00e7a\u2009\u00bb.<\/p>\n<p>Votre r\u00e9gion, votre actu !<\/p>\n<p>Recevez chaque jour les infos qui comptent pour vous.<\/p>\n<p>\t<a href=\"https:\/\/actu.fr\/newsletter\" class=\"ac-btn ac-btn--corner ac-btn--medium ac-btn--blue800\" rel=\"nofollow noopener\" target=\"_blank\">S&rsquo;incrire<\/a><\/p>\n<p class=\" wall-content\">Si les accus\u00e9s n\u2019ont pas grand-chose \u00e0 dire, les victimes, elles, sont plus bavardes. Elles racontent chacune leurs d\u00e9boires, comme pour faire comprendre aux trois jeunes les <b>cons\u00e9quences <\/b>de leurs actes. Entre frais de r\u00e9paration et journ\u00e9es de travail perdues, les <b>r\u00e9percussions financi\u00e8res<\/b> ont \u00e9t\u00e9 importantes. \u00ab\u2009Je tiens \u00e0 m\u2019excuser aupr\u00e8s de tout le monde, j\u2019ai fait perdre beaucoup d\u2019argent et de temps\u2009\u00bb, reconna\u00eet Florian, avant que les juges ne se retirent pour d\u00e9lib\u00e9rer.<\/p>\n<p>D\u00e9dommagement mat\u00e9riel et moral<\/p>\n<p class=\" wall-content\">\u00c0 leur retour ils prononcent, \u00e0 l\u2019encontre de Jason, 6\u00a0mois de prison avec sursis simple, et, \u00e0 l\u2019encontre de Florian et Antoine, 5\u00a0mois de prison avec sursis simple. Tous les trois devront d\u00e9dommager, pour le pr\u00e9judice <b>mat\u00e9riel <\/b>et <b>moral <\/b>engendr\u00e9, une premi\u00e8re victime \u00e0 hauteur de 935\u00a0euros, et une deuxi\u00e8me \u00e0 hauteur de 660\u00a0euros. Les deux autres victimes pr\u00e9sentes, n\u2019ayant pas fourni les justificatifs n\u00e9cessaires, conna\u00eetront le montant de leur pr\u00e9judice lors d\u2019une audience le 1er\u00a0juillet 2026.<\/p>\n<p class=\" wall-content\">*Les pr\u00e9noms ont \u00e9t\u00e9 modifi\u00e9s.<\/p>\n<p class=\" wall-content\">Personnalisez votre actualit\u00e9 en ajoutant vos villes et m\u00e9dias en favori avec <a href=\"https:\/\/moncompte.actu.fr\" title=\"D\u00e9couvez Mon Actu\" rel=\"nofollow noopener\" data-trk=\"{&quot;cta&quot;:{&quot;action&quot;:&quot;https:\\\/\\\/moncompte.actu.fr&quot;,&quot;category&quot;:&quot;mon compte&quot;,&quot;from&quot;:&quot;article footer&quot;,&quot;name&quot;:&quot;Mon actu&quot;,&quot;type&quot;:&quot;cta&quot;}}\" target=\"_blank\">Mon Actu<\/a>.<\/p>\n","protected":false},"excerpt":{"rendered":"Par Emilien Jacques Publi\u00e9 le 9 oct. 2025 \u00e0 22h09 Ils avaient suscit\u00e9 l\u2019indignation, la col\u00e8re, et un&hellip;\n","protected":false},"author":2,"featured_media":450933,"comment_status":"","ping_status":"","sticky":false,"template":"","format":"standard","meta":{"footnotes":""},"categories":[9587],"tags":[1111,11,1777,674,1011,27,303,12,5161,25,9590,104],"class_list":{"0":"post-450932","1":"post","2":"type-post","3":"status-publish","4":"format-standard","5":"has-post-thumbnail","7":"category-rouen","8":"tag-actu","9":"tag-actualites","10":"tag-eu","11":"tag-europe","12":"tag-fr","13":"tag-france","14":"tag-justice","15":"tag-news","16":"tag-normandie","17":"tag-republique-francaise","18":"tag-rouen","19":"tag-societe"},"share_on_mastodon":{"url":"https:\/\/pubeurope.com\/@fr\/115346276538209495","error":""},"_links":{"self":[{"href":"https:\/\/www.europesays.com\/fr\/wp-json\/wp\/v2\/posts\/450932","targetHints":{"allow":["GET"]}}],"collection":[{"href":"https:\/\/www.europesays.com\/fr\/wp-json\/wp\/v2\/posts"}],"about":[{"href":"https:\/\/www.europesays.com\/fr\/wp-json\/wp\/v2\/types\/post"}],"author":[{"embeddable":true,"href":"https:\/\/www.europesays.com\/fr\/wp-json\/wp\/v2\/users\/2"}],"replies":[{"embeddable":true,"href":"https:\/\/www.europesays.com\/fr\/wp-json\/wp\/v2\/comments?post=450932"}],"version-history":[{"count":0,"href":"https:\/\/www.europesays.com\/fr\/wp-json\/wp\/v2\/posts\/450932\/revisions"}],"wp:featuredmedia":[{"embeddable":true,"href":"https:\/\/www.europesays.com\/fr\/wp-json\/wp\/v2\/media\/450933"}],"wp:attachment":[{"href":"https:\/\/www.europesays.com\/fr\/wp-json\/wp\/v2\/media?parent=450932"}],"wp:term":[{"taxonomy":"category","embeddable":true,"href":"https:\/\/www.europesays.com\/fr\/wp-json\/wp\/v2\/categories?post=450932"},{"taxonomy":"post_tag","embeddable":true,"href":"https:\/\/www.europesays.com\/fr\/wp-json\/wp\/v2\/tags?post=450932"}],"curies":[{"name":"wp","href":"https:\/\/api.w.org\/{rel}","templated":true}]}}