{"id":450934,"date":"2025-10-09T21:15:12","date_gmt":"2025-10-09T21:15:12","guid":{"rendered":"https:\/\/www.europesays.com\/fr\/450934\/"},"modified":"2025-10-09T21:15:12","modified_gmt":"2025-10-09T21:15:12","slug":"metropole-de-grenoble-violents-affrontements-entre-forces-de-lordre-et-habitants-a-echirolles","status":"publish","type":"post","link":"https:\/\/www.europesays.com\/fr\/450934\/","title":{"rendered":"M\u00e9tropole de Grenoble. Violents affrontements entre forces de l&rsquo;ordre et habitants \u00e0 \u00c9chirolles"},"content":{"rendered":"<p>Le quartier de la Ville-Neuve \u00e0 \u00c9chirolles a \u00e9t\u00e9 le th\u00e9\u00e2tre de violents affrontements entre forces de l&rsquo;ordre et jeunes d\u00e9linquants, ce jeudi 9 octobre en toute fin d&rsquo;apr\u00e8s-midi et jusqu&rsquo;en milieu de soir\u00e9e.<\/p>\n<p>Selon nos informations, tout semble avoir commenc\u00e9 vers 18h30 lorsque des policiers de la brigade sp\u00e9cialis\u00e9e de terrain (BST) qui patrouillaient \u00e0 proximit\u00e9 de La Butte, sur l&rsquo;avenue des \u00c9tats-G\u00e9n\u00e9raux, ont rep\u00e9r\u00e9 un jeune homme semblant participer au trafic de stup\u00e9fiants qu&rsquo;ils ont suivi jusqu&rsquo;\u00e0 un appartement de l&rsquo;all\u00e9e du G\u00e2tinais.<\/p>\n<p>Ce contenu est bloqu\u00e9 car vous n&rsquo;avez pas accept\u00e9 les cookies et autres traceurs.<\/p>\n<p>En cliquant sur \u00ab J\u2019accepte \u00bb, les cookies et autres traceurs seront d\u00e9pos\u00e9s et vous pourrez visualiser les contenus  (<a href=\"\" class=\"consentModule_policy\" target=\"_blank\" title=\"Consulter la politique de protection des donn\u00e9es du fournisseur\">plus d&rsquo;informations<\/a>).<\/p>\n<p>En cliquant sur \u00ab J\u2019accepte tous les cookies \u00bb, vous autorisez des d\u00e9p\u00f4ts de cookies et autres traceurs pour le stockage de vos donn\u00e9es sur nos sites et applications \u00e0 des fins de personnalisation et de ciblage publicitaire.<\/p>\n<p class=\"consentModule_secondaryText\">Vous gardez la possibilit\u00e9 de retirer votre consentement \u00e0 tout moment en consultant notre <a href=\"https:\/\/www.ledauphine.com\/protection-des-donnees\" target=\"_blank\" title=\"Consulter notre politique de protection des donn\u00e9es\" rel=\"noopener\">politique de protection des donn\u00e9es<\/a>. <br \/>&#13;<br \/>\n            <a href=\"https:\/\/www.ledauphine.com\/faits-divers-justice\/2025\/10\/09\/javascript:Didomi.notice.show()\" class=\"consentModule_cmp\" target=\"_blank\" rel=\"noopener\">G\u00e9rer mes choix<\/a>&#13;\n        <\/p>\n<p>&#13;<br \/>\n                        J&rsquo;accepte&#13;<br \/>\n            J&rsquo;accepte tous les cookies&#13;\n        <\/p>\n<p>S&rsquo;apercevant de la pr\u00e9sence des policiers, ce dernier a jet\u00e9 par la fen\u00eatre un sac contenant de la drogue tandis qu&rsquo;une quarantaine de jeunes du quartier, particuli\u00e8rement hostiles, se regroupaient au pied de l&rsquo;immeuble pour encercler les forces de l&rsquo;ordre.<\/p>\n<p>Ces derni\u00e8res ont \u00e9t\u00e9 prises \u00e0 partie et vis\u00e9es par des tirs de mortiers et ont ripost\u00e9 en tirant des grenades lacrymog\u00e8nes.<\/p>\n<p>Les CRS et les effectifs de la brigade anticriminalit\u00e9 et de la compagnie d\u00e9partementale d&rsquo;intervention ont \u00e9t\u00e9 appel\u00e9s en renfort et la circulation sur l&rsquo;avenue des \u00c9tats-G\u00e9n\u00e9raux a m\u00eame \u00e9t\u00e9 coup\u00e9e \u00e0 la circulation le temps que le calme revienne.<\/p>\n<p>Un suspect aurait finalement \u00e9t\u00e9 interpell\u00e9 et plac\u00e9 en garde \u00e0 vue.<\/p>\n","protected":false},"excerpt":{"rendered":"Le quartier de la Ville-Neuve \u00e0 \u00c9chirolles a \u00e9t\u00e9 le th\u00e9\u00e2tre de violents affrontements entre forces de l&rsquo;ordre&hellip;\n","protected":false},"author":2,"featured_media":450935,"comment_status":"","ping_status":"","sticky":false,"template":"","format":"standard","meta":{"footnotes":""},"categories":[9566],"tags":[1111,11,2430,271,272,9852,112,1777,674,274,107,1011,27,2731,108,12,25],"class_list":{"0":"post-450934","1":"post","2":"type-post","3":"status-publish","4":"format-standard","5":"has-post-thumbnail","7":"category-grenoble","8":"tag-actu","9":"tag-actualites","10":"tag-auvergne-rhone-alpes","11":"tag-crime","12":"tag-delit-et-contravention","13":"tag-echirolles","14":"tag-edition-grenoble-agglomeration","15":"tag-eu","16":"tag-europe","17":"tag-faits-divers-justice","18":"tag-fil-info","19":"tag-fr","20":"tag-france","21":"tag-grenoble","22":"tag-isere","23":"tag-news","24":"tag-republique-francaise"},"share_on_mastodon":{"url":"https:\/\/pubeurope.com\/@fr\/115346284446526895","error":""},"_links":{"self":[{"href":"https:\/\/www.europesays.com\/fr\/wp-json\/wp\/v2\/posts\/450934","targetHints":{"allow":["GET"]}}],"collection":[{"href":"https:\/\/www.europesays.com\/fr\/wp-json\/wp\/v2\/posts"}],"about":[{"href":"https:\/\/www.europesays.com\/fr\/wp-json\/wp\/v2\/types\/post"}],"author":[{"embeddable":true,"href":"https:\/\/www.europesays.com\/fr\/wp-json\/wp\/v2\/users\/2"}],"replies":[{"embeddable":true,"href":"https:\/\/www.europesays.com\/fr\/wp-json\/wp\/v2\/comments?post=450934"}],"version-history":[{"count":0,"href":"https:\/\/www.europesays.com\/fr\/wp-json\/wp\/v2\/posts\/450934\/revisions"}],"wp:featuredmedia":[{"embeddable":true,"href":"https:\/\/www.europesays.com\/fr\/wp-json\/wp\/v2\/media\/450935"}],"wp:attachment":[{"href":"https:\/\/www.europesays.com\/fr\/wp-json\/wp\/v2\/media?parent=450934"}],"wp:term":[{"taxonomy":"category","embeddable":true,"href":"https:\/\/www.europesays.com\/fr\/wp-json\/wp\/v2\/categories?post=450934"},{"taxonomy":"post_tag","embeddable":true,"href":"https:\/\/www.europesays.com\/fr\/wp-json\/wp\/v2\/tags?post=450934"}],"curies":[{"name":"wp","href":"https:\/\/api.w.org\/{rel}","templated":true}]}}