{"id":450941,"date":"2025-10-09T21:19:27","date_gmt":"2025-10-09T21:19:27","guid":{"rendered":"https:\/\/www.europesays.com\/fr\/450941\/"},"modified":"2025-10-09T21:19:27","modified_gmt":"2025-10-09T21:19:27","slug":"plus-de-10-evenements-pour-soutenir-la-cause-en-alsace","status":"publish","type":"post","link":"https:\/\/www.europesays.com\/fr\/450941\/","title":{"rendered":"plus de 10 \u00e9v\u00e9nements pour soutenir la cause en Alsace !"},"content":{"rendered":"<p><b>Si \u00ab La Strasbourgeoise \u00bb a fait courir Strasbourg le week-end dernier, le cancer du sein court toujours, avec <\/b><b>\u00ab environ 61 214 nouveaux cas en 2023, et plus de 913 000 personnes atteintes en France \u00bb. <\/b><b>Soit <\/b><b><a href=\"https:\/\/www.ligue-cancer.net\/xquestce-que-le-cancer\/xles-types-de-cancer\/cancer-du-sein\" target=\"_blank\" rel=\"noopener nofollow\">\u00ab\u00a0le plus r\u00e9pandu des cancers f\u00e9minins\u00a0\u00bb<\/a>. <\/b><b>P<\/b><b>our sensibiliser \u00e0 son d\u00e9pistage<\/b><b>, e<\/b><b>t r\u00e9colter des fonds pour la recherche, depuis 1985, le calendrier lui d\u00e9die un mois : Octobre Rose \u2013 une campagne annuelle et mondiale. Marches solidaires, courses, d\u00eeners, ateliers : en Alsace comme ailleurs, les \u00e9v\u00e9nements solidaires se multiplient.<\/b><\/p>\n<p>Octobre Rose : les soir\u00e9es exceptionnelles \u00e0 Strasbourg et ses alentours<\/p>\n<p>La Rose des Bains aux Bains municipaux de Strasbourg<\/p>\n<p>\u00c0 Strasbourg, les Bains municipaux rejoignent pour la seconde fois la mobilisation autour d\u2019Octobre Rose. <b>Le vendredi 17 octobre<\/b>, ils nous invitent \u00e0 la <b>2e \u00e9dition de La Rose des Bains<\/b>, une soir\u00e9e th\u00e9matique.<\/p>\n<p>Outre l\u2019<b>acc\u00e8s \u00e0 l\u2019espace bien-\u00eatre <\/b>jusqu\u2019\u00e0 22h30 (avec de nouvelles animations au sauna et au hammam), ils organisent <b>un aquagym g\u00e9ant dans le grand bassin sp\u00e9cialement color\u00e9 en rose<\/b>. Le soir-m\u00eame se tiendra \u00e9galement <b>une tombola dont les b\u00e9n\u00e9fices seront int\u00e9gralement revers\u00e9s \u00e0 la Ligue contre le cancer<\/b>. \u00c0 gagner\u00a0? Entre autres\u00a0: des massages, et des entr\u00e9es aux Bains.<\/p>\n<p>Sur place, <b>plusieurs associations<\/b> (Raid2Vous, SEVE) dont Cocci Elles Roses qui tiendra un stand d\u2019information avec des <b>conseils sur l\u2019autopalpation<\/b>.<\/p>\n<p align=\"CENTER\"><b>Quand et o\u00f9\u00a0?<br \/><\/b>Vendredi 17 octobre<br \/>Aux Bains municipaux de Strasbourg<br \/><a href=\"https:\/\/www.bainsmunicipauxdestrasbourg.fr\/evenements-3\/\" target=\"_blank\" rel=\"noopener nofollow\">+ d\u2019infos<\/a><\/p>\n<p>                <img width=\"375\" height=\"500\" src=\"https:\/\/www.europesays.com\/fr\/wp-content\/uploads\/2025\/10\/img-1709-375x500.jpeg\" class=\"attachment-gallery size-gallery\" alt=\"Rose des Bains + octobre rose + bains municipaux\" data-full-url=\"https:\/\/pokaa.fr\/wp-content\/uploads\/2025\/10\/08\/img-1709-1500x2000.jpeg\" decoding=\"async\" loading=\"lazy\"  \/>            <\/p>\n<p>                <img width=\"375\" height=\"500\" src=\"https:\/\/www.europesays.com\/fr\/wp-content\/uploads\/2025\/10\/img-1690-375x500.jpeg\" class=\"attachment-gallery size-gallery\" alt=\"Rose des Bains + octobre rose + bains municipaux\" data-full-url=\"https:\/\/pokaa.fr\/wp-content\/uploads\/2025\/10\/08\/img-1690-1500x2000.jpeg\" decoding=\"async\" loading=\"lazy\"  \/>            <\/p>\n<p>                <img width=\"375\" height=\"500\" src=\"https:\/\/www.europesays.com\/fr\/wp-content\/uploads\/2025\/10\/img-1712-375x500.jpeg\" class=\"attachment-gallery size-gallery\" alt=\"Rose des Bains + octobre rose + bains municipaux\" data-full-url=\"https:\/\/pokaa.fr\/wp-content\/uploads\/2025\/10\/08\/img-1712-1500x2000.jpeg\" decoding=\"async\" loading=\"lazy\"  \/>            <\/p>\n<p>                    \u00a9 Documents remis<\/p>\n<p>Stand up comedy show : Visages de Femmes \u00e0 la Brasserie Bo\u00ebhm<\/p>\n<p>Dans un tout autre genre, <b>la Brasserie Boehm <\/b>nous<b> <\/b>invitera, avec <b>l\u2019association Visages de Femmes<\/b>, \u00e0 <b>une soir\u00e9e humour, le vendredi 17 octobre<\/b>. Pour \u00ab\u00a0c\u00e9l\u00e9brer la f\u00e9minit\u00e9, la r\u00e9silience et la joie de vivre\u00a0\u00bb.<\/p>\n<p>Sur sc\u00e8ne\u00a0? \u00ab\u00a0Trois femmes, trois univers, trois fa\u00e7ons d\u2019aborder la vie, la f\u00e9minit\u00e9\u2026 et parfois m\u00eame le cancer du sein, avec tendresse, force et humour\u00a0\u00bb\u00a0: <b>Mademoiselle Serge, Sihame et Jessica<\/b> (membre de Visages de Femmes).<\/p>\n<p align=\"CENTER\"><b>Quand et o\u00f9\u00a0?<br \/><\/b>Vendredi 17 octobre \u00e0 20h<br \/>\u00c0 la Brasserie Bo\u00ebhm \u00e0 Strasbourg<br \/><a href=\"https:\/\/fb.me\/e\/3zoCeZlvU\" target=\"_blank\" rel=\"noopener nofollow\">+ d\u2019infos<\/a><\/p>\n<p>                <img width=\"375\" height=\"500\" src=\"https:\/\/www.europesays.com\/fr\/wp-content\/uploads\/2025\/10\/image00058-1-375x500.jpeg\" class=\"attachment-gallery size-gallery\" alt=\"Brasserie Bo\u00ebhm\" data-full-url=\"https:\/\/pokaa.fr\/wp-content\/uploads\/2023\/05\/image00058-1.jpeg\" decoding=\"async\" loading=\"lazy\"  \/>            <\/p>\n<p>                <img width=\"375\" height=\"500\" src=\"https:\/\/www.europesays.com\/fr\/wp-content\/uploads\/2025\/10\/image00050-4-375x500.jpeg\" class=\"attachment-gallery size-gallery\" alt=\"Brasserie Bo\u00ebhm\" data-full-url=\"https:\/\/pokaa.fr\/wp-content\/uploads\/2023\/05\/image00050-4.jpeg\" decoding=\"async\" loading=\"lazy\"  \/>            <\/p>\n<p>                <img width=\"375\" height=\"500\" src=\"https:\/\/www.europesays.com\/fr\/wp-content\/uploads\/2025\/10\/image00041-4-375x500.jpeg\" class=\"attachment-gallery size-gallery\" alt=\"Brasserie Bo\u00ebhm\" data-full-url=\"https:\/\/pokaa.fr\/wp-content\/uploads\/2023\/05\/image00041-4.jpeg\" decoding=\"async\" loading=\"lazy\"  \/>            <\/p>\n<p>                <img width=\"667\" height=\"500\" src=\"https:\/\/www.europesays.com\/fr\/wp-content\/uploads\/2025\/10\/image00035-6-667x500.jpeg\" class=\"attachment-gallery size-gallery\" alt=\"Brasserie Bo\u00ebhm\" data-full-url=\"https:\/\/pokaa.fr\/wp-content\/uploads\/2023\/05\/image00035-6.jpeg\" decoding=\"async\" loading=\"lazy\"  \/>            <\/p>\n<p>                    \u00a9 Bastien Pietronave \/ Pokaa<\/p>\n<p>Vignoble en sc\u00e8ne\u00a0: le Banquet Rose \u00e0 la Maison Cattin<\/p>\n<p>Nous te pr\u00e9sentions derni\u00e8rement <b>Vignobles en Sc\u00e8ne<\/b>, l\u2019\u00e9quivalent des Journ\u00e9es europ\u00e9ennes du Patrimoine pour l\u2019univers viticole, qui auront lieu pour la premi\u00e8re fois du 17 au 19 octobre.<\/p>\n<p>Parmi les nombreux \u00e9v\u00e9nements cr\u00e9\u00e9s \u00e0 cette occasion, nous avons rep\u00e9r\u00e9 celui de <b>La Maison Cattin<\/b>\u00a0:<b> le Banquet Rose<\/b>, une <b>\u00ab\u00a0soir\u00e9e solidaire et p\u00e9tillante\u00a0\u00bb<\/b> dont une partie des b\u00e9n\u00e9fices sera revers\u00e9e \u00e0 la lutte contre le cancer du sein. Le<b> vendredi 17 octobre<\/b> y sera ainsi dress\u00e9 un banquet d\u2019exception sur le domaine (\u00e0 Voegtlinshoffen), avec <b>une carte gourmande et rose <\/b>d\u00e9clin\u00e9e autour de leurs cuv\u00e9es, par le<b> Traiteur Thomas d\u2019Eguisheim<\/b>.<\/p>\n<p>Pour compl\u00e9ter la soir\u00e9e\u00a0:<b> des ateliers de bien-\u00eatre<\/b> (maquillage et mise en beaut\u00e9, massages cr\u00e2niens) et cr\u00e9atif (<b>peinture au vin rouge<\/b>), ainsi qu\u2019<b>un karaok\u00e9 et un photobooth<\/b>. (Et dress code \u00ab touche de rose \u00bb).<\/p>\n<p align=\"CENTER\"><b>Quand et o\u00f9\u00a0?<br \/><\/b>Vendredi 17 octobre<br \/>Au domaine La Maison Cattin \u00e0 Voegtlinshoffen<br \/><a href=\"https:\/\/www.routedesvins.alsace\/253004566-vignobles-en-scene-alsace-banquet-rose-a-la-maison-cattin\/\" target=\"_blank\" rel=\"noopener nofollow\">+ d\u2019infos<\/a><\/p>\n<p>                <a href=\"https:\/\/pokaa.fr\/2025\/09\/19\/route-des-vins-et-sorties-originales-pendant-3-jours-lalsace-celebre-ses-vignobles\/\" rel=\"nofollow noopener\" target=\"_blank\"><br \/>\n                    <img width=\"450\" height=\"270\" src=\"https:\/\/www.europesays.com\/fr\/wp-content\/uploads\/2025\/10\/pique-nique-dans-les-vignes-15-d-leveque-adt-450x270.jpg\" class=\"attachment-card-horizontal--same-subject size-card-horizontal--same-subject wp-post-image\" alt=\"\" decoding=\"async\" loading=\"lazy\"\/>                <\/a><\/p>\n<p>Concert gratuit \u00ab\u00a0Nos c\u0153urs \u00e0 nu\u00a0\u00bb au Pr\u00e9O \u00e0 Oberhausbergen<\/p>\n<p>Outre la marche qu\u2019elle organise avec Mittelhausbergen, la commune d\u2019Oberhausbergen accueillera <b>Nos c\u0153urs \u00e0 nu <\/b><b>\u2013<\/b> Tout ce que l\u2019on peut savoir et dire sur le cancer du sein avec des soignants, des artistes et vous !\u00a0Un<b> concert gratuit<\/b> de <strong>Voix de Stras\u2019, en<\/strong> collaboration avec le p\u00f4le gyn\u00e9co-obst\u00e9trique des H\u00f4pitaux universitaires de Strasbourg.<\/p>\n<p>Le groupe d\u2019<b>artistes lyriques professionnelles Voix de Stras\u2019<\/b> y fera entendre sur sc\u00e8ne des <b>phrases collect\u00e9es aupr\u00e8s de femmes confront\u00e9es au cancer du sein ou en r\u00e9mission<\/b>, ainsi que de leurs proches. Et y \u00ab\u00a0interpr\u00e9ter[a] tout haut ce que les personnes concern\u00e9es pensent tout bas\u00a0\u00bb.<\/p>\n<p>Pour prolonger la discussion, le spectacle inclura \u00e9galement <b>un temps d\u2019\u00e9change avec des soignant(e)s <\/b>des H\u00f4pitaux universitaires de Strasbourg, \u00ab\u00a0en premi\u00e8re ligne\u00a0\u00bb face au cancer.<\/p>\n<p style=\"text-align: center;\"><b>Quand et o\u00f9\u00a0?<br \/><\/b>Mercredi 22 octobre \u00e0 20h<br \/>Au Pr\u00e9O Sc\u00e8ne \u00e0 Oberhausbergen<br \/><a href=\"https:\/\/www.chru-strasbourg.fr\/noscoeursanu\/\" target=\"_blank\" rel=\"noopener nofollow\">+ d\u2019infos<\/a><\/p>\n<p>    <img width=\"800\" height=\"742\" src=\"https:\/\/www.europesays.com\/fr\/wp-content\/uploads\/2025\/10\/jean-paul-marbach1-800x742.jpeg\" class=\"attachment-image-size-L size-image-size-L\" alt=\"Voix de Stras\u2019\" decoding=\"async\" loading=\"lazy\"  \/>         Voix de Stras&rsquo;. \u00a9 Jean-Paul Marbach \/ Document remis <\/p>\n<p>Les marches, courses et \u00e9v\u00e9nements sportifs et solidaires<\/p>\n<p>Pour celles et ceux qui n\u2019auraient pas pu participer \u00e0 <strong>\u00ab L<\/strong><b>a Strasbourgeoise \u00bb<\/b>, il n\u2019est pas trop tard. <b>Plusieurs communes d\u2019Alsace organisent des courses et marches locales <\/b>\u2013 et autres \u00e9v\u00e9nements sportifs \u2013, dont les frais d\u2019inscriptions et autres b\u00e9n\u00e9fices g\u00e9n\u00e9r\u00e9s participent aussi aux associations et organisations de lutte contre le cancer du sein.<\/p>\n<p><a href=\"https:\/\/www.illkirch.eu\/illkirch-rose\/\" target=\"_blank\" rel=\"noopener nofollow\"><b>Illkirch d\u00e9diera ainsi un mois d\u2019animations <\/b><\/a>autour d\u2019Octobre Rose<b> d\u00e8s le <\/b><strong>samedi 11 octobre. <\/strong>Activit\u00e9s subaquatiques, de sporting-twirl, match de Ligue 2 F\u00e9minine, stage multi-activit\u00e9s avec le CD67 de karat\u00e9, jiu-jitsu br\u00e9silien\u2026 <strong>De nombreuses associations sportives se mobiliseront avec des matchs, d\u00e9mos, ateliers, <\/strong><strong>etc<\/strong>. \u00c0 d\u00e9couvrir chaque week-end <strong>jusqu\u2019au 26 octobre<\/strong>.<\/p>\n<p>    <img width=\"800\" height=\"534\" src=\"https:\/\/www.europesays.com\/fr\/wp-content\/uploads\/2025\/10\/la-strasbourgeoise.jpg\" class=\"attachment-image-size-L size-image-size-L\" alt=\"La Strasbourgeoise\" decoding=\"async\" loading=\"lazy\"  \/>         La Strasbourgeoise. \u00a9 Milan Szypura &#8211; Strasbourg Eurom\u00e9tropole \/ Document remis <\/p>\n<p><a href=\"https:\/\/www.selestat-haut-koenigsbourg.com\/lei\/detail\/75\/222007380\/1912\/selestat-en-rose-la-marche-des-lumieres-selestat.htm\" target=\"_blank\" rel=\"noopener nofollow\"><b>\u00c0 S\u00e9lestat<\/b>, c\u2019est <b>une Marche des lumi\u00e8res<\/b><\/a> qui attendra les familles <b>le vendredi 10 octobre en soir\u00e9e<\/b>. Une promenade accessible et conviviale, \u00ab\u00a0\u00e9clair\u00e9e par <b>des lanternes <\/b>et rythm\u00e9e par <b>des musiciens<\/b>, <b>dans le cadre naturel du Grubfeld<\/b>\u00a0\u00bb. Et en amont,<b> un Village Pr\u00e9ventif <\/b>avec des stands d\u2019information, une buvette, des <b>animations autour de la pr\u00e9vention<\/b>, ainsi qu\u2019un <b>stand de lingerie adapt\u00e9e<\/b>.<\/p>\n<p>Et <a href=\"https:\/\/www.valleedelabruche.fr\/fiche-sit\/F215007209_la-bruche-en-rose-schirmeck\/\" target=\"_blank\" rel=\"noopener nofollow\">\u00e0 <b>Schirmeck\u00a0<\/b>: la premi\u00e8re \u00e9dition de<b> La Bruche en rose<\/b>,<\/a> vendredi 10 en soir\u00e9e. Une marche suivie du <b>c<\/b><strong><b>oncert<\/b><\/strong><strong> gratuit Chez l\u2019Fred<\/strong> d\u00e8s 21h.<\/p>\n<p>    <img width=\"800\" height=\"533\" src=\"https:\/\/www.europesays.com\/fr\/wp-content\/uploads\/2025\/10\/250601-pka-pelpass-81-800x533.jpg\" class=\"attachment-image-size-L size-image-size-L\" alt=\"Pelpass festival strasbourg musique f\u00eate festivaliers concerts\" decoding=\"async\" loading=\"lazy\"  \/>         \u00a9 Adrien Labit \/ Pokaa <\/p>\n<p><b>Le lendemain (samedi 11)<\/b>, \u00e0 proximit\u00e9 de Strasbourg, plusieurs marches et courses solidaires auront lieu. Comme <b>\u00e0 Eschau, avec la <a href=\"https:\/\/www.eschau.fr\/agenda-date\/eschrose-2025\/\" target=\"_blank\" rel=\"noopener nofollow\">Esch\u2019Rose 2025<\/a><\/b>. Ou <b>\u00e0 Epfig, avec sa <a href=\"https:\/\/www.intramuros.org\/epfig\/agenda\/285369\" target=\"_blank\" rel=\"noopener nofollow\">Marche Rose nocturne<\/a><\/b>.<\/p>\n<p>Le <b>dimanche 12<\/b>, Oberhausbergen et Mittelhausbergen nous invitent \u00e0 <a href=\"https:\/\/mittelhausbergen.fr\/Agenda\/Obermitteloise-00184.html\" target=\"_blank\" rel=\"noopener nofollow\"><strong>L\u2019Obermitteloise<\/strong><\/a><strong>, une marche libre <\/strong>de 3 ou 6 km.<\/p>\n<p>Le m\u00eame jour, cette fois \u00e0 <b>Crastatt<\/b>, se tiendra la<a href=\"https:\/\/www.routedesvins.alsace\/255005833-la-rando-rose\/\" target=\"_blank\" rel=\"noopener nofollow\"><b> 8e \u00e9dition de la Rando Rose<\/b><\/a>, une marche solidaire de 7 km. <a href=\"https:\/\/lafouleerose.fr\/inscription\/\" target=\"_blank\" rel=\"noopener nofollow\">\u00c0 <b>Obernai<\/b>, <b>La Foul\u00e9e Rose<\/b><\/a>\u00a0fera sa premi\u00e8re \u00e9dition. Et du c\u00f4t\u00e9 de Ribeauvill\u00e9, on retrouvera <a href=\"https:\/\/my.weezevent.com\/la-ribeauvilloise?locale=fr-fr&amp;o=qr-code\" target=\"_blank\" rel=\"noopener nofollow\"><b>La Ribeauvilloise<\/b><\/a>, <b>au c\u0153ur de son vignoble<\/b>. Et <a href=\"https:\/\/www.payasso.fr\/les-3-sapins\/la-hohwaldoise\" target=\"_blank\" rel=\"noopener nofollow\"><b>La Hohwaldoise<\/b><\/a>, dans Le Hohwald.<\/p>\n<p>    <img width=\"450\" height=\"600\" src=\"https:\/\/www.europesays.com\/fr\/wp-content\/uploads\/2025\/10\/village-kaysersberg-alsace-450x600.jpg\" class=\"attachment-image-size-M size-image-size-M\" alt=\"Village Kaysersberg Alsace\" decoding=\"async\" loading=\"lazy\"  \/>         Kaysersberg. \u00a9 Guillaume Rapp \/ Pokaa <\/p>\n<p>Plus intense et toujours le dimanche 12\u00a0: <a href=\"https:\/\/www.sporkrono.fr\/courses\/3842392230\/traielles\/\" target=\"_blank\" rel=\"noopener nofollow\"><b>Trai\u2019elles<\/b><\/a>, un <b>\u00ab d\u00e9fi 100% f\u00e9minin sur les magnifiques sentiers de Kaysersberg \u00bb<\/b>.<\/p>\n<p>Trois parcours, plusieurs difficult\u00e9s : <b>8 km, 14 km ou 20,5 km<\/b>, pour d\u00e9couvrir ce <b>\u00ab\u00a0plus beau village de France\u00a0\u00bb <\/b>au travers de ses paysages \u2013 entre vignobles, for\u00eats, roche du Corbeau, son ch\u00e2teau ou par le col du Herrenwassen. Ainsi qu\u2019une<strong> marche nordique <\/strong><strong>de 8 km, plus tranquille.<\/strong><\/p>\n<p>    <img width=\"800\" height=\"533\" src=\"https:\/\/www.europesays.com\/fr\/wp-content\/uploads\/2025\/10\/france-saverne-festival-les-alpagas-bleus-2025-wr-1-sur-1-800x533.jpg\" class=\"attachment-image-size-L size-image-size-L\" alt=\"Festival les Alpagas Bleus 2025, Saverne, Palais, ch\u00e2teau des Rohan\" decoding=\"async\" loading=\"lazy\"  \/>         Saverne, ch\u00e2teau des Rohan. \u00a9 Wilfried Rion \/ Pokaa <\/p>\n<p><b>\u00c0 Saverne<\/b>, s\u2019articulera m\u00eame <a href=\"https:\/\/www.facebook.com\/LaSavernoise\" target=\"_blank\" rel=\"noopener nofollow\"><b>une Semaine de La Savernoise <\/b><\/a> <b>d\u00e8s le mardi 14<\/b>, avec un gros rendez-vous le <b>vendredi 17 octobre<\/b>, avec <a href=\"https:\/\/www.sporkrono.fr\/courses\/2532669727\/la-savernoise\/\" target=\"_blank\" rel=\"noopener nofollow\"><b>marche et course nocturnes<\/b><\/a>.<\/p>\n<p>Au programme : des <b>animations<\/b>, des d\u00e9couvertes, et des \u00e9changes (on annonce du tai-chi, des ateliers couture, des conseils en alimentation, de la coiffure, et des conf\u00e9rences ainsi qu\u2019un concours, etc.). \u00c0 retrouver <b>au pied de son ch\u00e2teau des Rohan<\/b>.<\/p>\n<p>    <img width=\"800\" height=\"532\" src=\"https:\/\/www.europesays.com\/fr\/wp-content\/uploads\/2025\/10\/221026-pka-octobre-rose-36-800x532.jpg\" class=\"attachment-image-size-L size-image-size-L\" alt=\"Octobre Rose 2022 Cancer du sein La Strasbourgeoise Course\" decoding=\"async\" loading=\"lazy\"  \/>         \u00a9 Adrien Labit \/ Pokaa <\/p>\n<p>La ville de <b>Bischheim<\/b> nous emm\u00e8nera quant \u00e0 elle sur <b><a href=\"https:\/\/www.helloasso.com\/associations\/les-associations-reunies-de-bischheim-pour-reussir-ensemble\/evenements\/les-chemins-roses-3eme-edition\" target=\"_blank\" rel=\"noopener nofollow\">Les Chemins Roses<\/a>, le samedi 18 octobre \u00e0 17h30 \u00e0 La Ballasti\u00e8re<\/b>. Une 3e \u00e9dition de cette marche dont le nom rend hommage <b>au parcours de gu\u00e9rison <\/b>des personnes atteintes de cancer du sein.<\/p>\n<p><b><a href=\"https:\/\/www.helloasso.com\/associations\/association-des-communes-touristiques-du-haut-koenigsbourg-route-des-vins-d-alsace\/evenements\/la-montee-rose-2025\" target=\"_blank\" rel=\"noopener nofollow\">La Mont\u00e9e Rose<\/a>\u00a0<\/b>nous entra\u00eenera, elle, dans <b>une ascension vers le Haut-Koenigsbourg, au d\u00e9part de plusieurs villages<\/b> (Bergheim, Thannenkirch, Saint-Hippolyte, Orschwiller, Kintzheim et Ch\u00e2tenois), <b>le samedi 11 octobre<\/b>. Avec en bonus, <b>des visites du ch\u00e2teau<\/b>, comme<a href=\"https:\/\/www.haut-koenigsbourg.fr\/choisir-ma-visite\/les-visites\/ou-sont-les-femmes\/\" target=\"_blank\" rel=\"noopener nofollow\"> <b>\u00ab\u00a0O\u00f9 sont les femmes ?\u00a0\u00bb<\/b><\/a> \u2013 une visite th\u00e9matique sur les figures f\u00e9minines qui se sont inscrites dans l\u2019histoire de la forteresse.<\/p>\n<p>                <img width=\"750\" height=\"500\" src=\"https:\/\/www.europesays.com\/fr\/wp-content\/uploads\/2025\/10\/chateau-haut-koenigsbourg-37-750x500.jpg\" class=\"attachment-gallery size-gallery\" alt=\"Ch\u00e2teau Haut-Koenigsbourg (37)\" data-full-url=\"https:\/\/pokaa.fr\/wp-content\/uploads\/2024\/07\/08\/chateau-haut-koenigsbourg-37.jpg\" decoding=\"async\" loading=\"lazy\"  \/>            <\/p>\n<p>                <img width=\"750\" height=\"500\" src=\"https:\/\/www.europesays.com\/fr\/wp-content\/uploads\/2025\/10\/chateau-haut-koenigsbourg-plantes-fleurs-jardin-3-750x500.jpg\" class=\"attachment-gallery size-gallery\" alt=\"Ch\u00e2teau Haut-Koenigsbourg plantes fleurs jardin (3)\" data-full-url=\"https:\/\/pokaa.fr\/wp-content\/uploads\/2024\/07\/08\/chateau-haut-koenigsbourg-plantes-fleurs-jardin-3.jpg\" decoding=\"async\" loading=\"lazy\"  \/>            <\/p>\n<p>                <img width=\"333\" height=\"500\" src=\"https:\/\/www.europesays.com\/fr\/wp-content\/uploads\/2025\/10\/chateau-haut-koenigsbourg-55-333x500.jpg\" class=\"attachment-gallery size-gallery\" alt=\"Ch\u00e2teau Haut-Koenigsbourg (55)\" data-full-url=\"https:\/\/pokaa.fr\/wp-content\/uploads\/2024\/07\/08\/chateau-haut-koenigsbourg-55.jpg\" decoding=\"async\" loading=\"lazy\"  \/>            <\/p>\n<p>                    \u00a9 Marie Goehner-David \/ Pokaa<\/p>\n<p><b>Pour retrouver d\u2019autres marches roses et \u00e9v\u00e9nements solidaires<\/b>\u00a0en Alsace, adressez-vous <b>\u00e0 la municipalit\u00e9 la plus proche de chez vous <\/b>ou rendez-vous<a href=\"https:\/\/www.francebleu.fr\/evenements\/octobre-rose-2025-en-alsace-ou-et-quand-participer-on-vous-dit-tout-5778856\" target=\"_blank\" rel=\"noopener nofollow\"> <b>par ici<\/b><\/a>.<\/p>\n<p>En attendant : prenez soin de vous\u2026 Et de la sant\u00e9 de vos seins !<\/p>\n","protected":false},"excerpt":{"rendered":"Si \u00ab La Strasbourgeoise \u00bb a fait courir Strasbourg le week-end dernier, le cancer du sein court toujours,&hellip;\n","protected":false},"author":2,"featured_media":450942,"comment_status":"","ping_status":"","sticky":false,"template":"","format":"standard","meta":{"footnotes":""},"categories":[2820],"tags":[1111,57668,11,4763,2776,1777,674,1011,27,775,57669,12,54321,25,71,12280,640],"class_list":{"0":"post-450941","1":"post","2":"type-post","3":"status-publish","4":"format-standard","5":"has-post-thumbnail","7":"category-strasbourg","8":"tag-actu","9":"tag-actu-strasbourg","10":"tag-actualites","11":"tag-agenda","12":"tag-cancer-du-sein","13":"tag-eu","14":"tag-europe","15":"tag-fr","16":"tag-france","17":"tag-grand-est","18":"tag-la-strasbourgeoise","19":"tag-news","20":"tag-octobre-rose","21":"tag-republique-francaise","22":"tag-sante","23":"tag-solidaire","24":"tag-strasbourg"},"share_on_mastodon":{"url":"https:\/\/pubeurope.com\/@fr\/115346300848007092","error":""},"_links":{"self":[{"href":"https:\/\/www.europesays.com\/fr\/wp-json\/wp\/v2\/posts\/450941","targetHints":{"allow":["GET"]}}],"collection":[{"href":"https:\/\/www.europesays.com\/fr\/wp-json\/wp\/v2\/posts"}],"about":[{"href":"https:\/\/www.europesays.com\/fr\/wp-json\/wp\/v2\/types\/post"}],"author":[{"embeddable":true,"href":"https:\/\/www.europesays.com\/fr\/wp-json\/wp\/v2\/users\/2"}],"replies":[{"embeddable":true,"href":"https:\/\/www.europesays.com\/fr\/wp-json\/wp\/v2\/comments?post=450941"}],"version-history":[{"count":0,"href":"https:\/\/www.europesays.com\/fr\/wp-json\/wp\/v2\/posts\/450941\/revisions"}],"wp:featuredmedia":[{"embeddable":true,"href":"https:\/\/www.europesays.com\/fr\/wp-json\/wp\/v2\/media\/450942"}],"wp:attachment":[{"href":"https:\/\/www.europesays.com\/fr\/wp-json\/wp\/v2\/media?parent=450941"}],"wp:term":[{"taxonomy":"category","embeddable":true,"href":"https:\/\/www.europesays.com\/fr\/wp-json\/wp\/v2\/categories?post=450941"},{"taxonomy":"post_tag","embeddable":true,"href":"https:\/\/www.europesays.com\/fr\/wp-json\/wp\/v2\/tags?post=450941"}],"curies":[{"name":"wp","href":"https:\/\/api.w.org\/{rel}","templated":true}]}}