{"id":450943,"date":"2025-10-09T21:20:11","date_gmt":"2025-10-09T21:20:11","guid":{"rendered":"https:\/\/www.europesays.com\/fr\/450943\/"},"modified":"2025-10-09T21:20:11","modified_gmt":"2025-10-09T21:20:11","slug":"mort-aux-colons-vive-le-hamas-des-graffitis-decouverts-a-sciences-po-strasbourg-letablissement-porte-plainte","status":"publish","type":"post","link":"https:\/\/www.europesays.com\/fr\/450943\/","title":{"rendered":"\u00ab\u00a0Mort aux colons\u00a0\u00bb, \u00ab Vive le Hamas \u00bb\u00a0: des graffitis d\u00e9couverts \u00e0 Sciences-po Strasbourg, l\u2019\u00e9tablissement porte plainte"},"content":{"rendered":"<p class=\"paragraph text_align_left lp-f-body-02\">Sciences-po Strasbourg a port\u00e9 plainte mercredi apr\u00e8s la d\u00e9couverte <a href=\"https:\/\/www.leparisien.fr\/paris-75\/paris-un-tag-antisemite-sur-le-trottoir-de-lhyper-cacher-de-la-porte-de-vincennes-une-enquete-ouverte-07-10-2025-4K7JIIRMGZAPFKBIG7HHNAZFPE.php\" target=\"_blank\" rel=\"noreferrer nofollow noopener\">de graffitis anti-isra\u00e9liens et \u00e0 la gloire du Hamas<\/a> sur l\u2019entr\u00e9e de son b\u00e2timent, a indiqu\u00e9 l\u2019universit\u00e9 de Strasbourg.<\/p>\n<p class=\"paragraph text_align_left lp-f-body-02\">L\u2019Institut d\u2019\u00e9tudes politiques (IEP) a port\u00e9 plainte au commissariat de Strasbourg et fait un signalement au parquet pour \u00ab d\u00e9gradations, antis\u00e9mitisme et menaces \u00bb, selon l\u2019universit\u00e9. Le d\u00e9p\u00f4t de plainte a \u00e9t\u00e9 confirm\u00e9 de source polici\u00e8re.<\/p>\n<p class=\"paragraph text_align_left lp-f-body-02\">Un journaliste de l\u2019AFP a constat\u00e9 en fin de matin\u00e9e que des slogans avaient \u00e9t\u00e9 inscrits en lettres rouges sur les portes vitr\u00e9es de l\u2019IEP, parmi lesquels \u00ab Gloire au Hamas \u00bb, \u00ab Vive le Hamas \u00bb, \u00ab Mort aux colons \u00bb ou \u00ab Free Palestine \u00bb. Une inscription \u00ab Palestine vaincra \u00bb en lettres bleues sur un autre mur du b\u00e2timent \u00e9tait en train d\u2019\u00eatre effac\u00e9e.<\/p>\n<p>Des tags \u00ab inacceptables \u00bb<\/p>\n<p class=\"paragraph text_align_left lp-f-body-02\">Les \u00e9tudiants membres du Comit\u00e9 Palestine Sciences-po Strasbourg ont imm\u00e9diatement condamn\u00e9 ces tags dans un communiqu\u00e9, niant en \u00eatre \u00e0 l\u2019origine : \u00ab Ils ne refl\u00e8tent ni nos mots, ni nos id\u00e9es, ni nos actions \u00bb.<\/p>\n<p class=\"lp-card-podcast-highlighting__title  lp-f-subtitle-05\">[2\/2] Patrick Tissier\u00a0: le tueur qui a amen\u00e9 la France \u00e0 cr\u00e9er la \u00ab\u00a0perp\u00e9tuit\u00e9 r\u00e9elle\u00a0\u00bb<\/p>\n<p class=\"lp-card-podcast-highlighting__description lp-f-ui-05\">Crime story raconte chaque semaine les grandes affaires criminelles.<\/p>\n<p><a class=\"lp-card-podcast-highlighting__call-to-action\" data-page-type=\"HP\" data-block-name=\"podcast-highlight\">\u00c9couter<\/a><\/p>\n<p class=\"paragraph text_align_left lp-f-body-02\">La maire \u00e9cologiste Jeanne Barseghian a qualifi\u00e9, dans une d\u00e9claration \u00e0 l\u2019AFP, ces inscriptions \u00ab d\u2019inacceptables \u00bb : \u00ab Elles constituent une apologie du terrorisme et une offense \u00e0 nos valeurs r\u00e9publicaines \u00bb.<\/p>\n<blockquote class=\"twitter-tweet\">\n<p lang=\"fr\" dir=\"ltr\">Un acte intol\u00e9rable qui m\u00e9rite des sanctions lourdes.<\/p>\n<p>Les auteurs de ces tags n\u2019ont-ils aucune honte? Alors que nous venons de comm\u00e9morer les 2 ans du massacre terroriste perp\u00e9tr\u00e9 par le Hamas.<a href=\"https:\/\/t.co\/7TjDnJVw9r\" rel=\"nofollow\">https:\/\/t.co\/7TjDnJVw9r<\/a><\/p>\n<p>\u2014 Fabienne Keller (@fabienne_keller) <a href=\"https:\/\/twitter.com\/fabienne_keller\/status\/1975886447455653901?ref_src=twsrc%5Etfw\" rel=\"nofollow noopener\" target=\"_blank\">October 8, 2025<\/a><\/p><\/blockquote>\n<p class=\"paragraph text_align_left lp-f-body-02\">L\u2019ancienne maire et actuelle d\u00e9put\u00e9e europ\u00e9enne (Renaissance) Fabienne Keller a aussi condamn\u00e9 sur X \u00ab un acte intol\u00e9rable qui m\u00e9rite des sanctions lourdes \u00bb, tandis que l\u2019eurod\u00e9put\u00e9e (Rassemblement national) Virginie Joron a fustig\u00e9 des \u00ab tags antis\u00e9mites et incitant \u00e0 la violence \u00bb.<\/p>\n<p class=\"paragraph text_align_left lp-f-body-02\">L\u2019apparition de ces inscriptions intervient deux ans et un jour exactement apr\u00e8s l\u2019attaque sans pr\u00e9c\u00e9dent contre Isra\u00ebl du Hamas, mouvement islamiste palestinien au pouvoir dans la bande de Gaza, qui a entra\u00een\u00e9 la mort de 1 219 personnes, en majorit\u00e9 des civils, selon un bilan \u00e9tabli par l\u2019AFP \u00e0 partir de donn\u00e9es officielles. Sur les 251 personnes enlev\u00e9es ce jour-l\u00e0, 47 sont toujours otages \u00e0 Gaza, dont 25 sont mortes selon l\u2019arm\u00e9e isra\u00e9lienne.<\/p>\n<p class=\"title-embed-dailymotion lp-color-text lp-f-subtitle-04\">Vid\u00e9oAccord Isra\u00ebl-Hamas : l&rsquo;espoir de la paix \u00e0 Gaza malgr\u00e9 des zones d&rsquo;ombre<\/p>\n<p class=\"paragraph text_align_left lp-f-body-02\">En riposte, Isra\u00ebl a lanc\u00e9 une campagne militaire qui a d\u00e9vast\u00e9 le territoire palestinien, provoqu\u00e9 un d\u00e9sastre humanitaire et fait plus de 67 000 morts, en majorit\u00e9 des civils, selon les chiffres du minist\u00e8re de la Sant\u00e9 du Hamas, jug\u00e9s fiables par les Nations unies.<\/p>\n<p>Une mobilisation active \u00e0 Strasbourg<\/p>\n<p class=\"paragraph text_align_left lp-f-body-02\">L\u2019ONU a d\u00e9clar\u00e9 l\u2019\u00e9tat de famine dans une partie de Gaza et ses enqu\u00eateurs affirment qu\u2019Isra\u00ebl y commet un g\u00e9nocide, des affirmations cat\u00e9goriquement rejet\u00e9es par Isra\u00ebl.<\/p>\n<p class=\"paragraph text_align_left lp-f-body-02\">La <a href=\"https:\/\/www.leparisien.fr\/international\/israel\/\" target=\"_blank\" rel=\"noreferrer nofollow noopener\">situation \u00e0 Gaza<\/a> provoque r\u00e9guli\u00e8rement des d\u00e9bats houleux en Europe et en Am\u00e9rique du Nord, sur fond de mont\u00e9e de l\u2019antis\u00e9mitisme.<\/p>\n<p class=\"paragraph text_align_left lp-f-body-02\">Sciences-po Strasbourg, o\u00f9 comme sur d\u2019autres campus, une mobilisation propalestinienne est tr\u00e8s active depuis deux ans, a connu plusieurs controverses \u00e0 ce sujet.<\/p>\n<p class=\"paragraph text_align_left lp-f-body-02\">Pendant plusieurs mois, un bras de fer a oppos\u00e9 la direction \u00e0 des organisations \u00e9tudiantes autour du partenariat de l\u2019IEP avec une universit\u00e9 isra\u00e9lienne.<\/p>\n<p class=\"paragraph text_align_left lp-f-body-02\">Cette semaine, des \u00e9tudiants s\u2019opposent \u00e0 la venue, pr\u00e9vue jeudi, d\u2019un ancien ambassadeur de France en Isra\u00ebl, \u00c9ric Danon, l\u2019accusant d\u2019avoir justifi\u00e9 les dizaines de milliers de morts \u00e0 Gaza.<\/p>\n<p><script async src=\"https:\/\/platform.twitter.com\/widgets.js\" charset=\"utf-8\"><\/script><\/p>\n","protected":false},"excerpt":{"rendered":"Sciences-po Strasbourg a port\u00e9 plainte mercredi apr\u00e8s la d\u00e9couverte de graffitis anti-isra\u00e9liens et \u00e0 la gloire du Hamas&hellip;\n","protected":false},"author":2,"featured_media":450944,"comment_status":"","ping_status":"","sticky":false,"template":"","format":"standard","meta":{"footnotes":""},"categories":[2820],"tags":[1111,11,1777,674,118,1011,27,775,12,25,640],"class_list":{"0":"post-450943","1":"post","2":"type-post","3":"status-publish","4":"format-standard","5":"has-post-thumbnail","7":"category-strasbourg","8":"tag-actu","9":"tag-actualites","10":"tag-eu","11":"tag-europe","12":"tag-faits-divers","13":"tag-fr","14":"tag-france","15":"tag-grand-est","16":"tag-news","17":"tag-republique-francaise","18":"tag-strasbourg"},"share_on_mastodon":{"url":"","error":""},"_links":{"self":[{"href":"https:\/\/www.europesays.com\/fr\/wp-json\/wp\/v2\/posts\/450943","targetHints":{"allow":["GET"]}}],"collection":[{"href":"https:\/\/www.europesays.com\/fr\/wp-json\/wp\/v2\/posts"}],"about":[{"href":"https:\/\/www.europesays.com\/fr\/wp-json\/wp\/v2\/types\/post"}],"author":[{"embeddable":true,"href":"https:\/\/www.europesays.com\/fr\/wp-json\/wp\/v2\/users\/2"}],"replies":[{"embeddable":true,"href":"https:\/\/www.europesays.com\/fr\/wp-json\/wp\/v2\/comments?post=450943"}],"version-history":[{"count":0,"href":"https:\/\/www.europesays.com\/fr\/wp-json\/wp\/v2\/posts\/450943\/revisions"}],"wp:featuredmedia":[{"embeddable":true,"href":"https:\/\/www.europesays.com\/fr\/wp-json\/wp\/v2\/media\/450944"}],"wp:attachment":[{"href":"https:\/\/www.europesays.com\/fr\/wp-json\/wp\/v2\/media?parent=450943"}],"wp:term":[{"taxonomy":"category","embeddable":true,"href":"https:\/\/www.europesays.com\/fr\/wp-json\/wp\/v2\/categories?post=450943"},{"taxonomy":"post_tag","embeddable":true,"href":"https:\/\/www.europesays.com\/fr\/wp-json\/wp\/v2\/tags?post=450943"}],"curies":[{"name":"wp","href":"https:\/\/api.w.org\/{rel}","templated":true}]}}