{"id":450967,"date":"2025-10-09T21:32:12","date_gmt":"2025-10-09T21:32:12","guid":{"rendered":"https:\/\/www.europesays.com\/fr\/450967\/"},"modified":"2025-10-09T21:32:12","modified_gmt":"2025-10-09T21:32:12","slug":"morcheeba-ensorcelle-la-fiesta-des-suds-a-marseille","status":"publish","type":"post","link":"https:\/\/www.europesays.com\/fr\/450967\/","title":{"rendered":"Morcheeba ensorcelle la Fiesta des Suds \u00e0 Marseille"},"content":{"rendered":"<p>Comme le veut la tradition, on est accueilli en musique sur le site du J4 avec la <a href=\"https:\/\/www.laprovence.com\/article\/edition-aix-pays-daix\/4590754\/la-banda-du-dock-la-fanfare-hard-rock.html\" target=\"_blank\" rel=\"noopener\">Banda du Dock<\/a> aux cuivres rutilants et aux costumes noirs. Le club de la Major aux boules \u00e0 facettes et miroirs n&rsquo;\u00e9tincelle pas encore \u00e0 cette heure-ci. Mais sur la premi\u00e8re sc\u00e8ne, <a href=\"https:\/\/www.laprovence.com\/article\/region\/2176197659270114\/liquid-jane-et-rahewl-un-solo-a-deux-tout-en-douceur-au-cafe-pop-dauriol\" target=\"_blank\" rel=\"noopener\">Liquid Jane<\/a> livre d\u00e9j\u00e0 son rock de crooneuse, entonnant une chanson qui \u00ab\u00a0parle d&rsquo;un amour \u00e9ph\u00e9m\u00e8re qui dure toujours\u00a0\u00bb\u2026<\/p>\n<p><a href=\"https:\/\/www.laprovence.com\/article\/culture-loisirs\/1876478661352714\/la-34e-fiesta-des-suds-a-marseille-sera-celle-de-lamour\" target=\"_blank\" rel=\"noopener\">L&rsquo;amour est justement le th\u00e8me de cette 34e \u00e9dition de la Fiesta des Suds<\/a>. La bodega est encore sage tandis que sur les coups de 20\u00a0h\u00a015, <a href=\"https:\/\/www.laprovence.com\/article\/festival-davignon\/37663736557869\/marseille-morcheeba-keziah-jones-et-kassav-premiers-noms-a-l-affiche-de-la-fiesta-des-suds-2025\" target=\"_blank\" rel=\"noopener\">Morcheeba<\/a> fait d&#8217;embl\u00e9e chavirer le J4 avec son trip-hop affranchi et ensorceleur. D&rsquo;ailleurs, la chanteuse Skye Edwards, v\u00eatue d&rsquo;une robe aux imprim\u00e9s wax et d&rsquo;un chapeau de paille, fait l&rsquo;effet d&rsquo;une chamane, avec sa voix sur le fil et ses ondulations.<\/p>\n<p>Sur une sc\u00e8ne parsem\u00e9e de plantes exotiques \u00e0 la fleur rouge, le groupe anglais magn\u00e9tique aime \u00e0 varier les styles, passant du cosmique Trigger Hippie au plus reggae-dub Friction. Le guitariste Ross Godfrey, autre membre fondateur, annonce \u00e0 son tour, et en fran\u00e7ais, \u00ab\u00a0une chanson nouvelle\u00a0\u00bb issue du dernier album Escape The Chaos paru cette ann\u00e9e.<\/p>\n<p>Douceur et fulgurances rock<\/p>\n<p>\u00c0 la Fiesta, il est plut\u00f4t question d&rsquo;harmonie. Su&#8230;<\/p>\n","protected":false},"excerpt":{"rendered":"Comme le veut la tradition, on est accueilli en musique sur le site du J4 avec la Banda&hellip;\n","protected":false},"author":2,"featured_media":450968,"comment_status":"","ping_status":"","sticky":false,"template":"","format":"standard","meta":{"footnotes":""},"categories":[2814],"tags":[17,1111,11,251,154,57673,1777,674,3274,1011,27,884,57672,12,882,25,57674],"class_list":{"0":"post-450967","1":"post","2":"type-post","3":"status-publish","4":"format-standard","5":"has-post-thumbnail","7":"category-marseille","8":"tag-17","9":"tag-actu","10":"tag-actualites","11":"tag-culture","12":"tag-des","13":"tag-ensorcelle","14":"tag-eu","15":"tag-europe","16":"tag-fiesta","17":"tag-fr","18":"tag-france","19":"tag-marseille","20":"tag-morcheeba","21":"tag-news","22":"tag-provence-alpes-cote-dazur","23":"tag-republique-francaise","24":"tag-suds"},"share_on_mastodon":{"url":"https:\/\/pubeurope.com\/@fr\/115346351285359681","error":""},"_links":{"self":[{"href":"https:\/\/www.europesays.com\/fr\/wp-json\/wp\/v2\/posts\/450967","targetHints":{"allow":["GET"]}}],"collection":[{"href":"https:\/\/www.europesays.com\/fr\/wp-json\/wp\/v2\/posts"}],"about":[{"href":"https:\/\/www.europesays.com\/fr\/wp-json\/wp\/v2\/types\/post"}],"author":[{"embeddable":true,"href":"https:\/\/www.europesays.com\/fr\/wp-json\/wp\/v2\/users\/2"}],"replies":[{"embeddable":true,"href":"https:\/\/www.europesays.com\/fr\/wp-json\/wp\/v2\/comments?post=450967"}],"version-history":[{"count":0,"href":"https:\/\/www.europesays.com\/fr\/wp-json\/wp\/v2\/posts\/450967\/revisions"}],"wp:featuredmedia":[{"embeddable":true,"href":"https:\/\/www.europesays.com\/fr\/wp-json\/wp\/v2\/media\/450968"}],"wp:attachment":[{"href":"https:\/\/www.europesays.com\/fr\/wp-json\/wp\/v2\/media?parent=450967"}],"wp:term":[{"taxonomy":"category","embeddable":true,"href":"https:\/\/www.europesays.com\/fr\/wp-json\/wp\/v2\/categories?post=450967"},{"taxonomy":"post_tag","embeddable":true,"href":"https:\/\/www.europesays.com\/fr\/wp-json\/wp\/v2\/tags?post=450967"}],"curies":[{"name":"wp","href":"https:\/\/api.w.org\/{rel}","templated":true}]}}