{"id":450969,"date":"2025-10-09T21:33:17","date_gmt":"2025-10-09T21:33:17","guid":{"rendered":"https:\/\/www.europesays.com\/fr\/450969\/"},"modified":"2025-10-09T21:33:17","modified_gmt":"2025-10-09T21:33:17","slug":"comment-la-nouvelle-regie-veut-les-facturer","status":"publish","type":"post","link":"https:\/\/www.europesays.com\/fr\/450969\/","title":{"rendered":"comment la nouvelle R\u00e9gie veut les facturer"},"content":{"rendered":"<p>C\u2019est le secret le mieux gard\u00e9 de l\u2019agglom\u00e9ration lyonnaise. En entrant dans votre nouvelle habitation &#8211; maison ou appartement &#8211; que vous soyez propri\u00e9taire ou locataire, il y a l\u2019eau. Magique\u00a0! La couper puis la remettre \u00e0 chaque changement d\u2019occupant serait trop co\u00fbteux en personnel \u00e0 la R\u00e9gie de l\u2019Eau du Grand Lyon. Les arrivants sont toutefois cens\u00e9s contacter le fournisseur public pour souscrire un contrat d\u2019approvisionnement (si l\u2019eau n\u2019est pas d\u00e9j\u00e0 comprise dans les charges).<\/p>\n<p>Mais depuis plusieurs d\u00e9cennies, des milliers d\u2019habitants passent entre les gouttes. Aujourd\u2019hui, 27\u00a0000 consommateurs (sur 1,4\u00a0million d\u2019habitants), des particuliers, principalement, des commerces, des petites entreprises, parfois m\u00eame des administrations ont&#8230;<\/p>\n","protected":false},"excerpt":{"rendered":"C\u2019est le secret le mieux gard\u00e9 de l\u2019agglom\u00e9ration lyonnaise. En entrant dans votre nouvelle habitation &#8211; maison ou&hellip;\n","protected":false},"author":2,"featured_media":450970,"comment_status":"","ping_status":"","sticky":false,"template":"","format":"standard","meta":{"footnotes":""},"categories":[1889],"tags":[1111,11,2430,130,33,2757,436,1777,674,107,1011,27,2428,2756,12,25,2429,3151],"class_list":{"0":"post-450969","1":"post","2":"type-post","3":"status-publish","4":"format-standard","5":"has-post-thumbnail","7":"category-lyon","8":"tag-actu","9":"tag-actualites","10":"tag-auvergne-rhone-alpes","11":"tag-consommation","12":"tag-economie","13":"tag-edition-lyon-villeurbanne","14":"tag-environnement","15":"tag-eu","16":"tag-europe","17":"tag-fil-info","18":"tag-fr","19":"tag-france","20":"tag-lyon","21":"tag-lyon-bassin","22":"tag-news","23":"tag-republique-francaise","24":"tag-rhone","25":"tag-selection-de-la-redaction-69"},"share_on_mastodon":{"url":"https:\/\/pubeurope.com\/@fr\/115346355251727054","error":""},"_links":{"self":[{"href":"https:\/\/www.europesays.com\/fr\/wp-json\/wp\/v2\/posts\/450969","targetHints":{"allow":["GET"]}}],"collection":[{"href":"https:\/\/www.europesays.com\/fr\/wp-json\/wp\/v2\/posts"}],"about":[{"href":"https:\/\/www.europesays.com\/fr\/wp-json\/wp\/v2\/types\/post"}],"author":[{"embeddable":true,"href":"https:\/\/www.europesays.com\/fr\/wp-json\/wp\/v2\/users\/2"}],"replies":[{"embeddable":true,"href":"https:\/\/www.europesays.com\/fr\/wp-json\/wp\/v2\/comments?post=450969"}],"version-history":[{"count":0,"href":"https:\/\/www.europesays.com\/fr\/wp-json\/wp\/v2\/posts\/450969\/revisions"}],"wp:featuredmedia":[{"embeddable":true,"href":"https:\/\/www.europesays.com\/fr\/wp-json\/wp\/v2\/media\/450970"}],"wp:attachment":[{"href":"https:\/\/www.europesays.com\/fr\/wp-json\/wp\/v2\/media?parent=450969"}],"wp:term":[{"taxonomy":"category","embeddable":true,"href":"https:\/\/www.europesays.com\/fr\/wp-json\/wp\/v2\/categories?post=450969"},{"taxonomy":"post_tag","embeddable":true,"href":"https:\/\/www.europesays.com\/fr\/wp-json\/wp\/v2\/tags?post=450969"}],"curies":[{"name":"wp","href":"https:\/\/api.w.org\/{rel}","templated":true}]}}