{"id":450971,"date":"2025-10-09T21:34:14","date_gmt":"2025-10-09T21:34:14","guid":{"rendered":"https:\/\/www.europesays.com\/fr\/450971\/"},"modified":"2025-10-09T21:34:14","modified_gmt":"2025-10-09T21:34:14","slug":"lyon-un-homme-qui-etait-en-contact-avec-dominique-pelicot-va-etre-juge-pour-viols-et-soumission-chimique","status":"publish","type":"post","link":"https:\/\/www.europesays.com\/fr\/450971\/","title":{"rendered":"Lyon. Un homme qui \u00e9tait en contact avec Dominique Pelicot va \u00eatre jug\u00e9 pour viols et soumission chimique"},"content":{"rendered":"<p>Dominique Pelicot a \u00e9t\u00e9 entendu comme t\u00e9moin dans le cadre d&rsquo;une enqu\u00eate \u00e0 Lyon (Rh\u00f4ne) sur un homme suspect\u00e9 de viols et soumission chimique sur sa compagne, qui sera jug\u00e9 en 2026. L&rsquo;avocate de Dominique Pelicot, B\u00e9atrice Zavarro, a confirm\u00e9 \u00e0 l&rsquo;AFP\u00a0que son client \u00ab a bien \u00e9t\u00e9 entendu comme t\u00e9moin par les services de polices de Lyon dans sa cellule de prison \u00bb dans cette affaire r\u00e9v\u00e9l\u00e9e par <a href=\"https:\/\/www.leprogres.fr\/faits-divers-justice\/2025\/10\/08\/il-etait-en-contact-avec-dominique-pelicot-un-lyonnais-bientot-juge-pour-viols-et-soumission-chimique-sur-sa-compagne\" target=\"_blank\" rel=\"noopener\">Le Progr\u00e8s<\/a>.<\/p>\n<p>Selon nos confr\u00e8res, Dominique Pelicot \u00e9tait en contact par messagerie avec un Lyonnais et lui a expliqu\u00e9 en 2020 comment droguer et anesth\u00e9sier sa compagne \u00e0 son insu. Toujours selon Le Progr\u00e8s, les deux hommes pr\u00e9voyaient m\u00eame la venue de Dominique Pelicot \u00e0 Lyon, un projet qui a priori ne s&rsquo;est pas concr\u00e9tis\u00e9. Apr\u00e8s l&rsquo;interpellation de Dominique Pelicot en septembre 2020, les enqu\u00eateurs sont remont\u00e9s jusqu&rsquo;\u00e0 ce Lyonnais et ont, toujours selon Le Progr\u00e8s, d\u00e9couvert des vid\u00e9os leur faisant soup\u00e7onner des viols sous soumission chimique.<\/p>\n<p>Interrog\u00e9 par l&rsquo;AFP, le parquet de Lyon a confirm\u00e9 qu&rsquo;un homme avait \u00e9t\u00e9 renvoy\u00e9 devant la cour criminelle du Rh\u00f4ne notamment pour viol sur conjoint, enregistrement d&rsquo;images \u00e0 caract\u00e8re sexuel et administration \u00e0 son insu de substance pouvant alt\u00e9rer son discernement. Les dates du proc\u00e8s n&rsquo;ont pas encore \u00e9t\u00e9 fix\u00e9es.\u00a0<\/p>\n<p>Dix ans de prison en appel<\/p>\n<p>Dans le dossier des viols de Mazan jug\u00e9s en 2024, 51 hommes ont \u00e9t\u00e9 condamn\u00e9s, dont Dominique Pelicot, \u00ab chef d&rsquo;orchestre \u00bb d&rsquo;une d\u00e9cennie de viols, qui livrait son ex-femme Gis\u00e8le, s\u00e9dat\u00e9e, \u00e0 des dizaines d&rsquo;hommes recrut\u00e9s sur internet. Le seul \u00e0 avoir fait appel a \u00e9cop\u00e9, ce jeudi, d&rsquo;une peine de 10 ans de prison, soit un an de plus qu&rsquo;en premi\u00e8re instance. Lors du premier proc\u00e8s, un des accus\u00e9s avait \u00e9t\u00e9 condamn\u00e9 \u00e0 12 ans de r\u00e9clusion pour avoir reproduit sur sa propre femme le proc\u00e9d\u00e9 de soumission chimique de son mentor Dominique Pelicot afin de la violer \u00e0 une dizaine de reprises entre 2015 et 2018.<\/p>\n<p class=\"note\">&gt;&gt; Lire l&rsquo;article du <a href=\"https:\/\/www.leprogres.fr\/faits-divers-justice\/2025\/10\/08\/il-etait-en-contact-avec-dominique-pelicot-un-lyonnais-bientot-juge-pour-viols-et-soumission-chimique-sur-sa-compagne\" target=\"_blank\" rel=\"noopener\">Progr\u00e8s<\/a>.<\/p>\n","protected":false},"excerpt":{"rendered":"Dominique Pelicot a \u00e9t\u00e9 entendu comme t\u00e9moin dans le cadre d&rsquo;une enqu\u00eate \u00e0 Lyon (Rh\u00f4ne) sur un homme&hellip;\n","protected":false},"author":2,"featured_media":450972,"comment_status":"","ping_status":"","sticky":false,"template":"","format":"standard","meta":{"footnotes":""},"categories":[1889],"tags":[1111,11,2430,271,272,1777,674,274,107,1011,27,329,2428,12,25,2429],"class_list":{"0":"post-450971","1":"post","2":"type-post","3":"status-publish","4":"format-standard","5":"has-post-thumbnail","7":"category-lyon","8":"tag-actu","9":"tag-actualites","10":"tag-auvergne-rhone-alpes","11":"tag-crime","12":"tag-delit-et-contravention","13":"tag-eu","14":"tag-europe","15":"tag-faits-divers-justice","16":"tag-fil-info","17":"tag-fr","18":"tag-france","19":"tag-france-monde","20":"tag-lyon","21":"tag-news","22":"tag-republique-francaise","23":"tag-rhone"},"share_on_mastodon":{"url":"https:\/\/pubeurope.com\/@fr\/115346359128814140","error":""},"_links":{"self":[{"href":"https:\/\/www.europesays.com\/fr\/wp-json\/wp\/v2\/posts\/450971","targetHints":{"allow":["GET"]}}],"collection":[{"href":"https:\/\/www.europesays.com\/fr\/wp-json\/wp\/v2\/posts"}],"about":[{"href":"https:\/\/www.europesays.com\/fr\/wp-json\/wp\/v2\/types\/post"}],"author":[{"embeddable":true,"href":"https:\/\/www.europesays.com\/fr\/wp-json\/wp\/v2\/users\/2"}],"replies":[{"embeddable":true,"href":"https:\/\/www.europesays.com\/fr\/wp-json\/wp\/v2\/comments?post=450971"}],"version-history":[{"count":0,"href":"https:\/\/www.europesays.com\/fr\/wp-json\/wp\/v2\/posts\/450971\/revisions"}],"wp:featuredmedia":[{"embeddable":true,"href":"https:\/\/www.europesays.com\/fr\/wp-json\/wp\/v2\/media\/450972"}],"wp:attachment":[{"href":"https:\/\/www.europesays.com\/fr\/wp-json\/wp\/v2\/media?parent=450971"}],"wp:term":[{"taxonomy":"category","embeddable":true,"href":"https:\/\/www.europesays.com\/fr\/wp-json\/wp\/v2\/categories?post=450971"},{"taxonomy":"post_tag","embeddable":true,"href":"https:\/\/www.europesays.com\/fr\/wp-json\/wp\/v2\/tags?post=450971"}],"curies":[{"name":"wp","href":"https:\/\/api.w.org\/{rel}","templated":true}]}}