{"id":450975,"date":"2025-10-09T21:37:13","date_gmt":"2025-10-09T21:37:13","guid":{"rendered":"https:\/\/www.europesays.com\/fr\/450975\/"},"modified":"2025-10-09T21:37:13","modified_gmt":"2025-10-09T21:37:13","slug":"disparition-inquietante-dune-femme-de-66-ans-atteinte-de-la-maladie-dalzheimer-sa-famille-lance-un-appel-a-temoins-sur-facebook","status":"publish","type":"post","link":"https:\/\/www.europesays.com\/fr\/450975\/","title":{"rendered":"Disparition inqui\u00e9tante d&rsquo;une femme de 66 ans atteinte de la maladie d\u2019Alzheimer, sa famille lance un appel \u00e0 t\u00e9moins sur Facebook"},"content":{"rendered":"<p>Des recherches sont en cours pour retrouver une femme qui a disparu aux Monts d&rsquo;Olmes en Ari\u00e8ge. Des gendarmes et des proches de cette personne sont sur le terrain pour effectuer des recherches.<\/p>\n<p>\n      La Quotidienne Soci\u00e9t\u00e9\n    <\/p>\n<p>\n      De la vie quotidienne aux grands enjeux, recevez tous les jours les sujets qui font la soci\u00e9t\u00e9 locale, comme la justice, l\u2019\u00e9ducation, la sant\u00e9 et la famille.\n    <\/p>\n<p>    France T\u00e9l\u00e9visions utilise votre adresse e-mail afin de vous envoyer la newsletter \u00ab\u00a0La Quotidienne Soci\u00e9t\u00e9\u00a0\u00bb. Vous pouvez vous d\u00e9sinscrire \u00e0 tout moment via le lien en bas de cette newsletter. <a target=\"_blank\" href=\"https:\/\/www.francetelevisions.fr\/groupe\/confidentialite\/politique-de-confidentialite\/politique-de-confidentialite-de-france-televisions-6503\" rel=\"nofollow noopener\">Notre politique de confidentialit\u00e9<\/a><\/p>\n<p>Suzon Marques, 66 ans, est juste sortie d\u00e9poser la poubelle, <strong\/>au bout du chemin du chalet qu&rsquo;elle partageait pour quelques jours avec sa s\u0153ur aux Monts d&rsquo;Olmes, ce 7 octobre 2025. Elle n&rsquo;est pas revenue, depuis le d\u00e9but d&rsquo;apr\u00e8s-midi, ses proches la recherchent. Ils ont signal\u00e9 sa disparition \u00e0 la gendarmerie de Lavelanet (Ari\u00e8ge) et lanc\u00e9 un appel sur Facebook pour tenter d&rsquo;obtenir des renseignements ou t\u00e9moignages.<\/p>\n<p>Des recherches sur le secteur des Monts d&rsquo;Olmes ont commenc\u00e9 d\u00e8s le 7 octobre, avec l&rsquo;aide de l&rsquo;h\u00e9licopt\u00e8re et un chien de la gendarmerie. Les forces de l&rsquo;ordre et des proches de cette femme, atteinte de la maladie d&rsquo;Alzheimer, sillonnent le terrain encore aujourd&rsquo;hui.<\/p>\n<p>Toute personne ayant des renseignements ou ayant crois\u00e9 cette femme est pri\u00e9e de prendre contact avec la gendarmerie de Lavelanet. Elle\u00a0peut contacter la gendarmerie en composante directement le \u00ab\u00a017\u00a0\u00bb ou le 05 61 01 00 17<\/p>\n","protected":false},"excerpt":{"rendered":"Des recherches sont en cours pour retrouver une femme qui a disparu aux Monts d&rsquo;Olmes en Ari\u00e8ge. Des&hellip;\n","protected":false},"author":2,"featured_media":450976,"comment_status":"","ping_status":"","sticky":false,"template":"","format":"standard","meta":{"footnotes":""},"categories":[1888],"tags":[1111,1928,11,1927,1777,674,1011,27,12,1926,626,1925,25],"class_list":{"0":"post-450975","1":"post","2":"type-post","3":"status-publish","4":"format-standard","5":"has-post-thumbnail","7":"category-paris","8":"tag-actu","9":"tag-actu-paris","10":"tag-actualites","11":"tag-actualites-paris","12":"tag-eu","13":"tag-europe","14":"tag-fr","15":"tag-france","16":"tag-news","17":"tag-news-paris","18":"tag-paris","19":"tag-paris-news","20":"tag-republique-francaise"},"share_on_mastodon":{"url":"https:\/\/pubeurope.com\/@fr\/115346370951435006","error":""},"_links":{"self":[{"href":"https:\/\/www.europesays.com\/fr\/wp-json\/wp\/v2\/posts\/450975","targetHints":{"allow":["GET"]}}],"collection":[{"href":"https:\/\/www.europesays.com\/fr\/wp-json\/wp\/v2\/posts"}],"about":[{"href":"https:\/\/www.europesays.com\/fr\/wp-json\/wp\/v2\/types\/post"}],"author":[{"embeddable":true,"href":"https:\/\/www.europesays.com\/fr\/wp-json\/wp\/v2\/users\/2"}],"replies":[{"embeddable":true,"href":"https:\/\/www.europesays.com\/fr\/wp-json\/wp\/v2\/comments?post=450975"}],"version-history":[{"count":0,"href":"https:\/\/www.europesays.com\/fr\/wp-json\/wp\/v2\/posts\/450975\/revisions"}],"wp:featuredmedia":[{"embeddable":true,"href":"https:\/\/www.europesays.com\/fr\/wp-json\/wp\/v2\/media\/450976"}],"wp:attachment":[{"href":"https:\/\/www.europesays.com\/fr\/wp-json\/wp\/v2\/media?parent=450975"}],"wp:term":[{"taxonomy":"category","embeddable":true,"href":"https:\/\/www.europesays.com\/fr\/wp-json\/wp\/v2\/categories?post=450975"},{"taxonomy":"post_tag","embeddable":true,"href":"https:\/\/www.europesays.com\/fr\/wp-json\/wp\/v2\/tags?post=450975"}],"curies":[{"name":"wp","href":"https:\/\/api.w.org\/{rel}","templated":true}]}}