{"id":450977,"date":"2025-10-09T21:38:11","date_gmt":"2025-10-09T21:38:11","guid":{"rendered":"https:\/\/www.europesays.com\/fr\/450977\/"},"modified":"2025-10-09T21:38:11","modified_gmt":"2025-10-09T21:38:11","slug":"euroligue-paris-et-monaco-enchainent","status":"publish","type":"post","link":"https:\/\/www.europesays.com\/fr\/450977\/","title":{"rendered":"Euroligue: Paris et Monaco encha\u00eenent"},"content":{"rendered":"<p class=\"mb-4 text-lg md:leading-8 break-words\">Le Paris Basketball, contre la Virtus Bologne (90-79) pour son premier match \u00e0 domicile de la saison toutes comp\u00e9titions confondues, et Monaco, en d\u00e9placement \u00e0 Milan (82-79), l&rsquo;ont emport\u00e9 pour la deuxi\u00e8me fois de suite jeudi lors de la 3e journ\u00e9e d&rsquo;Euroligue.<\/p>\n<p class=\"mb-4 text-lg md:leading-8 break-words\">Les retrouvailles des Parisiens avec l&rsquo;Arena porte de la Chapelle apr\u00e8s le fantastique dernier exercice ont tout juste \u00e9t\u00e9 l\u00e9g\u00e8rement ternies par un probl\u00e8me technique emp\u00eachant la salle d&rsquo;\u00eatre plong\u00e9e dans le noir complet et donc le public, pas totalement au rendez-vous (l&rsquo;\u00e9tage d&rsquo;une tribune lat\u00e9rale \u00e9tait ferm\u00e9), de profiter pleinement des animations pr\u00e9vues pour ce premier match \u00e0 domicile.<\/p>\n<p class=\"mb-4 text-lg md:leading-8 break-words\">Lequel a \u00e9t\u00e9 pr\u00e9c\u00e9d\u00e9 par le d\u00e9voilement des banni\u00e8res des deux titres remport\u00e9s la saison pass\u00e9e (championnat et Coupe de France), d\u00e9sormais s\u00e9par\u00e9es par un nouvel \u00e9cran g\u00e9ant, derri\u00e8re le kop des Parisii, de celles des troph\u00e9es glan\u00e9s en 2024 (Leaders Cup et Eurocoupe).<\/p>\n<p class=\"mb-4 text-lg md:leading-8 break-words\">Mais hormis ce bug technique, aucune fausse note \u00e0 signaler pour les Parisiens qui ont confirm\u00e9 leur victoire contre le Maccabi Tel Aviv \u00e0 Belgrade (101-94).<\/p>\n<p class=\"mb-4 text-lg md:leading-8 break-words\">Accroch\u00e9s lors du premier quart-temps (24-24), ils ont ensuite domin\u00e9 sans trop trembler les Italiens, lanc\u00e9s par Nadir Hifi (10 pts dans le premier quart-temps, 20 au final, plus 6 passes d\u00e9cisives), sup\u00e9rieurs athl\u00e9tiquement et adroits derri\u00e8re l&rsquo;arc dans les moments importants (14\/40).<\/p>\n<p class=\"mb-4 text-lg md:leading-8 break-words\">Ils ont sign\u00e9 une performance collective aboutie, retranscrite par ces 18 passes d\u00e9cisives et une table de marque bien r\u00e9partie (tous les joueurs ont marqu\u00e9, dont quatre au moins 10 pts).<\/p>\n<p class=\"mb-4 text-lg md:leading-8 break-words\">Monaco peut de son c\u00f4t\u00e9 remercier Alpha Diallo, qui a surgi \u00e0 15 secondes de la fin pour enlever, d&rsquo;un contre, \u00e0 Shavon Shields parti seul au panier le lay up permettant \u00e0 Milan de passer devant (80-79).<\/p>\n<p class=\"mb-4 text-lg md:leading-8 break-words\">Derri\u00e8re, Matthew Strazel a r\u00e9ussi ses deux lancers-francs et les Italiens ont manqu\u00e9 leur derni\u00e8re tentative: la \u00ab\u00a0Roca Team\u00a0\u00bb peut souffler apr\u00e8s avoir men\u00e9 quasiment tout le match et compt\u00e9 10 points d&rsquo;avance \u00e0 quatre minutes du buzzer.<\/p>\n<p class=\"mb-4 text-lg md:leading-8 break-words\">Port\u00e9e par Daniel Theis (17 pts et 10 rebonds) et Mike James (18 pts mais 3\/10 \u00e0 longue distance), elle encha\u00eene apr\u00e8s son succ\u00e8s contre Duba\u00ef (103-81) et rebondit apr\u00e8s son lourd revers \u00e0 domicile dimanche en championnat contre Chalon-sur-Sa\u00f4ne (104-96).<\/p>\n<p class=\"mb-4 text-lg md:leading-8 break-words\">nk\/jld<\/p>\n","protected":false},"excerpt":{"rendered":"Le Paris Basketball, contre la Virtus Bologne (90-79) pour son premier match \u00e0 domicile de la saison toutes&hellip;\n","protected":false},"author":2,"featured_media":450978,"comment_status":"","ping_status":"","sticky":false,"template":"","format":"standard","meta":{"footnotes":""},"categories":[1888],"tags":[1111,1928,11,1927,1777,674,1011,27,12,1926,626,2179,1925,48429,25,57675],"class_list":{"0":"post-450977","1":"post","2":"type-post","3":"status-publish","4":"format-standard","5":"has-post-thumbnail","7":"category-paris","8":"tag-actu","9":"tag-actu-paris","10":"tag-actualites","11":"tag-actualites-paris","12":"tag-eu","13":"tag-europe","14":"tag-fr","15":"tag-france","16":"tag-news","17":"tag-news-paris","18":"tag-paris","19":"tag-paris-basketball","20":"tag-paris-news","21":"tag-porte-de-la-chapelle","22":"tag-republique-francaise","23":"tag-virtus-bologna"},"share_on_mastodon":{"url":"https:\/\/pubeurope.com\/@fr\/115346375067721552","error":""},"_links":{"self":[{"href":"https:\/\/www.europesays.com\/fr\/wp-json\/wp\/v2\/posts\/450977","targetHints":{"allow":["GET"]}}],"collection":[{"href":"https:\/\/www.europesays.com\/fr\/wp-json\/wp\/v2\/posts"}],"about":[{"href":"https:\/\/www.europesays.com\/fr\/wp-json\/wp\/v2\/types\/post"}],"author":[{"embeddable":true,"href":"https:\/\/www.europesays.com\/fr\/wp-json\/wp\/v2\/users\/2"}],"replies":[{"embeddable":true,"href":"https:\/\/www.europesays.com\/fr\/wp-json\/wp\/v2\/comments?post=450977"}],"version-history":[{"count":0,"href":"https:\/\/www.europesays.com\/fr\/wp-json\/wp\/v2\/posts\/450977\/revisions"}],"wp:featuredmedia":[{"embeddable":true,"href":"https:\/\/www.europesays.com\/fr\/wp-json\/wp\/v2\/media\/450978"}],"wp:attachment":[{"href":"https:\/\/www.europesays.com\/fr\/wp-json\/wp\/v2\/media?parent=450977"}],"wp:term":[{"taxonomy":"category","embeddable":true,"href":"https:\/\/www.europesays.com\/fr\/wp-json\/wp\/v2\/categories?post=450977"},{"taxonomy":"post_tag","embeddable":true,"href":"https:\/\/www.europesays.com\/fr\/wp-json\/wp\/v2\/tags?post=450977"}],"curies":[{"name":"wp","href":"https:\/\/api.w.org\/{rel}","templated":true}]}}