{"id":450981,"date":"2025-10-09T21:40:18","date_gmt":"2025-10-09T21:40:18","guid":{"rendered":"https:\/\/www.europesays.com\/fr\/450981\/"},"modified":"2025-10-09T21:40:18","modified_gmt":"2025-10-09T21:40:18","slug":"paris-et-monaco-enchainent-lasvel-trebuche","status":"publish","type":"post","link":"https:\/\/www.europesays.com\/fr\/450981\/","title":{"rendered":"Paris et Monaco encha\u00eenent, l\u2019Asvel tr\u00e9buche"},"content":{"rendered":"<p>Le Paris Basketball, contre la Virtus Bologne (90-79) pour son premier match \u00e0 domicile de la saison toutes comp\u00e9titions confondues, et Monaco, en d\u00e9placement \u00e0 Milan (82-79), l&rsquo;ont emport\u00e9 pour la deuxi\u00e8me fois de suite jeudi lors de la 3e\u00a0journ\u00e9e d\u2019Euroligue.<\/p>\n<p>Les retrouvailles des Parisiens avec l\u2019Arena porte de la Chapelle ont ainsi \u00e9t\u00e9 couronn\u00e9es de succ\u00e8s, sans aucune fausse note \u00e0 signaler pour les joueurs de la capitale, qui ont confirm\u00e9 leur victoire contre le Maccabi Tel Aviv \u00e0 Belgrade (101-94).<\/p>\n<p>Accroch\u00e9s lors du premier quart-temps (24-24), ils ont ensuite domin\u00e9 sans trop trembler les Italiens, lanc\u00e9s par Nadir Hifi (10\u00a0pt dans le premier quart, 20 au final, 6 passes d\u00e9cisives), sup\u00e9rieurs athl\u00e9tiquement et adroits derri\u00e8re l\u2019arc dans les moments importants (14\/40).<\/p>\n<p>Ils ont sign\u00e9 une performance collective aboutie, retranscrite par ces 18 passes d\u00e9cisives et une marque bien r\u00e9partie (tous les joueurs ont marqu\u00e9, dont quatre au moins 10\u00a0pt).<\/p>\n<p>Le contre d\u00e9cisif d\u2019Alpha Diallo<\/p>\n<p>Monaco peut de son c\u00f4t\u00e9 remercier Alpha Diallo, qui a surgi \u00e0 15 secondes de la fin pour contrer Shavon Shields, parti seul au panier pour tenter d\u2019inscrire un lay up qui aurait permis \u00e0 Milan de passer devant (80-79).<\/p>\n<p>Derri\u00e8re, Matthew Strazel a r\u00e9ussi ses deux lancers francs et les Italiens ont manqu\u00e9 leur derni\u00e8re tentative. La Roca Team pouvait donc souffler, apr\u00e8s avoir men\u00e9 quasiment tout le match et compt\u00e9 dix points d\u2019avance \u00e0 quatre minutes du buzzer.<\/p>\n<p>Port\u00e9e par Daniel Theis (17\u00a0pt et 10 rebonds) et Mike James (18\u00a0pt, mais 3\/10 \u00e0 longue distance), elle encha\u00eene apr\u00e8s son succ\u00e8s contre Duba\u00ef (103-81) et rebondit apr\u00e8s son lourd revers \u00e0 domicile dimanche en championnat contre Chalon-sur-Sa\u00f4ne (104-96).<\/p>\n<p>En revanche, soir\u00e9e plus difficile pour l\u2019Asvel, qui apr\u00e8s avoir triomph\u00e9 de Baskonia, s\u2019est cette fois inclin\u00e9e au Real Madrid (85-72), malgr\u00e9 les 16 points inscrits par Edwin Jackson.<\/p>\n","protected":false},"excerpt":{"rendered":"Le Paris Basketball, contre la Virtus Bologne (90-79) pour son premier match \u00e0 domicile de la saison toutes&hellip;\n","protected":false},"author":2,"featured_media":450982,"comment_status":"","ping_status":"","sticky":false,"template":"","format":"standard","meta":{"footnotes":""},"categories":[1888],"tags":[11,1465,1777,2183,674,1011,27,74,12,626,25,60],"class_list":{"0":"post-450981","1":"post","2":"type-post","3":"status-publish","4":"format-standard","5":"has-post-thumbnail","7":"category-paris","8":"tag-actualites","9":"tag-basket","10":"tag-eu","11":"tag-euroligue","12":"tag-europe","13":"tag-fr","14":"tag-france","15":"tag-monde","16":"tag-news","17":"tag-paris","18":"tag-republique-francaise","19":"tag-sports"},"share_on_mastodon":{"url":"https:\/\/pubeurope.com\/@fr\/115346382762874433","error":""},"_links":{"self":[{"href":"https:\/\/www.europesays.com\/fr\/wp-json\/wp\/v2\/posts\/450981","targetHints":{"allow":["GET"]}}],"collection":[{"href":"https:\/\/www.europesays.com\/fr\/wp-json\/wp\/v2\/posts"}],"about":[{"href":"https:\/\/www.europesays.com\/fr\/wp-json\/wp\/v2\/types\/post"}],"author":[{"embeddable":true,"href":"https:\/\/www.europesays.com\/fr\/wp-json\/wp\/v2\/users\/2"}],"replies":[{"embeddable":true,"href":"https:\/\/www.europesays.com\/fr\/wp-json\/wp\/v2\/comments?post=450981"}],"version-history":[{"count":0,"href":"https:\/\/www.europesays.com\/fr\/wp-json\/wp\/v2\/posts\/450981\/revisions"}],"wp:featuredmedia":[{"embeddable":true,"href":"https:\/\/www.europesays.com\/fr\/wp-json\/wp\/v2\/media\/450982"}],"wp:attachment":[{"href":"https:\/\/www.europesays.com\/fr\/wp-json\/wp\/v2\/media?parent=450981"}],"wp:term":[{"taxonomy":"category","embeddable":true,"href":"https:\/\/www.europesays.com\/fr\/wp-json\/wp\/v2\/categories?post=450981"},{"taxonomy":"post_tag","embeddable":true,"href":"https:\/\/www.europesays.com\/fr\/wp-json\/wp\/v2\/tags?post=450981"}],"curies":[{"name":"wp","href":"https:\/\/api.w.org\/{rel}","templated":true}]}}