{"id":450983,"date":"2025-10-09T21:41:10","date_gmt":"2025-10-09T21:41:10","guid":{"rendered":"https:\/\/www.europesays.com\/fr\/450983\/"},"modified":"2025-10-09T21:41:10","modified_gmt":"2025-10-09T21:41:10","slug":"la-moldavie-en-proie-a-la-guerre-dinfluence-russe","status":"publish","type":"post","link":"https:\/\/www.europesays.com\/fr\/450983\/","title":{"rendered":"La Moldavie en proie \u00e0 la guerre d\u2019influence russe"},"content":{"rendered":"<p>\n                                                La Moldavie a choisi de maintenir un cap europ\u00e9en. Lors des \u00e9lections l\u00e9gislatives du 28 septembre, le parti au pouvoir, le PAS, qui milite pour une adh\u00e9sion \u00e0 l\u2019Union europ\u00e9enne, a remport\u00e9 la majorit\u00e9 des si\u00e8ges au Parlement. Le scrutin et la campagne \u00e9lectorale ont \u00e9t\u00e9 tendus, marqu\u00e9s par des ing\u00e9rences russes sans pr\u00e9c\u00e9dent.\u00a0La Moldavie, petit pays de 2,4 millions d\u2019habitants, consid\u00e9r\u00e9 comme le plus pauvre d\u2019Europe attise les convoitises de Moscou.                    <\/p>\n<p>Coinc\u00e9 entre la Roumanie et l\u2019Ukraine, elle occupe une place strat\u00e9gique. Ancienne R\u00e9publique sovi\u00e9tique, c\u2019est une zone tampon entre l\u2019Ouest et l\u2019Est, un levier pour la Russie, dans sa confrontation avec l\u2019Union europ\u00e9enne.<\/p>\n<p><strong>\u00abLa Moldavie en proie \u00e0 la guerre d\u2019influence russe\u00bb, un Grand reportage de Murielle Paradon.<\/strong><\/p>\n","protected":false},"excerpt":{"rendered":"La Moldavie a choisi de maintenir un cap europ\u00e9en. Lors des \u00e9lections l\u00e9gislatives du 28 septembre, le parti&hellip;\n","protected":false},"author":2,"featured_media":450984,"comment_status":"","ping_status":"","sticky":false,"template":"","format":"standard","meta":{"footnotes":""},"categories":[1591],"tags":[11,674,1887,2494,11095,12,1885,1886,132],"class_list":{"0":"post-450983","1":"post","2":"type-post","3":"status-publish","4":"format-standard","5":"has-post-thumbnail","7":"category-russie","8":"tag-actualites","9":"tag-europe","10":"tag-federation-de-russie","11":"tag-grand-reportage","12":"tag-moldavie","13":"tag-news","14":"tag-russia","15":"tag-russian-federation","16":"tag-russie"},"share_on_mastodon":{"url":"https:\/\/pubeurope.com\/@fr\/115346386730324424","error":""},"_links":{"self":[{"href":"https:\/\/www.europesays.com\/fr\/wp-json\/wp\/v2\/posts\/450983","targetHints":{"allow":["GET"]}}],"collection":[{"href":"https:\/\/www.europesays.com\/fr\/wp-json\/wp\/v2\/posts"}],"about":[{"href":"https:\/\/www.europesays.com\/fr\/wp-json\/wp\/v2\/types\/post"}],"author":[{"embeddable":true,"href":"https:\/\/www.europesays.com\/fr\/wp-json\/wp\/v2\/users\/2"}],"replies":[{"embeddable":true,"href":"https:\/\/www.europesays.com\/fr\/wp-json\/wp\/v2\/comments?post=450983"}],"version-history":[{"count":0,"href":"https:\/\/www.europesays.com\/fr\/wp-json\/wp\/v2\/posts\/450983\/revisions"}],"wp:featuredmedia":[{"embeddable":true,"href":"https:\/\/www.europesays.com\/fr\/wp-json\/wp\/v2\/media\/450984"}],"wp:attachment":[{"href":"https:\/\/www.europesays.com\/fr\/wp-json\/wp\/v2\/media?parent=450983"}],"wp:term":[{"taxonomy":"category","embeddable":true,"href":"https:\/\/www.europesays.com\/fr\/wp-json\/wp\/v2\/categories?post=450983"},{"taxonomy":"post_tag","embeddable":true,"href":"https:\/\/www.europesays.com\/fr\/wp-json\/wp\/v2\/tags?post=450983"}],"curies":[{"name":"wp","href":"https:\/\/api.w.org\/{rel}","templated":true}]}}