{"id":450989,"date":"2025-10-09T21:44:13","date_gmt":"2025-10-09T21:44:13","guid":{"rendered":"https:\/\/www.europesays.com\/fr\/450989\/"},"modified":"2025-10-09T21:44:13","modified_gmt":"2025-10-09T21:44:13","slug":"lancien-premier-ministre-britannique-rishi-sunak-recrute-par-microsoft-et-anthropic","status":"publish","type":"post","link":"https:\/\/www.europesays.com\/fr\/450989\/","title":{"rendered":"L\u2019ancien Premier ministre britannique Rishi Sunak recrut\u00e9 par Microsoft et Anthropic"},"content":{"rendered":"<p class=\"paragraph text_align_left lp-f-body-02\">Des arcanes du pouvoir \u00e0 celles de l\u2019IA. L\u2019ex-Premier ministre conservateur britannique <a href=\"https:\/\/www.leparisien.fr\/societe\/royaume-uni-le-premier-ministre-rishi-sunak-raconte-sa-douloureuse-experience-du-racisme-01-07-2023-CSCZJKG75VH4TNAKZ44BD5LXTQ.php\" target=\"_self\" rel=\"noopener\">Rishi Sunak<\/a>, qui a quitt\u00e9 le pouvoir en juillet 2024, va conseiller le g\u00e9ant de la tech <a href=\"https:\/\/www.leparisien.fr\/economie\/amazon-apple-microsoft-profits-records-pour-les-geants-americains-de-la-tech-01-08-2025-CTRBRUXO4BGNVETBR6NZXNW3PM.php\" target=\"_self\" rel=\"noopener\">Microsoft<\/a> et la start-up d\u2019<a href=\"https:\/\/www.leparisien.fr\/high-tech\/intelligence-artificielle\/\" target=\"_self\" rel=\"noopener\">intelligence artificielle<\/a> <a href=\"https:\/\/www.leparisien.fr\/high-tech\/violation-des-droits-dauteur-anthropic-a-accepte-de-verser-15-milliard-de-dollars-05-09-2025-P5R6J7H7IJGL7K2SOLSZP4FMAA.php\" target=\"_self\" rel=\"noopener\">Anthropic<\/a>, selon un document publi\u00e9 par l\u2019instance charg\u00e9e de contr\u00f4ler les risques de conflits d\u2019int\u00e9r\u00eats des \u00e9lus.<\/p>\n<p class=\"paragraph text_align_left lp-f-body-02\">Sa mission aupr\u00e8s de Microsoft va consister \u00e0 \u00ab fournir des perspectives strat\u00e9giques de haut niveau sur les tendances macro\u00e9conomiques et g\u00e9opolitiques et leurs interactions avec les technologies et la soci\u00e9t\u00e9 \u00bb, indique l\u2019Acoba (Advisory Committee on Business Appointments), dans son avis publi\u00e9 jeudi.<\/p>\n<p class=\"paragraph text_align_left lp-f-body-02\">Rishi Sunak, qui a fait fortune dans la finance avant de se lancer en politique, interviendra aussi lors du \u00ab sommet annuel \u00bb du groupe am\u00e9ricain. En revanche, pendant une p\u00e9riode de deux ans apr\u00e8s son d\u00e9part de Downing Street, il lui est interdit de mener des activit\u00e9s de lobbying aupr\u00e8s du gouvernement britannique.<\/p>\n<p>Conseiller chez Goldman Sachs<\/p>\n<p class=\"paragraph text_align_left lp-f-body-02\">Les m\u00eames conditions s\u2019imposent \u00e0 lui en lien avec son recrutement comme \u00ab conseiller senior \u00bb de la start-up d\u2019IA am\u00e9ricaine Anthropic, selon un autre avis publi\u00e9 jeudi par l\u2019Acoba.<\/p>\n<p class=\"paragraph text_align_left lp-f-body-02\">D\u00e9put\u00e9 du Yorkshire depuis 2015, Rishi Sunak avait \u00e9t\u00e9 d\u00e9sign\u00e9 en octobre 2022 pour diriger le parti conservateur britannique et succ\u00e9der \u00e0 Liz Truss \u00e0 Downing Street.<\/p>\n<p class=\"paragraph text_align_left lp-f-body-02\">Plus jeune Premier ministre britannique depuis 200 ans et <a href=\"https:\/\/www.leparisien.fr\/international\/rishi-sunak-nomme-premier-ministre-une-nouvelle-etape-pour-les-minorites-au-royaume-uni-25-10-2022-PQXTAMXETNH4XMUDYX7LYKL47A.php\" target=\"_self\" rel=\"noopener\">premier chef de gouvernement d\u2019origine indienne<\/a>, il \u00e9tait parvenu \u00e0 ramener un peu de stabilit\u00e9 apr\u00e8s <a href=\"https:\/\/www.leparisien.fr\/international\/une-veritable-nuisance-boris-johnson-se-paie-emmanuel-macron-dans-des-memoires-surrealistes-08-10-2024-ISJL44KMSZC3VKA5TCKD4CAMG4.php\" target=\"_self\" rel=\"noopener\">le chaos de l\u2019\u00e8re Boris Johnson<\/a>. Mais il n\u2019a jamais \u00e9t\u00e9 populaire et n\u2019a pu \u00e9viter la d\u00e9faite historique des conservateurs aux \u00e9lections l\u00e9gislatives qui ont port\u00e9 en 2024 <a href=\"https:\/\/www.leparisien.fr\/international\/legislatives-au-royaume-uni-keir-starmer-le-monsieur-ennuyeux-qui-a-revolutionne-la-gauche-britannique-04-07-2024-LLQHNO4VHVDDBLFMK7JWDJQM5E.php\" target=\"_self\" rel=\"noopener\">le travailliste Keir Starmer<\/a> \u00e0 Downing Street.<\/p>\n<p class=\"paragraph text_align_left lp-f-body-02\">En juillet dernier, il a aussi rejoint la banque Goldman Sachs comme conseiller.<\/p>\n","protected":false},"excerpt":{"rendered":"Des arcanes du pouvoir \u00e0 celles de l\u2019IA. L\u2019ex-Premier ministre conservateur britannique Rishi Sunak, qui a quitt\u00e9 le&hellip;\n","protected":false},"author":2,"featured_media":450990,"comment_status":"","ping_status":"","sticky":false,"template":"","format":"standard","meta":{"footnotes":""},"categories":[1588],"tags":[11,1777,674,3746,14,12,473,1853,1851,1850,1852],"class_list":{"0":"post-450989","1":"post","2":"type-post","3":"status-publish","4":"format-standard","5":"has-post-thumbnail","7":"category-royaume-uni","8":"tag-actualites","9":"tag-eu","10":"tag-europe","11":"tag-futurs","12":"tag-international","13":"tag-news","14":"tag-royaume-uni","15":"tag-royaume-uni-de-grande-bretagne-et-dirlande-du-nord","16":"tag-uk","17":"tag-united-kingdom","18":"tag-united-kingdom-of-great-britain-and-northern-ireland"},"share_on_mastodon":{"url":"https:\/\/pubeurope.com\/@fr\/115346398650005882","error":""},"_links":{"self":[{"href":"https:\/\/www.europesays.com\/fr\/wp-json\/wp\/v2\/posts\/450989","targetHints":{"allow":["GET"]}}],"collection":[{"href":"https:\/\/www.europesays.com\/fr\/wp-json\/wp\/v2\/posts"}],"about":[{"href":"https:\/\/www.europesays.com\/fr\/wp-json\/wp\/v2\/types\/post"}],"author":[{"embeddable":true,"href":"https:\/\/www.europesays.com\/fr\/wp-json\/wp\/v2\/users\/2"}],"replies":[{"embeddable":true,"href":"https:\/\/www.europesays.com\/fr\/wp-json\/wp\/v2\/comments?post=450989"}],"version-history":[{"count":0,"href":"https:\/\/www.europesays.com\/fr\/wp-json\/wp\/v2\/posts\/450989\/revisions"}],"wp:featuredmedia":[{"embeddable":true,"href":"https:\/\/www.europesays.com\/fr\/wp-json\/wp\/v2\/media\/450990"}],"wp:attachment":[{"href":"https:\/\/www.europesays.com\/fr\/wp-json\/wp\/v2\/media?parent=450989"}],"wp:term":[{"taxonomy":"category","embeddable":true,"href":"https:\/\/www.europesays.com\/fr\/wp-json\/wp\/v2\/categories?post=450989"},{"taxonomy":"post_tag","embeddable":true,"href":"https:\/\/www.europesays.com\/fr\/wp-json\/wp\/v2\/tags?post=450989"}],"curies":[{"name":"wp","href":"https:\/\/api.w.org\/{rel}","templated":true}]}}