{"id":450991,"date":"2025-10-09T21:45:17","date_gmt":"2025-10-09T21:45:17","guid":{"rendered":"https:\/\/www.europesays.com\/fr\/450991\/"},"modified":"2025-10-09T21:45:17","modified_gmt":"2025-10-09T21:45:17","slug":"lallemagne-soppose-au-projet-de-lue-visant-a-lutter-contre-la-diffusion-de-contenus-pedopornographiques-2","status":"publish","type":"post","link":"https:\/\/www.europesays.com\/fr\/450991\/","title":{"rendered":"L&rsquo;Allemagne s&rsquo;oppose au projet de l&rsquo;UE visant \u00e0 lutter contre la diffusion de contenus p\u00e9dopornographiques"},"content":{"rendered":"<p>\n         Publi\u00e9 le<br \/>\n            09\/10\/2025 &#8211; 17:29 UTC+2\n            <\/p>\n<p>          <img decoding=\"async\" class=\"c-ad__placeholder__logo\" src=\"https:\/\/static.euronews.com\/website\/images\/logos\/logo-euronews-stacked-outlined-72x72-grey-9.svg\" width=\"72\" height=\"72\" alt=\"\" loading=\"lazy\"\/><br \/>\n          PUBLICIT\u00c9<\/p>\n<p>Les pays de l&rsquo;UE ne sont pas parvenus \u00e0 s&rsquo;entendre sur des mesures visant \u00e0 lutter contre la diffusion de mat\u00e9riel p\u00e9dopornographique en ligne.<\/p>\n<p>Le \u00ab\u00a0non\u00a0\u00bb de l&rsquo;Allemagne \u00e0 la derni\u00e8re proposition lors d&rsquo;une discussion entre les \u00c9tats membres mercredi a \u00e9t\u00e9 d\u00e9cisif pour la retirer de l&rsquo;ordre du jour de la r\u00e9union des ministres de la Justice de l&rsquo;UE qui se tiendra la semaine prochaine.<\/p>\n<p>En quoi consiste le projet ?<\/p>\n<p>L&rsquo;un des points les plus controvers\u00e9s &#8211; qui oblige les services de messagerie tels que WhatsApp, Telegram et Signal \u00e0 analyser les messages et \u00e0 v\u00e9rifier la pr\u00e9sence d&rsquo;images, de vid\u00e9os et de liens susceptibles de contenir des contenus p\u00e9dopornographiques &#8211; reste le principal point d&rsquo;achoppement.<\/p>\n<p>En 2022, la Commission europ\u00e9enne a pr\u00e9sent\u00e9 son plan &#8211; baptis\u00e9 CSAM &#8211; pour lutter contre la diffusion en ligne de contenus p\u00e9dopornographiques. Les <a href=\"https:\/\/home-affairs.ec.europa.eu\/policies\/internal-security\/protecting-children-sexual-abuse_en\" target=\"_blank\" rel=\"noreferrer nofollow noopener\"><strong>donn\u00e9es de l&rsquo;ex\u00e9cutif<\/strong><\/a> sugg\u00e8rent que pour la seule ann\u00e9e 2023, 1,3 million de cas d&rsquo;abus sexuels sur des enfants ont \u00e9t\u00e9 signal\u00e9s dans l&rsquo;UE, dont plus de 3,4 millions d&rsquo;images et de vid\u00e9os.<\/p>\n<p>Selon Bruxelles, les m\u00e9thodes de d\u00e9tection volontaire des entreprises num\u00e9riques ne sont pas suffisantes et, en outre, les fournisseurs de services sont soumis \u00e0 des r\u00e8gles diff\u00e9rentes d&rsquo;un pays \u00e0 l&rsquo;autre.<\/p>\n<p>Le Parlement europ\u00e9en a d\u00e9j\u00e0 vot\u00e9 en faveur de <a href=\"https:\/\/fr.euronews.com\/my-europe\/2025\/06\/17\/le-parlement-europeen-criminalise-les-images-dabus-sexuels-sur-les-enfants-generees-par-li\" rel=\"nofollow noopener\" target=\"_blank\"><strong>changements majeurs<\/strong><\/a> qui r\u00e9duiraient les parties les plus ambitieuses du projet. Fin 2023, la commission des Libert\u00e9s civiles a adopt\u00e9 une position qui rejette le balayage g\u00e9n\u00e9ralis\u00e9 des contenus et cherche explicitement \u00e0 prot\u00e9ger le chiffrement des messages de bout en bout.<\/p>\n<p>Du c\u00f4t\u00e9 des \u00c9tats membres, les gouvernements ont eux aussi exprim\u00e9 des inqui\u00e9tudes quant \u00e0 la protection des droits fondamentaux, de la vie priv\u00e9e et de la cybers\u00e9curit\u00e9.<\/p>\n<p><strong>Scanner les messages crypt\u00e9s de bout en bout<\/strong><\/p>\n<p>Le texte actuellement sur la table des n\u00e9gociations autoriserait l&rsquo;analyse des messages texte pour v\u00e9rifier s&rsquo;ils diffusent des contenus p\u00e9dopornographiques, par l&rsquo;interm\u00e9diaire de services de messages crypt\u00e9s de bout en bout.<\/p>\n<p>Les <a href=\"https:\/\/www.patrick-breyer.de\/wp-content\/uploads\/2025\/09\/LEWP-Meeting_12-September-2025.pdf\" target=\"_blank\" rel=\"noreferrer nofollow noopener\"><strong>pays favorables au projet actuel<\/strong><\/a> sont la Bulgarie, le Danemark, la France, la Hongrie et l&rsquo;Irlande. En revanche, l&rsquo;Autriche, la Finlande, la Pologne, l&rsquo;Allemagne et les Pays-Bas figurent parmi les opposants.<\/p>\n<p>Dans <a href=\"https:\/\/eur03.safelinks.protection.outlook.com\/?url=https%3A%2F%2Fwww.bmjv.de%2FSharedDocs%2FZitate%2FDE%2F2025%2F1008_Chatkontrolle.html&amp;data=05%7C02%7Ccynthia.kroet%40euronews.com%7C0f50b96e744045a8702608de07202871%7Ce59fa28a32ed49aca5a09c46118cfecf%7C0%7C0%7C638956031866765150%7CUnknown%7CTWFpbGZsb3d8eyJFbXB0eU1hcGkiOnRydWUsIlYiOiIwLjAuMDAwMCIsIlAiOiJXaW4zMiIsIkFOIjoiTWFpbCIsIldUIjoyfQ%3D%3D%7C0%7C%7C%7C&amp;sdata=qwa7l2rV7J8N0Yd9dHQkip5pUX6KmpyYxBYNmotfjeo%3D&amp;reserved=0\" target=\"_blank\" rel=\"noreferrer nofollow noopener\"><strong>une d\u00e9claration faite mercredi<\/strong><\/a>, la ministre allemande de la Justice et de la Protection des consommateurs, Stefanie Hubig, a affirm\u00e9 que le contr\u00f4le des chats \u00ab\u00a0doit \u00eatre un tabou dans un \u00c9tat de droit\u00a0\u00bb.<\/p>\n<p>\u00ab\u00a0Les communications priv\u00e9es ne doivent jamais faire l&rsquo;objet d&rsquo;une suspicion g\u00e9n\u00e9rale\u00a0\u00bb, a-t-elle d\u00e9clar\u00e9, ajoutant que \u00ab\u00a0l&rsquo;\u00c9tat ne doit pas non plus obliger les messagers \u00e0 analyser en masse les messages pour y d\u00e9celer des contenus suspects avant de les envoyer\u00a0\u00bb.<\/p>\n<p>Dans une lettre adress\u00e9e au Parlement fin septembre, le gouvernement n\u00e9erlandais avait \u00e9galement d\u00e9clar\u00e9 que la proposition actuelle ne r\u00e9pondait pas \u00e0 ses pr\u00e9occupations concernant la protection des droits fondamentaux en jeu, \u00ab\u00a0en particulier dans les domaines de la vie priv\u00e9e et de la confidentialit\u00e9 de la correspondance et des t\u00e9l\u00e9communications, ainsi que de la s\u00e9curit\u00e9 du domaine num\u00e9rique\u00a0\u00bb.<\/p>\n<p>Des logiciels espions \u00ab\u00a0sur des millions d&rsquo;appareils\u00a0\u00bb<\/p>\n<p>Les groupes de d\u00e9fense de la vie priv\u00e9e ont d\u00e9j\u00e0 mis en garde contre ces mesures, notamment European Digital Rights (EDRI), qui <a href=\"https:\/\/eur03.safelinks.protection.outlook.com\/?url=https%3A%2F%2Fedri.org%2Four-work%2Fchat-control-what-is-actually-going-on%2F&amp;data=05%7C02%7Ccynthia.kroet%40euronews.com%7C0f50b96e744045a8702608de07202871%7Ce59fa28a32ed49aca5a09c46118cfecf%7C0%7C0%7C638956031866782192%7CUnknown%7CTWFpbGZsb3d8eyJFbXB0eU1hcGkiOnRydWUsIlYiOiIwLjAuMDAwMCIsIlAiOiJXaW4zMiIsIkFOIjoiTWFpbCIsIldUIjoyfQ%3D%3D%7C0%7C%7C%7C&amp;sdata=vyrop%2BK82poxyjlpX2qtZDERihAwu236VCJ8emLdbOE%3D&amp;reserved=0\" target=\"_blank\" rel=\"noreferrer nofollow noopener\"><strong>a d\u00e9clar\u00e9<\/strong><\/a> que cette mesure impliquerait de \u00ab\u00a0d\u00e9ployer des logiciels espions personnalis\u00e9s sur des millions d&rsquo;appareils\u00a0\u00bb.<\/p>\n<p>Le Danemark, qui pr\u00e9side jusqu&rsquo;\u00e0 la fin de l&rsquo;ann\u00e9e les r\u00e9unions tournantes des ministres de l&rsquo;UE, pourrait d\u00e9sormais pr\u00e9senter une proposition r\u00e9vis\u00e9e.<\/p>\n<p>En l&rsquo;absence d&rsquo;accord, des r\u00e8gles temporaires issues de la directive \u00ab\u00a0vie priv\u00e9e et communications \u00e9lectroniques\u00a0\u00bb resteront en place. <\/p>\n<p>Celles-ci permettent aux fournisseurs de services de messagerie en ligne d&rsquo;utiliser volontairement des technologies sp\u00e9cifiques pour d\u00e9tecter et supprimer les contenus illicites. Les eurod\u00e9put\u00e9s et les gouvernements de l&rsquo;UE ont accept\u00e9 l&rsquo;ann\u00e9e derni\u00e8re de <a href=\"https:\/\/www.europarl.europa.eu\/news\/en\/press-room\/20240408IPR20311\/child-sexual-abuse-online-current-rules-extended-until-april-2026\" target=\"_blank\" rel=\"noreferrer nofollow noopener\"><strong>prolonger ces mesures<\/strong><\/a> jusqu&rsquo;au 3 avril 2026.<\/p>\n","protected":false},"excerpt":{"rendered":"Publi\u00e9 le 09\/10\/2025 &#8211; 17:29 UTC+2 PUBLICIT\u00c9 Les pays de l&rsquo;UE ne sont pas parvenus \u00e0 s&rsquo;entendre sur&hellip;\n","protected":false},"author":2,"featured_media":450992,"comment_status":"","ping_status":"","sticky":false,"template":"","format":"standard","meta":{"footnotes":""},"categories":[1587],"tags":[11,672,1804,1805,1803,1777,674,1801,12,1974,32329,3886,1802,250],"class_list":{"0":"post-450991","1":"post","2":"type-post","3":"status-publish","4":"format-standard","5":"has-post-thumbnail","7":"category-allemagne","8":"tag-actualites","9":"tag-allemagne","10":"tag-bundesrepublik-deutschland","11":"tag-de","12":"tag-deutschland","13":"tag-eu","14":"tag-europe","15":"tag-germany","16":"tag-news","17":"tag-pedocriminalite","18":"tag-pedopornographie","19":"tag-politique-de-lue","20":"tag-republique-federale-dallemagne","21":"tag-whatsapp"},"share_on_mastodon":{"url":"https:\/\/pubeurope.com\/@fr\/115346402974883317","error":""},"_links":{"self":[{"href":"https:\/\/www.europesays.com\/fr\/wp-json\/wp\/v2\/posts\/450991","targetHints":{"allow":["GET"]}}],"collection":[{"href":"https:\/\/www.europesays.com\/fr\/wp-json\/wp\/v2\/posts"}],"about":[{"href":"https:\/\/www.europesays.com\/fr\/wp-json\/wp\/v2\/types\/post"}],"author":[{"embeddable":true,"href":"https:\/\/www.europesays.com\/fr\/wp-json\/wp\/v2\/users\/2"}],"replies":[{"embeddable":true,"href":"https:\/\/www.europesays.com\/fr\/wp-json\/wp\/v2\/comments?post=450991"}],"version-history":[{"count":0,"href":"https:\/\/www.europesays.com\/fr\/wp-json\/wp\/v2\/posts\/450991\/revisions"}],"wp:featuredmedia":[{"embeddable":true,"href":"https:\/\/www.europesays.com\/fr\/wp-json\/wp\/v2\/media\/450992"}],"wp:attachment":[{"href":"https:\/\/www.europesays.com\/fr\/wp-json\/wp\/v2\/media?parent=450991"}],"wp:term":[{"taxonomy":"category","embeddable":true,"href":"https:\/\/www.europesays.com\/fr\/wp-json\/wp\/v2\/categories?post=450991"},{"taxonomy":"post_tag","embeddable":true,"href":"https:\/\/www.europesays.com\/fr\/wp-json\/wp\/v2\/tags?post=450991"}],"curies":[{"name":"wp","href":"https:\/\/api.w.org\/{rel}","templated":true}]}}