{"id":450995,"date":"2025-10-09T21:47:11","date_gmt":"2025-10-09T21:47:11","guid":{"rendered":"https:\/\/www.europesays.com\/fr\/450995\/"},"modified":"2025-10-09T21:47:11","modified_gmt":"2025-10-09T21:47:11","slug":"les-eveques-europeens-demandent-un-envoye-special-de-lue-pour-la-liberte-religieuse-zenit","status":"publish","type":"post","link":"https:\/\/www.europesays.com\/fr\/450995\/","title":{"rendered":"Les \u00e9v\u00eaques europ\u00e9ens demandent un envoy\u00e9 sp\u00e9cial de l\u2019UE pour la libert\u00e9 religieuse &#8211; ZENIT"},"content":{"rendered":"<p>                    <a href=\"#\" rel=\"nofollow\" onclick=\"window.print(); return false;\" title=\"Printer Friendly, PDF &amp; Email\"><br \/>\n                    <img decoding=\"async\" class=\"pf-button-img\" src=\"https:\/\/www.europesays.com\/fr\/wp-content\/uploads\/2025\/04\/printfriendly-pdf-button.png\" alt=\"Print Friendly, PDF &amp; Email\" style=\"width: 112px;height: 24px;\"\/><br \/>\n                    <\/a><br \/>\n                Lettre \u00e0 la pr\u00e9sidente de la Commission europ\u00e9enne<\/p>\n<p>Les \u00e9v\u00eaques de l\u2019Union europ\u00e9enne ont conclu leur Assembl\u00e9e d\u2019automne, tenue \u00e0 Bruxelles du 1er au 3 octobre 2025, par une lettre adress\u00e9e \u00e0 la pr\u00e9sidente de la Commission europ\u00e9enne, Ursula von der Leyen, plaidant pour la r\u00e9instauration d\u2019un envoy\u00e9 sp\u00e9cial de l\u2019UE pour la libert\u00e9 de religion ou de conviction en dehors de l\u2019Union europ\u00e9enne. Dans leur lettre, les \u00e9v\u00eaques de la COMECE ont exhort\u00e9 la pr\u00e9sidente von der Leyen \u00e0 nommer cet envoy\u00e9 sp\u00e9cial. Un an apr\u00e8s le d\u00e9but du mandat de la Commission von der Leyen II, la COMECE note que cette fonction cl\u00e9, consid\u00e9r\u00e9e cruciale pour la protection et la promotion de la libert\u00e9 religieuse sur la sc\u00e8ne mondiale, est toujours vacante. Pour les \u00e9v\u00eaques, cette nomination est essentielle dans le contexte actuel, marqu\u00e9 par la mont\u00e9e de la discrimination religieuse et de la pers\u00e9cution des individus, des minorit\u00e9s religieuses et des communaut\u00e9s de foi \u2013 dont la majorit\u00e9 sont des chr\u00e9tiens \u2013 dans de nombreux pays.<\/p>\n<p>Mandat et ressources pour l\u2019envoy\u00e9 sp\u00e9cial<\/p>\n<p>Dans leur lettre, les \u00e9v\u00eaques de la COMECE insistent sur le fait que, outre la nomination du nouvel envoy\u00e9 sp\u00e9cial, le poste doit \u00eatre dot\u00e9 \u00ab sans d\u00e9lai \u00bb d\u2019un mandat solide et de ressources humaines et financi\u00e8res suffisantes pour assurer l\u2019efficacit\u00e9 de sa mission.<\/p>\n<p>Crises internationales et appel \u00e0 la paix<\/p>\n<p>\u00c0 la suite des r\u00e9flexions sur les conflits dans les r\u00e9gions voisines de l\u2019UE, le pr\u00e9sident de la COMECE, Mgr Mariano Crociata, a publi\u00e9 une note le vendredi 3 octobre. Il y exprime sa profonde inqui\u00e9tude et sa tristesse face \u00e0 la situation dans la bande de Gaza, ainsi que dans d\u2019autres crises en Terre Sainte, en Ukraine et au Soudan. Concernant la crise humanitaire \u00e0 Gaza, Mgr Crociata rejoint les nombreux appels du pape L\u00e9on XIV et exhorte la communaut\u00e9 internationale, en commen\u00e7ant par l\u2019Union europ\u00e9enne, \u00ab \u00e0 s\u2019engager par tous les moyens possibles pour une r\u00e9solution rapide incluant la lib\u00e9ration de tous les otages, l\u2019acc\u00e8s complet \u00e0 l\u2019aide humanitaire n\u00e9cessaire et l\u2019atteinte d\u2019une paix juste et durable \u00bb.<\/p>\n<p>Dialogue Article 17 et r\u00f4le des \u00c9glises<\/p>\n<p>Les \u00e9v\u00eaques de l\u2019UE ont tenu une discussion approfondie sur la mise en \u0153uvre de l\u2019Article 17 du Trait\u00e9 sur le fonctionnement de l\u2019Union europ\u00e9enne (TFUE) avec la vice-pr\u00e9sidente du Parlement europ\u00e9en Antonella Sberna et le commissaire europ\u00e9en aux Affaires int\u00e9rieures et \u00e0 la Migration Magnus Brunner. La vice-pr\u00e9sidente Sberna a soulign\u00e9 que, face aux d\u00e9fis actuels, l\u2019UE doit red\u00e9couvrir son identit\u00e9 et ses racines, y compris la dimension spirituelle, et a insist\u00e9 sur l\u2019importance et la contribution des \u00c9glises en p\u00e9riode de crise. Le commissaire Brunner a reconnu la n\u00e9cessit\u00e9 de rendre les r\u00e9unions de haut niveau entre l\u2019UE et les responsables religieux plus dialogiques. Les \u00e9v\u00eaques de la COMECE ont rappel\u00e9 que le dialogue de l\u2019Article 17 concerne le dialogue entre les institutions de l\u2019UE et les \u00c9glises, et non un dialogue interreligieux, et ont encourag\u00e9 des am\u00e9liorations, y compris une interaction plus efficace avec les d\u00e9put\u00e9s europ\u00e9ens.<\/p>\n<p>Lutte contre la haine anti-chr\u00e9tienne et migration<\/p>\n<p>Lors de la discussion sur les ph\u00e9nom\u00e8nes de discrimination et d\u2019intol\u00e9rance religieuse dans l\u2019UE, les \u00e9v\u00eaques de la COMECE ont r\u00e9it\u00e9r\u00e9 leur appel \u00e0 la nomination d\u2019un coordinateur europ\u00e9en pour lutter contre la haine anti-chr\u00e9tienne. Le commissaire Brunner a reconnu ce ph\u00e9nom\u00e8ne croissant et la n\u00e9cessit\u00e9 d\u2019y r\u00e9pondre efficacement. L\u2019Assembl\u00e9e a \u00e9galement permis de r\u00e9fl\u00e9chir au r\u00f4le de l\u2019UE sur la sc\u00e8ne mondiale et \u00e0 ses d\u00e9fis internes, avec des contributions de Klaus Welle, conseiller sp\u00e9cial du commissaire europ\u00e9en \u00e0 la D\u00e9fense. Les \u00e9v\u00eaques ont discut\u00e9 de l\u2019agression russe contre l\u2019Ukraine et de ses cons\u00e9quences sur l\u2019UE, en particulier dans le domaine de la d\u00e9fense et de la protection de la d\u00e9mocratie. La politique migratoire, un sujet central, a \u00e9t\u00e9 abord\u00e9e avec un \u00e9change approfondi sur l\u2019importance d\u2019une l\u00e9gislation humaine et d\u2019une mise en \u0153uvre efficace du Pacte europ\u00e9en sur la migration et l\u2019asile.<\/p>\n<p>Coop\u00e9ration contre la traite humaine<\/p>\n<p>S.E. Mgr William Kenney CP et Alexander DesForges du Groupe Santa Marta ont \u00e9galement particip\u00e9 \u00e0 l\u2019Assembl\u00e9e, o\u00f9 les \u00e9v\u00eaques ont discut\u00e9 de la lutte contre la traite humaine afin de renforcer la coop\u00e9ration entre les deux instances dans leurs actions de plaidoyer aupr\u00e8s des institutions europ\u00e9ennes.<\/p>\n<p>Moments de pri\u00e8re et c\u00e9l\u00e9brations<\/p>\n<p>L\u2019Assembl\u00e9e d\u2019automne a \u00e9galement comport\u00e9 plusieurs moments de pri\u00e8re. Une messe pour l\u2019Europe, tr\u00e8s suivie, a \u00e9t\u00e9 c\u00e9l\u00e9br\u00e9e \u00e0 l\u2019\u00c9glise Notre-Dame des Victoires au Sablon \u00e0 Bruxelles le mercredi 1er octobre, pr\u00e9sid\u00e9e par S.E. Mgr Mariano Crociata et conc\u00e9l\u00e9br\u00e9e par tous les \u00e9v\u00eaques d\u00e9l\u00e9gu\u00e9s. L\u2019hom\u00e9lie, prononc\u00e9e par Mgr Crociata, est disponible ici. Le jeudi 2 octobre, une messe a \u00e9t\u00e9 c\u00e9l\u00e9br\u00e9e par le nouveau nonce apostolique aupr\u00e8s de l\u2019UE, S.E. Mgr Bernardito Cleopas Auza.<\/p>\n<p>Assembl\u00e9e de printemps 2026<\/p>\n<p>\u00c0 l\u2019invitation de S.E. Mgr Selim Jean Sfeir, archev\u00eaque des Maronites \u00e0 Chypre, les \u00e9v\u00eaques de l\u2019UE tiendront leur Assembl\u00e9e de printemps 2026 \u00e0 Nicosie, Chypre, du 22 au 24 avril 2026.<\/p>\n","protected":false},"excerpt":{"rendered":"Lettre \u00e0 la pr\u00e9sidente de la Commission europ\u00e9enne Les \u00e9v\u00eaques de l\u2019Union europ\u00e9enne ont conclu leur Assembl\u00e9e d\u2019automne,&hellip;\n","protected":false},"author":2,"featured_media":450996,"comment_status":"","ping_status":"","sticky":false,"template":"","format":"standard","meta":{"footnotes":""},"categories":[1586],"tags":[11,1777,674,1779,1011,27,12,25,1778,364],"class_list":{"0":"post-450995","1":"post","2":"type-post","3":"status-publish","4":"format-standard","5":"has-post-thumbnail","7":"category-europe","8":"tag-actualites","9":"tag-eu","10":"tag-europe","11":"tag-european-union","12":"tag-fr","13":"tag-france","14":"tag-news","15":"tag-republique-francaise","16":"tag-ue","17":"tag-union-europeenne"},"share_on_mastodon":{"url":"https:\/\/pubeurope.com\/@fr\/115346410923604303","error":""},"_links":{"self":[{"href":"https:\/\/www.europesays.com\/fr\/wp-json\/wp\/v2\/posts\/450995","targetHints":{"allow":["GET"]}}],"collection":[{"href":"https:\/\/www.europesays.com\/fr\/wp-json\/wp\/v2\/posts"}],"about":[{"href":"https:\/\/www.europesays.com\/fr\/wp-json\/wp\/v2\/types\/post"}],"author":[{"embeddable":true,"href":"https:\/\/www.europesays.com\/fr\/wp-json\/wp\/v2\/users\/2"}],"replies":[{"embeddable":true,"href":"https:\/\/www.europesays.com\/fr\/wp-json\/wp\/v2\/comments?post=450995"}],"version-history":[{"count":0,"href":"https:\/\/www.europesays.com\/fr\/wp-json\/wp\/v2\/posts\/450995\/revisions"}],"wp:featuredmedia":[{"embeddable":true,"href":"https:\/\/www.europesays.com\/fr\/wp-json\/wp\/v2\/media\/450996"}],"wp:attachment":[{"href":"https:\/\/www.europesays.com\/fr\/wp-json\/wp\/v2\/media?parent=450995"}],"wp:term":[{"taxonomy":"category","embeddable":true,"href":"https:\/\/www.europesays.com\/fr\/wp-json\/wp\/v2\/categories?post=450995"},{"taxonomy":"post_tag","embeddable":true,"href":"https:\/\/www.europesays.com\/fr\/wp-json\/wp\/v2\/tags?post=450995"}],"curies":[{"name":"wp","href":"https:\/\/api.w.org\/{rel}","templated":true}]}}