{"id":451011,"date":"2025-10-09T21:58:11","date_gmt":"2025-10-09T21:58:11","guid":{"rendered":"https:\/\/www.europesays.com\/fr\/451011\/"},"modified":"2025-10-09T21:58:11","modified_gmt":"2025-10-09T21:58:11","slug":"ronan-racault-arrete-le-haut-niveau-actualite","status":"publish","type":"post","link":"https:\/\/www.europesays.com\/fr\/451011\/","title":{"rendered":"Ronan Racault arr\u00eate le haut niveau &#8211; Actualit\u00e9"},"content":{"rendered":"<p style=\"text-align: justify;\"><strong><a href=\"https:\/\/www.directvelo.com\/coureur\/718\/ronan-racault\" target=\"_blank\" rel=\"noopener\">Ronan Racault<\/a><\/strong>\u00a0va quitter le Guidon Chalettois \u00e0 l\u2019issue de la saison. Le coureur de 36 ans, qui a pass\u00e9 les cinq derni\u00e8res ann\u00e9es au sein du club de N1, arr\u00eate le haut niveau amateur. Il ne pose pas totalement le v\u00e9lo puisqu\u2019il s\u2019est engag\u00e9 avec le V\u00e9lo Sport Nivernais Morvan. \u201cJe vais continuer \u00e0 me faire plaisir \u00e0 un niveau inf\u00e9rieur avec les copains et profiter beaucoup plus de la famille\u201d, \u00e9crit-il sur Facebook.<\/p>\n<p>Ronan Racault a remport\u00e9 cette ann\u00e9e le Prix de la lib\u00e9ration \u00e0 Artenay et le Tour du Val d&rsquo;Amboise.<\/p>\n<p>L\u2019ancien Champion du Centre-Val de Loire et d&rsquo;\u00cele-de-France a \u00e9t\u00e9 professionnel en 2011 et 2012 chez BigMat-Auber 93. Il a ensuite port\u00e9 le maillot de diff\u00e9rents clubs amateurs : le VS Chartrain, le Guidon Chalettois, o\u00f9 il est pass\u00e9 \u00e0 deux reprises, le Team Peltrax et le Team Pro Immo Nicolas Roux.<\/p>\n<p>Retrouvez toutes les mutations du peloton amateur\u00a0<strong><a href=\"https:\/\/www.directvelo.com\/mutations\/2026\" target=\"_blank\" rel=\"noopener\">en cliquant ici<\/a><\/strong>.<\/p>\n","protected":false},"excerpt":{"rendered":"Ronan Racault\u00a0va quitter le Guidon Chalettois \u00e0 l\u2019issue de la saison. Le coureur de 36 ans, qui a&hellip;\n","protected":false},"author":2,"featured_media":451012,"comment_status":"","ping_status":"","sticky":false,"template":"","format":"standard","meta":{"footnotes":""},"categories":[1411],"tags":[834,828,836,829,837,827,83,826,824,823,1154,207,814,817,815,816,822,821,832,211,839,1011,27,820,818,819,835,831,830,833,838,60,212,208,825],"class_list":{"0":"post-451011","1":"post","2":"type-post","3":"status-publish","4":"format-standard","5":"has-post-thumbnail","7":"category-cyclisme","8":"tag-attaque","9":"tag-belgique","10":"tag-braquet","11":"tag-bretagne","12":"tag-chute","13":"tag-competition","14":"tag-coupe-de-france","15":"tag-coureur","16":"tag-course-cyclisme","17":"tag-course-cycliste","18":"tag-cycling","19":"tag-cyclisme","20":"tag-direct","21":"tag-direct-velo","22":"tag-directvelo","23":"tag-directvelo-com","24":"tag-epreuve","25":"tag-epreuve-cycliste","26":"tag-federation-francaise-de-cyclisme","27":"tag-ffc","28":"tag-flandres","29":"tag-fr","30":"tag-france","31":"tag-live","32":"tag-live-course","33":"tag-live-epreuve","34":"tag-peloton","35":"tag-radio-peloton","36":"tag-radio-tour","37":"tag-ravitaillement","38":"tag-relance","39":"tag-sports","40":"tag-uci","41":"tag-velo","42":"tag-velos"},"share_on_mastodon":{"url":"https:\/\/pubeurope.com\/@fr\/115346453566022999","error":""},"_links":{"self":[{"href":"https:\/\/www.europesays.com\/fr\/wp-json\/wp\/v2\/posts\/451011","targetHints":{"allow":["GET"]}}],"collection":[{"href":"https:\/\/www.europesays.com\/fr\/wp-json\/wp\/v2\/posts"}],"about":[{"href":"https:\/\/www.europesays.com\/fr\/wp-json\/wp\/v2\/types\/post"}],"author":[{"embeddable":true,"href":"https:\/\/www.europesays.com\/fr\/wp-json\/wp\/v2\/users\/2"}],"replies":[{"embeddable":true,"href":"https:\/\/www.europesays.com\/fr\/wp-json\/wp\/v2\/comments?post=451011"}],"version-history":[{"count":0,"href":"https:\/\/www.europesays.com\/fr\/wp-json\/wp\/v2\/posts\/451011\/revisions"}],"wp:featuredmedia":[{"embeddable":true,"href":"https:\/\/www.europesays.com\/fr\/wp-json\/wp\/v2\/media\/451012"}],"wp:attachment":[{"href":"https:\/\/www.europesays.com\/fr\/wp-json\/wp\/v2\/media?parent=451011"}],"wp:term":[{"taxonomy":"category","embeddable":true,"href":"https:\/\/www.europesays.com\/fr\/wp-json\/wp\/v2\/categories?post=451011"},{"taxonomy":"post_tag","embeddable":true,"href":"https:\/\/www.europesays.com\/fr\/wp-json\/wp\/v2\/tags?post=451011"}],"curies":[{"name":"wp","href":"https:\/\/api.w.org\/{rel}","templated":true}]}}