{"id":451015,"date":"2025-10-09T22:00:22","date_gmt":"2025-10-09T22:00:22","guid":{"rendered":"https:\/\/www.europesays.com\/fr\/451015\/"},"modified":"2025-10-09T22:00:22","modified_gmt":"2025-10-09T22:00:22","slug":"il-est-notre-cadeau-a-laetitia-et-moi","status":"publish","type":"post","link":"https:\/\/www.europesays.com\/fr\/451015\/","title":{"rendered":"Il est notre cadeau \u00e0 Laetitia et moi"},"content":{"rendered":"<p>Dans les colonnes du magazine Gala, Louis Bertignac et sa compagne La\u00ebtitia Brichet se sont confi\u00e9s sur leur fils Jack, 8 ans, avec lequel ils ont entrepris un v\u00e9ritable tour du monde. <\/p>\n<p>Leader du groupe T\u00e9l\u00e9phone aux c\u00f4t\u00e9s de <a href=\"https:\/\/www.programme-tv.net\/biographie\/37510-aubert-jean-louis\/\" data-link-people=\"f7c75ba3-536e-4335-b35f-a99ad6ff6819\" target=\"_blank\" rel=\"noopener\">Jean-Louis Aubert<\/a>, Louis Bertignac est aussi un papa combl\u00e9. Il a eu deux filles, n\u00e9es respectivement en 2004 et en 2007, avec l&rsquo;actrice <a href=\"https:\/\/www.programme-tv.net\/biographie\/54901-delafosse-julie\/\" data-link-people=\"ce3d6197-29ad-4f75-b024-8dbae23a26df\" target=\"_blank\" rel=\"noopener\">Julie Delafosse<\/a>.<a href=\"https:\/\/www.programme-tv.net\/news\/musique\/362723-louis-bertignac-sa-femme-laetitia-bertignac-partage-une-tendre-photo-de-leur-fils-jack-age-de-8-ans\/\" data-api-deeplink=\"teleloisirs:\/\/news\/362723\" target=\"_blank\" rel=\"noopener\"> Un petit gar\u00e7on, fruit de ses amours avec La\u00ebtitia Brichet, est venu agrandir sa famille en 2016<\/a>, alors que le chanteur avait alors 62 ans.<a href=\"https:\/\/www.programme-tv.net\/news\/people\/329926-je-ne-voulais-pas-tellement-faire-un-enfant-louis-bertignac-evoque-la-naissance-de-son-fils-jack-quil-a-eu-a-lage-de-62-ans\/\" data-api-deeplink=\"teleloisirs:\/\/news\/329926\" target=\"_blank\" rel=\"noopener\"> Dans 50&rsquo;Inside, l&rsquo;ex jur\u00e9 de The Voice s&rsquo;\u00e9tait confi\u00e9 sur sa paternit\u00e9 tardive.<\/a> \u00ab\u00a0J&rsquo;ai l&rsquo;\u00e2ge d&rsquo;\u00eatre son grand-p\u00e8re. D&rsquo;ailleurs, je suis plus vieux que son grand-p\u00e8re\u00a0\u00bb, avait-il remarqu\u00e9. Il avait ajout\u00e9 qu&rsquo;il n&rsquo;\u00e9tait pas vraiment pr\u00eat \u00e0 devenir p\u00e8re \u00e0 nouveau sur le tard. \u00ab\u00a0Ma femme qui est beaucoup plus jeune que moi me dit &lsquo;moi, je voudrais un enfant et je voudrais que ce soit toi le p\u00e8re&rsquo;. Je ne peux pas dire non sinon elle va se barrer. Elle va faire un enfant avec quelqu&rsquo;un d&rsquo;autre et \u00e7a m&rsquo;a donn\u00e9 un coup de boost\u00a0\u00bb, s&rsquo;\u00e9tait-il amus\u00e9.<\/p>\n<p>                        Jack, le fils de Louis Bertignac, ignore que son papa est une c\u00e9l\u00e9brit\u00e9<\/p>\n<p>Louis Bertignac a choisi d&#8217;emmener son fils et sa femme d\u00e9couvrir les Etats-Unis \u00e0 ses c\u00f4t\u00e9s lors d&rsquo;une tourn\u00e9e informelle, doubl\u00e9e d&rsquo;un v\u00e9ritable road-trip. \u00ab\u00a0Je m&rsquo;ennuie si je ne joue pas, alors on a d\u00e9cid\u00e9 de m\u00ealer travail et aventure\u00a0\u00bb, explique-t-il au magazine <a href=\"https:\/\/www.gala.fr\/l_actu\/news_de_stars\/exclu-louis-bertignac-emu-par-son-fils-jack-ne-par-pma-il-est-notre-cadeau-a-laetitia-et-moi-20251009\" target=\"_blank\" rel=\"noopener\">Gala<\/a>. \u00ab\u00a0Ce ne sont pas des vacances, c&rsquo;est notre mani\u00e8re de vivre : d\u00e9couvrir, partager, jouer, aimer\u00a0\u00bb, poursuit-il. Pendant ce voyage au tour du monde qui devrait les mener jusqu&rsquo;\u00e0 Tokyo d&rsquo;apr\u00e8s le magazine, le musicien et sa compagne de 34 ans sa cadette s&rsquo;improvisent professeurs pour leur fils Jack, d\u00e9sormais \u00e2g\u00e9 de 8 ans. Dans cet entretien, l&rsquo;ex membre du groupe T\u00e9l\u00e9phone revient sur l&rsquo;arrivi\u00e9e du petit gar\u00e7on \u00ab\u00a0n\u00e9 apr\u00e8s un long parcours de PMA\u00a0\u00bb.<b> \u00ab\u00a0Apr\u00e8s mes deux filles, qui sont ma fiert\u00e9, il est notre cadeau \u00e0 Laetitia et moi. <\/b>Pour le moment, la musique ne l&rsquo;int\u00e9resse pas trop, il est davantage passionn\u00e9 par le cin\u00e9ma\u00a0\u00bb, r\u00e9sume le papa fier. D&rsquo;ailleurs, d&rsquo;apr\u00e8s sa compagne, le petit gar\u00e7on ignore que son p\u00e8re est une star. \u00ab\u00a0Jack ne mesure pas vraiment que son p\u00e8re est une c\u00e9l\u00e9brit\u00e9. J&rsquo;essaie de l&rsquo;\u00e9duquer le plus normalement possible\u00a0\u00bb, souligne-t-elle.<\/p>\n<p>            Louis Bertignac avait \u00e9voqu\u00e9 ses inqui\u00e9tudes pour l&rsquo;avenir<\/p>\n<p>Dans les colonnes de Paris-Match en 2023,<a href=\"https:\/\/www.programme-tv.net\/news\/people\/329926-je-ne-voulais-pas-tellement-faire-un-enfant-louis-bertignac-evoque-la-naissance-de-son-fils-jack-quil-a-eu-a-lage-de-62-ans\/\" data-api-deeplink=\"teleloisirs:\/\/news\/329926\" target=\"_blank\" rel=\"noopener\"> Louis Bertignac n&rsquo;avait pas cach\u00e9 ses inqui\u00e9tudes pour l&rsquo;avenir avec sa paternit\u00e9 tardive.<\/a> \u00ab\u00a0Jack est arriv\u00e9 il y a bient\u00f4t six ans. Il perdra peut-\u00eatre son papa avant ses 20 ans, mais je ne voulais pas g\u00e2cher cette histoire merveilleuse. Et je ne regrette rien. C&rsquo;est le d\u00e9but d&rsquo;une vraie vie, une vie majuscule\u00a0\u00bb, avait-il reconnu.<\/p>\n","protected":false},"excerpt":{"rendered":"Dans les colonnes du magazine Gala, Louis Bertignac et sa compagne La\u00ebtitia Brichet se sont confi\u00e9s sur leur&hellip;\n","protected":false},"author":2,"featured_media":451016,"comment_status":"","ping_status":"","sticky":false,"template":"","format":"standard","meta":{"footnotes":""},"categories":[1359],"tags":[4548,244,58,59,1011,27,57677,21705,973,57678],"class_list":{"0":"post-451015","1":"post","2":"type-post","3":"status-publish","4":"format-standard","5":"has-post-thumbnail","7":"category-people","8":"tag-channel_tl-story","9":"tag-commentaire","10":"tag-divertissement","11":"tag-entertainment","12":"tag-fr","13":"tag-france","14":"tag-guid_6233300963001","15":"tag-louis-bertignac","16":"tag-people","17":"tag-uuid_411ccead-abd9-4adc-acb3-88b3c278538f"},"share_on_mastodon":{"url":"https:\/\/pubeurope.com\/@fr\/115346461487958277","error":""},"_links":{"self":[{"href":"https:\/\/www.europesays.com\/fr\/wp-json\/wp\/v2\/posts\/451015","targetHints":{"allow":["GET"]}}],"collection":[{"href":"https:\/\/www.europesays.com\/fr\/wp-json\/wp\/v2\/posts"}],"about":[{"href":"https:\/\/www.europesays.com\/fr\/wp-json\/wp\/v2\/types\/post"}],"author":[{"embeddable":true,"href":"https:\/\/www.europesays.com\/fr\/wp-json\/wp\/v2\/users\/2"}],"replies":[{"embeddable":true,"href":"https:\/\/www.europesays.com\/fr\/wp-json\/wp\/v2\/comments?post=451015"}],"version-history":[{"count":0,"href":"https:\/\/www.europesays.com\/fr\/wp-json\/wp\/v2\/posts\/451015\/revisions"}],"wp:featuredmedia":[{"embeddable":true,"href":"https:\/\/www.europesays.com\/fr\/wp-json\/wp\/v2\/media\/451016"}],"wp:attachment":[{"href":"https:\/\/www.europesays.com\/fr\/wp-json\/wp\/v2\/media?parent=451015"}],"wp:term":[{"taxonomy":"category","embeddable":true,"href":"https:\/\/www.europesays.com\/fr\/wp-json\/wp\/v2\/categories?post=451015"},{"taxonomy":"post_tag","embeddable":true,"href":"https:\/\/www.europesays.com\/fr\/wp-json\/wp\/v2\/tags?post=451015"}],"curies":[{"name":"wp","href":"https:\/\/api.w.org\/{rel}","templated":true}]}}