{"id":451019,"date":"2025-10-09T22:02:10","date_gmt":"2025-10-09T22:02:10","guid":{"rendered":"https:\/\/www.europesays.com\/fr\/451019\/"},"modified":"2025-10-09T22:02:10","modified_gmt":"2025-10-09T22:02:10","slug":"le-mystere-est-leve-a-saint-pacome-revue-les-libraires","status":"publish","type":"post","link":"https:\/\/www.europesays.com\/fr\/451019\/","title":{"rendered":"Le myst\u00e8re est lev\u00e9 \u00e0 Saint-Pac\u00f4me \u2014 Revue Les libraires"},"content":{"rendered":"<p>La Soci\u00e9t\u00e9 du roman policier de Saint-Pac\u00f4me a d\u00e9voil\u00e9 les gagnants de ses prix litt\u00e9raires.<\/p>\n<p>C\u2019est pour <a href=\"https:\/\/www.leslibraires.ca\/livres\/l-affaire-des-montants-jean-lemieux-9782764454053.html\" target=\"_blank\" rel=\"noopener nofollow\">L\u2019affaire des montants<\/a>, publi\u00e9 chez Qu\u00e9bec Am\u00e9rique, que Jean Lemieux a re\u00e7u le prix Saint-Pac\u00f4me du meilleur roman policier. Les enqu\u00eates du sympathique d\u00e9tective Andr\u00e9 Surprenant, dont c\u2019est le huiti\u00e8me livre, ont d\u00e9but\u00e9 aux \u00celes-de-la-Madeleine et, au fil des ann\u00e9es, se sont poursuivies \u00e0 Montr\u00e9al. Comme nous le dit Andr\u00e9 Bernier, de la Librairie L\u2019Option, le d\u00e9tective revient aux \u00eeles dans <a href=\"https:\/\/www.leslibraires.ca\/livres\/l-affaire-des-montants-jean-lemieux-9782764454053.html\" target=\"_blank\" rel=\"noopener nofollow\">L\u2019affaire des montants<\/a> : \u00ab On retrouve toujours avec bonheur le d\u00e9tective Andr\u00e9 Surprenant et le plaisir s\u2019accro\u00eet encore quand un crime ram\u00e8ne l\u2019enqu\u00eateur f\u00e9tiche de l\u2019auteur aux \u00celes-de-la-Madeleine. Cette fois, \u00e0 quelques jours de No\u00ebl, une productrice d\u2019agneaux de pr\u00e9 sal\u00e9 a \u00e9t\u00e9 sauvagement tu\u00e9e alors qu\u2019elle promenait son chien. Un vieil ami de Surprenant l\u2019appelle et le prie de venir sur place aider la jeune enqu\u00eatrice de la SQ \u00e0 \u00e9lucider l\u2019affaire. Les suspects ne manquent pas : un amant que la victime s\u2019appr\u00eatait \u00e0 \u201cremettre sur le bateau\u201d, un ex plut\u00f4t rancunier, un \u201cfaux fr\u00e8re\u201d jaloux, une amie d\u2019enfance exploit\u00e9e\u2026 Sans compter que les affaires de l\u2019entreprise n\u2019allaient pas tr\u00e8s bien\u2026 Une enqu\u00eate men\u00e9e de main de ma\u00eetre dans un d\u00e9cor qui fait r\u00eaver! \u00bb<\/p>\n<p>Soulignons d\u2019ailleurs qu\u2019on peut voir sur nos \u00e9crans une adaptation du premier livre o\u00f9 est mis en sc\u00e8ne ce policier, <a href=\"https:\/\/www.leslibraires.ca\/livres\/on-finit-toujours-par-payer-jean-lemieux-9782764446676.html\" target=\"_blank\" rel=\"noopener nofollow\">On finit toujours par payer<\/a>. La premi\u00e8re saison, qui s\u2019intitule D\u00e9tective Surprenant : La fille aux yeux de pierre, est disponible sur illico+. Une deuxi\u00e8me saison prendra l\u2019affiche en 2026, cette fois-ci bas\u00e9e sur la sixi\u00e8me enqu\u00eate d\u2019Andr\u00e9 Surprenant, soit <a href=\"https:\/\/www.leslibraires.ca\/livres\/les-demoiselles-de-havre-aubert-jean-lemieux-9782764440575.html\" target=\"_blank\" rel=\"noopener nofollow\">Les demoiselles de Havre-Aubert<\/a>.<\/p>\n<p>C\u2019est lors du Gala de la Soci\u00e9t\u00e9 du roman policier de Saint-Pac\u00f4me, en pr\u00e9sence notamment de l\u2019invit\u00e9e d\u2019honneur, Monique Simard, que le prix Saint-Pac\u00f4me a \u00e9t\u00e9 remis. Jean Lemieux a re\u00e7u une bourse de 3000$. Les deux finalistes \u00e9taient Chrystine Brouillet pour <a href=\"https:\/\/www.leslibraires.ca\/livres\/le-regard-des-autres-chrystine-brouillet-9782897117559.html\" target=\"_blank\" rel=\"noopener nofollow\">Le regard des autres<\/a> et Ronald Lavall\u00e9e pour <a href=\"https:\/\/www.leslibraires.ca\/livres\/le-crime-du-garcon-exquis-ronald-lavallee-9782762146622.html\" target=\"_blank\" rel=\"noopener nofollow\">Le crime du gar\u00e7on exquis<\/a>.<\/p>\n<p>C\u2019\u00e9tait \u00e9galement l\u2019occasion de d\u00e9cerner le prix Jacques-Mayer du premier polar, qui a \u00e9t\u00e9 remis \u00e0 Chlo\u00e9 Archambault pour <a href=\"https:\/\/www.leslibraires.ca\/livres\/alias-nina-p-chloe-archambault-9782898112584.html\" target=\"_blank\" rel=\"noopener nofollow\">Alias Nina P.<\/a>, publi\u00e9 chez Flammarion Qu\u00e9bec. Le jury a soulign\u00e9 le talent de l\u2019autrice pour ma\u00eetriser tous les codes du roman d\u2019espionnage. Quant au Prix de la rivi\u00e8re Ouelle, qui r\u00e9compense un auteur ou une autrice de nouvelle polici\u00e8re n\u2019ayant jamais publi\u00e9, il a \u00e9t\u00e9 remis \u00e0 Yanick Michaud pour son texte,\u00a0Jamais plus.<\/p>\n","protected":false},"excerpt":{"rendered":"La Soci\u00e9t\u00e9 du roman policier de Saint-Pac\u00f4me a d\u00e9voil\u00e9 les gagnants de ses prix litt\u00e9raires. C\u2019est pour L\u2019affaire&hellip;\n","protected":false},"author":2,"featured_media":451020,"comment_status":"","ping_status":"","sticky":false,"template":"","format":"standard","meta":{"footnotes":""},"categories":[1357],"tags":[1379,58,59,1011,27,1380],"class_list":{"0":"post-451019","1":"post","2":"type-post","3":"status-publish","4":"format-standard","5":"has-post-thumbnail","7":"category-livres","8":"tag-books","9":"tag-divertissement","10":"tag-entertainment","11":"tag-fr","12":"tag-france","13":"tag-livres"},"share_on_mastodon":{"url":"https:\/\/pubeurope.com\/@fr\/115346469254709791","error":""},"_links":{"self":[{"href":"https:\/\/www.europesays.com\/fr\/wp-json\/wp\/v2\/posts\/451019","targetHints":{"allow":["GET"]}}],"collection":[{"href":"https:\/\/www.europesays.com\/fr\/wp-json\/wp\/v2\/posts"}],"about":[{"href":"https:\/\/www.europesays.com\/fr\/wp-json\/wp\/v2\/types\/post"}],"author":[{"embeddable":true,"href":"https:\/\/www.europesays.com\/fr\/wp-json\/wp\/v2\/users\/2"}],"replies":[{"embeddable":true,"href":"https:\/\/www.europesays.com\/fr\/wp-json\/wp\/v2\/comments?post=451019"}],"version-history":[{"count":0,"href":"https:\/\/www.europesays.com\/fr\/wp-json\/wp\/v2\/posts\/451019\/revisions"}],"wp:featuredmedia":[{"embeddable":true,"href":"https:\/\/www.europesays.com\/fr\/wp-json\/wp\/v2\/media\/451020"}],"wp:attachment":[{"href":"https:\/\/www.europesays.com\/fr\/wp-json\/wp\/v2\/media?parent=451019"}],"wp:term":[{"taxonomy":"category","embeddable":true,"href":"https:\/\/www.europesays.com\/fr\/wp-json\/wp\/v2\/categories?post=451019"},{"taxonomy":"post_tag","embeddable":true,"href":"https:\/\/www.europesays.com\/fr\/wp-json\/wp\/v2\/tags?post=451019"}],"curies":[{"name":"wp","href":"https:\/\/api.w.org\/{rel}","templated":true}]}}