{"id":451021,"date":"2025-10-09T22:03:13","date_gmt":"2025-10-09T22:03:13","guid":{"rendered":"https:\/\/www.europesays.com\/fr\/451021\/"},"modified":"2025-10-09T22:03:13","modified_gmt":"2025-10-09T22:03:13","slug":"que-decouvre-t-on-dans-meurtres-a-mont-de-marsan-qui-sera-diffuse-ce-samedi-11-octobre-sur-france-3","status":"publish","type":"post","link":"https:\/\/www.europesays.com\/fr\/451021\/","title":{"rendered":"que d\u00e9couvre-t-on dans \u00ab\u00a0Meurtres \u00e0 Mont-de-Marsan\u00a0\u00bb, qui sera diffus\u00e9 ce samedi 11 octobre sur France\u00a03\u00a0?"},"content":{"rendered":"<p>Au mois de f\u00e9vrier, un impressionnant barnum cin\u00e9matographique avait \u00e9t\u00e9 mont\u00e9 du c\u00f4t\u00e9 du Pluma\u00e7on \u00e0 Mont-de-Marsan. Une cinquantaine de techniciens (dont la majorit\u00e9 a \u00e9t\u00e9 recrut\u00e9e via le Bureau d\u2019accueil des tournages des Landes), une douzaine de com\u00e9diens et une cohorte de figurants s\u2019\u00e9taient retrouv\u00e9s sous la direction de Jean-Marc Th\u00e9rin pour le tournage d\u2019un volet de la collection \u00ab\u00a0Meurtres \u00e0\u2026\u00a0\u00bb diffus\u00e9e sur France 3, depuis 2013.<\/p>\n<p>Le nouvel opus de cette collection aux allures de valeur s\u00fbre a \u00e9t\u00e9 mis en bo\u00eete jusqu\u2019au 12\u00a0mars et sera diffus\u00e9 ce samedi 11\u00a0octobre, \u00e0 21\u00a0h\u00a010, sur France 3. Apr\u00e8s quelques mois d\u2019attente, les spectateurs landais pourront enfin d\u00e9couvrir ce qui se cache derri\u00e8re \u00ab\u00a0Meurtres \u00e0 Mont-de-Marsan\u00a0\u00bb.<\/p>\n<p>L\u2019intrigue, tr\u00e9pidante, a \u00e9t\u00e9 imagin\u00e9e par les sc\u00e9naristes Delphine Chouraqui et Xavier Daugreilh. L\u2019histoire met en sc\u00e8ne, entre autres, les aventures d\u2019une commandante de gendarmerie, pure montoise (camp\u00e9e par Soline Plassin), \u00e0 la vie bien occup\u00e9e entre le basket et l\u2019attention qu\u2019elle porte \u00e0 sa m\u00e8re veuve. Elle est accompagn\u00e9e de son adjoint Adam Tudoret (port\u00e9 par \u00c9tienne Diallo). Le duo se lance dans la r\u00e9solution d\u2019une sc\u00e8ne de crime particuli\u00e8rement gla\u00e7ante, dans laquelle un homme est retrouv\u00e9 immerg\u00e9 dans une source r\u00e9put\u00e9e miraculeuse, comme les Landes en comptent plusieurs dizaines. Un \u00e9pais myst\u00e8re entoure le mobile de cette macabre d\u00e9couverte.<\/p>\n<p>Le brouillard va prendre encore plus d\u2019\u00e9paisseur dans les premi\u00e8res minutes de cette fiction, lorsque les deux enqu\u00eateurs tombent sur Aurore Plassin (interpr\u00e9t\u00e9e par Isabelle G\u00e9linas), qui n\u2019est autre que la s\u0153ur a\u00een\u00e9e de Soline, tout juste sortie de prison.<\/p>\n<p>Les ar\u00e8nes et le fronton<\/p>\n<p>La r\u00e9alisation de cette s\u00e9rie \u2013 que notre r\u00e9daction a pu visionner \u2013 constitue une aubaine incroyable pour Mont-de-Marsan et sa r\u00e9gion. En effet, le r\u00e9alisateur ne se contente pas de faire une carte postale, en mettant en avant les paysages ou l\u2019architecture locale. D\u00e8s les premi\u00e8res secondes, les ar\u00e8nes du Pluma\u00e7on s\u2019invitent dans ce long-m\u00e9trage tout comme le fronton derri\u00e8re la Tumade, th\u00e9\u00e2tre d\u2019un match de basket-ball.<\/p>\n<p>Au fil de cette fiction, le t\u00e9l\u00e9spectateur sera transport\u00e9 dans plusieurs lieux embl\u00e9matiques de la ville pr\u00e9fecture, comme les halles, le th\u00e9\u00e2tre Le Moli\u00e8re ou encore les bords de la Midouze (th\u00e9\u00e2tre d\u2019un autre rebondissement du sc\u00e9nario). Les Montois reconna\u00eetront tr\u00e8s certainement l\u2019incursion de quelques secondes dans un c\u00e9l\u00e8bre h\u00f4tel-restaurant de la cit\u00e9.<\/p>\n<p>Saint-Sever se taille aussi une belle part de cette fiction. On y reconna\u00eetra, au travers l\u2019\u00e9volution des com\u00e9diens, la place des platanes et son march\u00e9, sans oublier le c\u0153ur de l\u2019intrigue, immortalis\u00e9 dans l\u2019immensit\u00e9 et la beaut\u00e9 de la for\u00eat des Landes de Gascogne. D\u2019autres communes du d\u00e9partement ont droit de cit\u00e9 au fil de l\u2019intrigue, comme une station baln\u00e9aire familiale incontournable, royaume des surfeurs, ou encore une petite commune c\u00e9l\u00e8bre pour sa grande foire de la Saint-Michel, sans oublier un autre village de l\u2019agglom\u00e9ration montoise.<\/p>\n<p>Les couleurs locales<\/p>\n<p>\u00ab\u00a0Meurtres \u00e0 Mont-de-Marsan\u00a0\u00bb ne se contente pas du panorama landais. Il s\u2019appuie sur les caract\u00e9ristiques locales, voire certaines traditions, afin de construire son fil conducteur. Le mara\u00eechage, le foie gras ou encore la chasse \u00e0 l\u2019ortolan trouvent une place de choix dans la fiction. Tout comme le mobile de ce double myst\u00e8re qui met bien \u00e9videmment le doigt sur une des grosses probl\u00e9matiques des Landes. Mais pour profiter de tout cela, il faudra \u00eatre devant son \u00e9cran de t\u00e9l\u00e9vision, ce samedi soir\u2026<\/p>\n<p>        <img decoding=\"async\" id=\"26262573\" src=\"https:\/\/www.europesays.com\/fr\/wp-content\/uploads\/2025\/10\/meurtresc380montdemarsan-1.jpg\" alt=\"Les trois com\u00e9diens principaux au c\u0153ur de l\u2019intrigue \u00e0 Mont-de-Marsan.\" itemprop=\"contentURL\"\/><\/p>\n<p>    Les trois com\u00e9diens principaux au c\u0153ur de l\u2019intrigue \u00e0 Mont-de-Marsan.<\/p>\n<p>\u00a9 Baptiste Langinier &#8211; France T\u00e9l\u00e9visions &#8211; Fl\u00e9chette Production<\/p>\n","protected":false},"excerpt":{"rendered":"Au mois de f\u00e9vrier, un impressionnant barnum cin\u00e9matographique avait \u00e9t\u00e9 mont\u00e9 du c\u00f4t\u00e9 du Pluma\u00e7on \u00e0 Mont-de-Marsan. Une&hellip;\n","protected":false},"author":2,"featured_media":451022,"comment_status":"","ping_status":"","sticky":false,"template":"","format":"standard","meta":{"footnotes":""},"categories":[1356],"tags":[58,59,1011,27,252,1364],"class_list":{"0":"post-451021","1":"post","2":"type-post","3":"status-publish","4":"format-standard","5":"has-post-thumbnail","7":"category-television","8":"tag-divertissement","9":"tag-entertainment","10":"tag-fr","11":"tag-france","12":"tag-television","13":"tag-tv"},"share_on_mastodon":{"url":"https:\/\/pubeurope.com\/@fr\/115346473762742643","error":""},"_links":{"self":[{"href":"https:\/\/www.europesays.com\/fr\/wp-json\/wp\/v2\/posts\/451021","targetHints":{"allow":["GET"]}}],"collection":[{"href":"https:\/\/www.europesays.com\/fr\/wp-json\/wp\/v2\/posts"}],"about":[{"href":"https:\/\/www.europesays.com\/fr\/wp-json\/wp\/v2\/types\/post"}],"author":[{"embeddable":true,"href":"https:\/\/www.europesays.com\/fr\/wp-json\/wp\/v2\/users\/2"}],"replies":[{"embeddable":true,"href":"https:\/\/www.europesays.com\/fr\/wp-json\/wp\/v2\/comments?post=451021"}],"version-history":[{"count":0,"href":"https:\/\/www.europesays.com\/fr\/wp-json\/wp\/v2\/posts\/451021\/revisions"}],"wp:featuredmedia":[{"embeddable":true,"href":"https:\/\/www.europesays.com\/fr\/wp-json\/wp\/v2\/media\/451022"}],"wp:attachment":[{"href":"https:\/\/www.europesays.com\/fr\/wp-json\/wp\/v2\/media?parent=451021"}],"wp:term":[{"taxonomy":"category","embeddable":true,"href":"https:\/\/www.europesays.com\/fr\/wp-json\/wp\/v2\/categories?post=451021"},{"taxonomy":"post_tag","embeddable":true,"href":"https:\/\/www.europesays.com\/fr\/wp-json\/wp\/v2\/tags?post=451021"}],"curies":[{"name":"wp","href":"https:\/\/api.w.org\/{rel}","templated":true}]}}