{"id":451023,"date":"2025-10-09T22:04:12","date_gmt":"2025-10-09T22:04:12","guid":{"rendered":"https:\/\/www.europesays.com\/fr\/451023\/"},"modified":"2025-10-09T22:04:12","modified_gmt":"2025-10-09T22:04:12","slug":"metal-le-groupe-landmvrks-sacre-meilleur-artiste-a-la-premiere-ceremonie-des-foudres-actualites","status":"publish","type":"post","link":"https:\/\/www.europesays.com\/fr\/451023\/","title":{"rendered":"Metal: le groupe Landmvrks sacr\u00e9 meilleur artiste \u00e0 la premi\u00e8re c\u00e9r\u00e9monie des Foudres : Actualit\u00e9s"},"content":{"rendered":"<p class=\"lead \">Le groupe marseillais Landmvrks, qui oscille entre metal et rap, a \u00e9t\u00e9 sacr\u00e9 jeudi soir artiste de l&rsquo;ann\u00e9e lors de la premi\u00e8re \u00e9dition des Foudres, nouvelle c\u00e9r\u00e9monie de r\u00e9compenses d\u00e9di\u00e9e au metal fran\u00e7ais, au Bataclan \u00e0 Paris.<\/p>\n<p class=\"lead \">\u00ab\u00a0Vraiment incroyable, merci pour tout (&#8230;) C&rsquo;est un honneur de voir notre travail r\u00e9compens\u00e9\u00a0\u00bb, a r\u00e9agi le chanteur et co-fondateur Florent Salfati dans une vid\u00e9o diffus\u00e9e dans la salle et tourn\u00e9e depuis les Etats-Unis, o\u00f9 le quintette est en tourn\u00e9e.<\/p>\n<p class=\"lead \">Le groupe a \u00e9galement remport\u00e9 la Foudre du meilleur album pour son quatri\u00e8me opus auto-produit, \u00ab\u00a0The darkest place I&rsquo;ve ever been\u00a0\u00bb, sorti au printemps.<\/p>\n<p class=\"lead \">Sa musique est \u00e0 double face: \u00e0 l&rsquo;image du titre \u00ab\u00a0Suffocate\u00a0\u00bb, elle combine des passages m\u00e9lodiques et des riffs plus \u00e9corch\u00e9s. Dans \u00ab\u00a0Blood red\u00a0\u00bb, le groupe d\u00e9ploie son panel de voix, chant\u00e9e, rapp\u00e9e ou satur\u00e9e.<\/p>\n<p class=\"lead \">\u00ab\u00a0Il y a quelque chose qui se passe pour la sc\u00e8ne metal internationale\u00a0\u00bb, avait estim\u00e9 le guitariste Paul Cordebard quand l&rsquo;AFP s&rsquo;\u00e9tait entretenue avec le groupe en ao\u00fbt, au Cabaret vert \u00e0 Charleville-M\u00e9zi\u00e8res.<\/p>\n<p class=\"lead \">\u00ab\u00a0Les concerts de rock et de metal en g\u00e9n\u00e9ral, c&rsquo;est imbattable au niveau ambiance\u00a0\u00bb, avait soulign\u00e9 Landmvrks, qui s&rsquo;est d\u00e9j\u00e0 produit trois fois au Hellfest, rendez-vous mondial des musiques extr\u00eames \u00e0 Clisson (Loire-Atlantique). <\/p>\n<p class=\"lead \">Plus t\u00f4t dans la soir\u00e9e, Les Foudres ont r\u00e9compens\u00e9 d&rsquo;autres grands noms de la plan\u00e8te metal comme Gojira pour la meilleure performance live et le Hellfest pour l&rsquo;\u00e9v\u00e9nement de l&rsquo;ann\u00e9e, mais aussi Revnoir, r\u00e9v\u00e9lation de l&rsquo;ann\u00e9e. <\/p>\n<p class=\"lead \">Six cat\u00e9gories ont \u00e9t\u00e9 soumises au vote du public, en compl\u00e9ment de celui d&rsquo;un jury de professionnels. <\/p>\n<p class=\"lead \">Pr\u00e9sent\u00e9e par le chroniqueur radio et humoriste Thomas VDB, la c\u00e9r\u00e9monie sera retransmise \u00e0 22H55 sur France 4 et france.tv.<\/p>\n<p class=\"lead \">L&rsquo;\u00e9v\u00e9nement, port\u00e9 par Paris Entertainment Company, vise \u00e0 mettre en lumi\u00e8re une musique en pleine expansion, \u00e9cout\u00e9e par un public de plus en plus large mais qui, selon les organisateurs, n&rsquo;est pas assez repr\u00e9sent\u00e9e dans les c\u00e9r\u00e9monies plus g\u00e9n\u00e9ralistes comme les Victoires de la musique.<\/p>\n<p class=\"small font-weight-bold text-gray3 \"> publi\u00e9 le 9 octobre \u00e0 22h23, AFP<\/p>\n<p>                             Partager<\/p>\n","protected":false},"excerpt":{"rendered":"Le groupe marseillais Landmvrks, qui oscille entre metal et rap, a \u00e9t\u00e9 sacr\u00e9 jeudi soir artiste de l&rsquo;ann\u00e9e&hellip;\n","protected":false},"author":2,"featured_media":451024,"comment_status":"","ping_status":"","sticky":false,"template":"","format":"standard","meta":{"footnotes":""},"categories":[1355],"tags":[58,59,1011,27,28629,1361,873,4279,9556],"class_list":{"0":"post-451023","1":"post","2":"type-post","3":"status-publish","4":"format-standard","5":"has-post-thumbnail","7":"category-musique","8":"tag-divertissement","9":"tag-entertainment","10":"tag-fr","11":"tag-france","12":"tag-metal","13":"tag-music","14":"tag-musique","15":"tag-rcompense","16":"tag-tlvision"},"share_on_mastodon":{"url":"https:\/\/pubeurope.com\/@fr\/115346477109887312","error":""},"_links":{"self":[{"href":"https:\/\/www.europesays.com\/fr\/wp-json\/wp\/v2\/posts\/451023","targetHints":{"allow":["GET"]}}],"collection":[{"href":"https:\/\/www.europesays.com\/fr\/wp-json\/wp\/v2\/posts"}],"about":[{"href":"https:\/\/www.europesays.com\/fr\/wp-json\/wp\/v2\/types\/post"}],"author":[{"embeddable":true,"href":"https:\/\/www.europesays.com\/fr\/wp-json\/wp\/v2\/users\/2"}],"replies":[{"embeddable":true,"href":"https:\/\/www.europesays.com\/fr\/wp-json\/wp\/v2\/comments?post=451023"}],"version-history":[{"count":0,"href":"https:\/\/www.europesays.com\/fr\/wp-json\/wp\/v2\/posts\/451023\/revisions"}],"wp:featuredmedia":[{"embeddable":true,"href":"https:\/\/www.europesays.com\/fr\/wp-json\/wp\/v2\/media\/451024"}],"wp:attachment":[{"href":"https:\/\/www.europesays.com\/fr\/wp-json\/wp\/v2\/media?parent=451023"}],"wp:term":[{"taxonomy":"category","embeddable":true,"href":"https:\/\/www.europesays.com\/fr\/wp-json\/wp\/v2\/categories?post=451023"},{"taxonomy":"post_tag","embeddable":true,"href":"https:\/\/www.europesays.com\/fr\/wp-json\/wp\/v2\/tags?post=451023"}],"curies":[{"name":"wp","href":"https:\/\/api.w.org\/{rel}","templated":true}]}}