{"id":451031,"date":"2025-10-09T22:08:11","date_gmt":"2025-10-09T22:08:11","guid":{"rendered":"https:\/\/www.europesays.com\/fr\/451031\/"},"modified":"2025-10-09T22:08:11","modified_gmt":"2025-10-09T22:08:11","slug":"apres-ed-gein-lizzie-borden-est-le-prochain-monstre-de-netflix-et-on-sait-qui-linacrenra","status":"publish","type":"post","link":"https:\/\/www.europesays.com\/fr\/451031\/","title":{"rendered":"Apr\u00e8s Ed Gein, Lizzie Borden est le prochain \u00ab\u00a0Monstre\u00a0\u00bb de Netflix et on sait qui l\u2019inacrenra"},"content":{"rendered":"<p>        <img decoding=\"async\" loading=\"lazy\" src=\"https:\/\/www.europesays.com\/fr\/wp-content\/uploads\/2025\/10\/112b79e_upload-1-xqks0tocwl5q-ed-gein.jpeg\"  width=\"728\" height=\"410\" alt=\"La trois\u00e8me saison \u00ab Monstre\u00a0: L\u2019Histoire d\u2019Ed Gein \u00bb est disponible sur Netflix depuis le 3\u00a0octobre.\"\/>  <\/p>\n<p>Copyright Netflix<\/p>\n<p>La trois\u00e8me saison \u00ab Monstre\u00a0: L\u2019Histoire d\u2019Ed Gein \u00bb est disponible sur Netflix depuis le 3\u00a0octobre.<\/p>\n<p class=\"asset asset-text\">S\u00c9RIE &#8211; Apr\u00e8s Jeffrey Dahmer,<a href=\"https:\/\/www.huffingtonpost.fr\/international\/article\/l-un-des-freres-menendez-voit-sa-demande-de-liberation-conditionnelle-rejetee_253860.html\" target=\"_blank\" rel=\"noopener\"> les fr\u00e8res Menendez<\/a> ou Ed Gein, <a href=\"https:\/\/www.huffingtonpost.fr\/culture\/video\/monstre-l-histoire-d-ed-gein-sur-netflix-sera-surement-la-saison-la-plus-repugnante-la-preuve_254882.html\" target=\"_blank\" rel=\"noopener\">la s\u00e9rie Monstre<\/a> reviendra pour une saison 4\u00a0racontant l\u2019histoire Lizzie Borden. Dans une publication diffus\u00e9e sur les r\u00e9seaux sociaux ce jeudi 9\u00a0octobre, Netflix a r\u00e9v\u00e9l\u00e9 qui incarnera cette meurtri\u00e8re, qui est la premi\u00e8re femme criminelle \u00e0 laquelle s\u2019int\u00e9ressera la s\u00e9rie.<\/p>\n<p class=\"asset asset-text\">\u00ab\u00a0Ella Beatty incarnera l\u2019une des femmes les plus c\u00e9l\u00e8bres de l\u2019histoire dans le quatri\u00e8me volet de Monstre, de Ryan Murphy et Ian Brennan\u00a0\u00bb, a annonc\u00e9 la plateforme de streaming, pr\u00e9cisant que la s\u00e9rie est actuellement en tournage \u00e0 Los Angeles, avec Charlie Hunnam, Vicky Krieps, Rebecca Hall, Billie Lourd et Jessica Barden.<\/p>\n<p class=\"asset asset-text\">\u00c0 25\u00a0ans, Ella Beatty jouera son premier grand r\u00f4le. Le public a d\u00e9j\u00e0 pu l\u2019apercevoir dans If I Had Legs I\u2019d Kick You\u00a0de Mary Bronstein.<\/p>\n<p>    Double meurtre    <\/p>\n<p class=\"asset asset-text\">Lizzie Borden, dont l\u2019histoire est tr\u00e8s c\u00e9l\u00e8bre aux \u00c9tats-Unis, est accus\u00e9e d\u2019avoir massacr\u00e9 son p\u00e8re et sa belle-m\u00e8re \u00e0 coups de hache en 1892. Les causes de ce double meurtre ne sont pas connues mais plusieurs pistes sont envisag\u00e9es, notamment un conflit autour d\u2019un h\u00e9ritage, un trouble psychiatrique, ou une vengeance apr\u00e8s des faits d\u2019inceste.<\/p>\n<p class=\"asset asset-text\">La saison 3\u00a0de Monstre, qui retrace l\u2019histoire Ed Gein, surnomm\u00e9 Le Boucher de Plainfield, est diffus\u00e9e sur Netflix depuis le 3\u00a0octobre et conna\u00eet un v\u00e9ritable succ\u00e8s.<\/p>\n","protected":false},"excerpt":{"rendered":"Copyright Netflix La trois\u00e8me saison \u00ab Monstre\u00a0: L\u2019Histoire d\u2019Ed Gein \u00bb est disponible sur Netflix depuis le 3\u00a0octobre.&hellip;\n","protected":false},"author":2,"featured_media":451032,"comment_status":"","ping_status":"","sticky":false,"template":"","format":"standard","meta":{"footnotes":""},"categories":[8],"tags":[251,58,59,1011,27,127,595],"class_list":{"0":"post-451031","1":"post","2":"type-post","3":"status-publish","4":"format-standard","5":"has-post-thumbnail","7":"category-divertissement","8":"tag-culture","9":"tag-divertissement","10":"tag-entertainment","11":"tag-fr","12":"tag-france","13":"tag-netflix","14":"tag-serie-tv"},"share_on_mastodon":{"url":"https:\/\/pubeurope.com\/@fr\/115346493580675408","error":""},"_links":{"self":[{"href":"https:\/\/www.europesays.com\/fr\/wp-json\/wp\/v2\/posts\/451031","targetHints":{"allow":["GET"]}}],"collection":[{"href":"https:\/\/www.europesays.com\/fr\/wp-json\/wp\/v2\/posts"}],"about":[{"href":"https:\/\/www.europesays.com\/fr\/wp-json\/wp\/v2\/types\/post"}],"author":[{"embeddable":true,"href":"https:\/\/www.europesays.com\/fr\/wp-json\/wp\/v2\/users\/2"}],"replies":[{"embeddable":true,"href":"https:\/\/www.europesays.com\/fr\/wp-json\/wp\/v2\/comments?post=451031"}],"version-history":[{"count":0,"href":"https:\/\/www.europesays.com\/fr\/wp-json\/wp\/v2\/posts\/451031\/revisions"}],"wp:featuredmedia":[{"embeddable":true,"href":"https:\/\/www.europesays.com\/fr\/wp-json\/wp\/v2\/media\/451032"}],"wp:attachment":[{"href":"https:\/\/www.europesays.com\/fr\/wp-json\/wp\/v2\/media?parent=451031"}],"wp:term":[{"taxonomy":"category","embeddable":true,"href":"https:\/\/www.europesays.com\/fr\/wp-json\/wp\/v2\/categories?post=451031"},{"taxonomy":"post_tag","embeddable":true,"href":"https:\/\/www.europesays.com\/fr\/wp-json\/wp\/v2\/tags?post=451031"}],"curies":[{"name":"wp","href":"https:\/\/api.w.org\/{rel}","templated":true}]}}