{"id":451037,"date":"2025-10-09T22:11:11","date_gmt":"2025-10-09T22:11:11","guid":{"rendered":"https:\/\/www.europesays.com\/fr\/451037\/"},"modified":"2025-10-09T22:11:11","modified_gmt":"2025-10-09T22:11:11","slug":"jai-pris-des-coups-dont-je-porte-encore-les-traces-apres-son-incarceration-la-deputee-bretonne-marie-mesmeur-accuse-israel","status":"publish","type":"post","link":"https:\/\/www.europesays.com\/fr\/451037\/","title":{"rendered":"\u00ab\u00a0J\u2019ai pris des coups dont je porte encore les traces\u00a0\u00bb\u00a0: apr\u00e8s son incarc\u00e9ration, la d\u00e9put\u00e9e bretonne Marie Mesmeur accuse Isra\u00ebl"},"content":{"rendered":"<p>Ses traits et sa voix expriment encore la fatigue li\u00e9e \u00e0 ses cinq jours de d\u00e9tention en Isra\u00ebl. Keffieh sur les \u00e9paules et tee-shirt \u00ab Free Palestine \u00bb sur le dos, Marie Mesmeur a fait son retour \u00e0 Rennes, ce jeudi 9 octobre. Pendant une heure, la d\u00e9put\u00e9e La France Insoumise d\u2019Ille-et-Vilaine est revenue sur sa participation \u00e0 la Global Sumud flottilla, son <a href=\"https:\/\/www.letelegramme.fr\/monde\/israel-palestine\/larmee-israelienne-ordonne-a-la-flottille-pour-gaza-de-changer-de-cap-6901279.php?from_pumba=true\" target=\"_blank\" rel=\"nofollow noopener\">arrestation par l\u2019arm\u00e9e isra\u00e9lienne<\/a> et sa d\u00e9tention.<\/p>\n<p>D\u00e9but septembre, elle avait pris la mer, avec environ 470 militants de toutes nationalit\u00e9s, sur le Sirius, un bateau de cette flottille humanitaire compos\u00e9e d\u2019une cinquantaine d\u2019embarcations dont l\u2019objectif \u00e9tait d\u2019atteindre les c\u00f4tes de Gaza. C\u2019\u00e9tait du moins l\u2019ambition affich\u00e9e alors qu\u2019aucune flottille n\u2019avait jusqu\u2019ici r\u00e9ussi \u00e0 briser le blocus. Les militants voulaient-ils surtout, comme l\u2019affirment leurs d\u00e9tracteurs, attirer sur eux les projecteurs afin de provoquer une r\u00e9action d\u2019Isra\u00ebl ? \u00ab On avait l\u2019espoir de r\u00e9ussir car cette flottille \u00e9tait la plus grande jamais constitu\u00e9e. Mais on \u00e9tait aussi pr\u00e9par\u00e9 \u00e0 ne pas y arriver, pr\u00e9par\u00e9 au pire car on savait qu\u2019Isra\u00ebl n\u2019avait aucune envie qu\u2019on atteigne Gaza \u00bb.<\/p>\n<p>\u00ab 24 heures sur un bateau sans bouger, manger ni boire \u00bb<\/p>\n<p>Le pire n\u2019est pas arriv\u00e9, mais Marie Mesmeur et les membres de la flottille n\u2019ont pas atteint Gaza. Partis de Barcelone puis de Tunis, ils ont \u00e9t\u00e9 arraisonn\u00e9s au large de l\u2019\u00c9gypte et de la bande de Gaza, le 1er octobre 2025, de fa\u00e7on ill\u00e9gale selon les organisateurs et selon Amnesty international. \u00ab Nous avons \u00e9t\u00e9 bombard\u00e9s plus de dix fois pendant le voyage. On a \u00e9t\u00e9 arraisonn\u00e9 dans les eaux internationales, \u00e0 63 km de la c\u00f4te palestinienne. J\u2019ai ensuite pass\u00e9 24 heures sur un bateau sans bouger, manger ni boire \u00bb, raconte l\u2019\u00e9lue bretonne.<\/p>\n<p>Durant les cinq jours de d\u00e9tention qui ont suivi dans le d\u00e9sert de Neguev, elle affirme avoir subi \u00ab des humiliations \u00bb, mais aussi \u00ab des violences physiques et psychologiques \u00bb. \u00ab Au port d\u2019Ashdod, o\u00f9 on nous a d\u00e9barqu\u00e9s, j\u2019ai \u00e9t\u00e9 balanc\u00e9e au sol, puis on est rest\u00e9 comme \u00e7a des heures, mains dans le dos \u00bb. Selon elle, les femmes, s\u00e9par\u00e9es des hommes en prison, \u00e9taient regroup\u00e9es \u00ab \u00e0 14 dans une cellule pr\u00e9vue pour cinq. Il y avait des impacts de balle au plafond et sur les murs et du sang s\u00e9ch\u00e9 dans la cour. Une grande banderole avec une image de Gaza en ruines et un message \u00ab\u00a0New Gaza\u00a0\u00bb y \u00e9tait accroch\u00e9e et on nous a install\u00e9 deux t\u00e9l\u00e9s qui diffusaient en boucle des images du 7 octobre \u00bb.<\/p>\n<p>Des mauvais traitements \u00ab continus \u00bb selon elle<\/p>\n<p>La voix \u00e9trangl\u00e9e, elle raconte aussi cette soir\u00e9e durant laquelle elle a voulu d\u00e9fendre deux de ses cod\u00e9tenues. \u00ab Elles voulaient prendre deux matelas et ont \u00e9t\u00e9 jet\u00e9es au sol par les gardiens. Je suis intervenue mais j\u2019ai pris des coups dont je porte encore les traces \u00bb, d\u00e9nonce-t-elle.<\/p>\n<p>De son c\u00f4t\u00e9, Isra\u00ebl a qualifi\u00e9 les accusations de mauvais traitements inflig\u00e9s aux membres de la flottille Global Sumud de \u00ab mensonges \u00e9hont\u00e9s \u00bb. \u00ab Tous les droits que la loi accorde aux personnes arr\u00eat\u00e9es sont pleinement respect\u00e9s \u00bb, a \u00e9crit le minist\u00e8re des Affaires \u00e9trang\u00e8res sur le r\u00e9seau social X, le 6 octobre.<\/p>\n<blockquote class=\"twitter-tweet\">\n<p lang=\"en\" dir=\"ltr\">171 additional provocateurs from the Hamas\u2013Sumud flotilla, including Greta Thunberg, were deported today from Israel to Greece and Slovakia.<\/p>\n<p>The deportees are citizens of Greece, Italy, France, Ireland, Sweden, Poland, Germany, Bulgaria, Lithuania, Austria, Luxembourg, Finland,\u2026 <a href=\"https:\/\/t.co\/DqcGLOJov7\" rel=\"nofollow\">pic.twitter.com\/DqcGLOJov7<\/a><\/p>\n<p>\u2014 Israel Foreign Ministry (@IsraelMFA) <a href=\"https:\/\/twitter.com\/IsraelMFA\/status\/1975171094991503716?ref_src=twsrc%5Etfw\" rel=\"nofollow noopener\" target=\"_blank\">October 6, 2025<\/a><\/p><\/blockquote>\n<p>Marie Mesmeur, elle, affirme que les mauvais traitements ont \u00e9t\u00e9 \u00ab continus \u00bb, jusqu\u2019\u00e0 leur extradition vers la Gr\u00e8ce, sans possibilit\u00e9 d\u2019acc\u00e8s \u00e0 des m\u00e9dicaments ni de voir un avocat. \u00ab Nous avons \u00e9t\u00e9 lib\u00e9r\u00e9s face \u00e0 la pression internationale autour d\u2019Isra\u00ebl, estime-t-elle. Pour \u00eatre lib\u00e9r\u00e9 dans les 72 heures, on nous a propos\u00e9 de signer un papier qui indiquait qu\u2019on \u00e9tait entr\u00e9 ill\u00e9galement sur le territoire alors que c\u2019est faux, qu\u2019on n\u2019\u00e9tait interdit de revenir sur le sol isra\u00e9lien pendant 100 ans. J\u2019ai refus\u00e9 de le signer car cela aurait voulu dire que c\u2019\u00e9tait un aveu de culpabilit\u00e9. Or, on avait le droit avec nous \u00bb.<\/p>\n<p>\u00ab On a subi un fragment de ce que vivent les Palestiniens \u00bb<\/p>\n<p>Cinq jours plus tard, elle a donc \u00e9t\u00e9 conduite jusqu\u2019\u00e0 l\u2019a\u00e9roport, direction la Gr\u00e8ce. \u00ab On a su qu\u2019on nous extradait seulement 15 minutes avant d\u2019arriver \u00e0 l\u2019a\u00e9roport.On nous a mis dans un bus de 6h \u00e0 14h sans savoir o\u00f9 on allait, sans eau ni nourriture ni d\u2019endroit o\u00f9 faire nos besoins. Mais on a subi un fragment de ce que vivent les Palestiniens depuis 1948\u00bb. <\/p>\n<p>Une fois en Europe, la d\u00e9put\u00e9e LFI n\u2019a pas attendu pour tirer \u00e0 boulet rouge sur le gouvernement et l\u2019accuser d\u2019avoir \u00ab laiss\u00e9 tomber \u00bb les militants fran\u00e7ais. \u00ab N<br \/>ous avons \u00e9t\u00e9 abandonn\u00e9s. L\u2019Espagne a affr\u00e9t\u00e9 un avion militaire pour ramener ses compatriotes. Emmanuel Macron n\u2019a pas eu un seul mot sur la flottille et le ministre des affaires \u00e9trang\u00e8res Jean-No\u00ebl Barrot a parl\u00e9 de nous comme des voyageurs\u00bb. Selon Pascal Confavreux, porte-parole du minist\u00e8re de l\u2019Europe et des affaires \u00e9trang\u00e8res, \u00ab l\u2019ensemble de nos ressortissants a pu b\u00e9n\u00e9ficier de la protection consulaire, d\u00e8s leur arriv\u00e9e \u00e0 la prison de Ktziot, vendredi dernier, jusqu\u2019\u00e0 leur d\u00e9part vers la Gr\u00e8ce \u00bb.<\/p>\n<p>De retour \u00e0 Rennes depuis ce jeudi apr\u00e8s-midi, apr\u00e8s quelques jours \u00e0 Paris, la d\u00e9put\u00e9e LFI se dit aujourd\u2019hui \u00ab politiquement combative \u00bb. \u00ab J\u2019ai v\u00e9cu cet \u00e9chec car on n\u2019a pas r\u00e9ussi \u00e0 briser ce blocus, mais on a plus que jamais parl\u00e9 de la Palestine et du g\u00e9nocide en cours \u00e0 Gaza. Tant que la Palestine ne sera pas libre, je continuerai \u00e0 lutter, on le doit au peuple palestinien. Nous retournerons \u00e0 Gaza, moi ou d\u2019autres \u00bb.<\/p>\n<p><script async src=\"https:\/\/platform.twitter.com\/widgets.js\" charset=\"utf-8\"><\/script><\/p>\n","protected":false},"excerpt":{"rendered":"Ses traits et sa voix expriment encore la fatigue li\u00e9e \u00e0 ses cinq jours de d\u00e9tention en Isra\u00ebl.&hellip;\n","protected":false},"author":2,"featured_media":451038,"comment_status":"","ping_status":"","sticky":false,"template":"","format":"standard","meta":{"footnotes":""},"categories":[5],"tags":[11,829,765,1011,27,848,14,12,584,28],"class_list":{"0":"post-451037","1":"post","2":"type-post","3":"status-publish","4":"format-standard","5":"has-post-thumbnail","7":"category-international","8":"tag-actualites","9":"tag-bretagne","10":"tag-en-continu","11":"tag-fr","12":"tag-france","13":"tag-ille-et-vilaine","14":"tag-international","15":"tag-news","16":"tag-rennes","17":"tag-world"},"share_on_mastodon":{"url":"https:\/\/pubeurope.com\/@fr\/115346504711234009","error":""},"_links":{"self":[{"href":"https:\/\/www.europesays.com\/fr\/wp-json\/wp\/v2\/posts\/451037","targetHints":{"allow":["GET"]}}],"collection":[{"href":"https:\/\/www.europesays.com\/fr\/wp-json\/wp\/v2\/posts"}],"about":[{"href":"https:\/\/www.europesays.com\/fr\/wp-json\/wp\/v2\/types\/post"}],"author":[{"embeddable":true,"href":"https:\/\/www.europesays.com\/fr\/wp-json\/wp\/v2\/users\/2"}],"replies":[{"embeddable":true,"href":"https:\/\/www.europesays.com\/fr\/wp-json\/wp\/v2\/comments?post=451037"}],"version-history":[{"count":0,"href":"https:\/\/www.europesays.com\/fr\/wp-json\/wp\/v2\/posts\/451037\/revisions"}],"wp:featuredmedia":[{"embeddable":true,"href":"https:\/\/www.europesays.com\/fr\/wp-json\/wp\/v2\/media\/451038"}],"wp:attachment":[{"href":"https:\/\/www.europesays.com\/fr\/wp-json\/wp\/v2\/media?parent=451037"}],"wp:term":[{"taxonomy":"category","embeddable":true,"href":"https:\/\/www.europesays.com\/fr\/wp-json\/wp\/v2\/categories?post=451037"},{"taxonomy":"post_tag","embeddable":true,"href":"https:\/\/www.europesays.com\/fr\/wp-json\/wp\/v2\/tags?post=451037"}],"curies":[{"name":"wp","href":"https:\/\/api.w.org\/{rel}","templated":true}]}}