{"id":451040,"date":"2025-10-09T22:13:12","date_gmt":"2025-10-09T22:13:12","guid":{"rendered":"https:\/\/www.europesays.com\/fr\/451040\/"},"modified":"2025-10-09T22:13:12","modified_gmt":"2025-10-09T22:13:12","slug":"le-codetenu-marco-interpelle-apres-sa-deposition-devant-la-cour-dassises-et-condamne-pour-non-justification-dadresse","status":"publish","type":"post","link":"https:\/\/www.europesays.com\/fr\/451040\/","title":{"rendered":"le cod\u00e9tenu \u00abMarco\u00bb interpell\u00e9 apr\u00e8s sa d\u00e9position devant la cour d\u2019assises et condamn\u00e9 pour non-justification d\u2019adresse"},"content":{"rendered":"<p>\n    \u00abMarco\u00bb a \u00e9t\u00e9 arr\u00eat\u00e9 mercredi apr\u00e8s-midi pour ne pas avoir justifi\u00e9 son adresse comme il est cens\u00e9 le faire dans le cadre de son inscription au Fichier judiciaire automatis\u00e9 des auteurs d\u2019infractions sexuelles ou violentes (Fijaivs).<\/p>\n<p class=\"fig-paragraph\">La pr\u00e9sence de policiers de la Brigade anticriminalit\u00e9 (BAC) dans les couloirs du palais de justice d\u2019Albi mercredi avait surpris quelques robes noires. \u00abOn comprend mieux maintenant\u00bb, ironise aupr\u00e8s du Figaro Me Guillaume Gosset. L\u2019<a href=\"http:\/\/www.lefigaro.fr\/faits-divers\/affaire-jubillar-l-etrange-clemence-de-la-justice-envers-le-codetenu-du-mari-de-la-disparue-20220519\" data-fig-type=\"Article\" data-gtm-custom-categorie=\"navigation\" data-gtm-custom-action=\"crossclick\" data-gtm-custom-label=\"Contextuel\" data-gtm-event=\"customEventSPE\" data-fig-domain=\"LEFIGARO\" target=\"_blank\" rel=\"noopener\">ancien cod\u00e9tenu de C\u00e9dric Jubillar<\/a>\u00a0surnomm\u00e9 \u00abMarco\u00bb a \u00e9t\u00e9 interpell\u00e9 mercredi \u00e0 la sortie de son audition devant la cour d\u2019assises pour non-justification d\u2019adresse, indique le p\u00e9naliste, confirmant les informations de\u00a0<a href=\"https:\/\/www.ladepeche.fr\/2025\/10\/09\/info-la-depeche-proces-jubillar-marco-lex-codetenu-de-cedric-interpelle-et-place-en-garde-a-vue-apres-son-temoignage-devant-la-cour-dassises-du-tarn-12982178.php\" target=\"_blank\" rel=\"sponsored noopener\" data-gtm-custom-categorie=\"navigation\" data-gtm-custom-action=\"crossclick\" data-gtm-custom-label=\"Contextuel\" data-gtm-event=\"customEventSPE\">La D\u00e9p\u00eache<\/a> .<\/p>\n<p class=\"fig-body-link\">\n<p>        Lire le dossier<br \/>\n        <a class=\"fig-body-link__link\" href=\"http:\/\/www.lefigaro.fr\/faits-divers\/dossier\/proces-de-cedric-jubillar-revivez-les-comptes-rendus-en-direct-des-journees-d-audience\" data-fig-type=\"Topic\" data-gtm-custom-categorie=\"navigation\" data-gtm-custom-action=\"crossclick\" data-gtm-custom-label=\"Contextuel\" data-gtm-event=\"customEventSPE\" data-fig-domain=\"LEFIGARO\" target=\"_blank\" rel=\"noopener\">Proc\u00e8s de C\u00e9dric Jubillar\u00a0: revivez tous les comptes rendus en direct des journ\u00e9es d\u2019audience<br \/>\n    <\/a>\n<\/p>\n<p class=\"fig-paragraph\">Mercredi aux alentours de 16 heures, le public a eu la surprise d\u2019apprendre que Marc-Aur\u00e8le M., ex-cod\u00e9tenu de l\u2019accus\u00e9 venait t\u00e9moigner en personne devant la cour d\u2019assises. Au premier jour des d\u00e9bats, la pr\u00e9sidente avait fait savoir que sa venue n\u2019\u00e9tait pas assur\u00e9e. \u00c0 l\u2019issue d\u2019<a href=\"https:\/\/www.lefigaro.fr\/faits-divers\/en-direct-proces-de-cedric-jubillar-suivez-l-audition-de-sa-mere-et-de-ses-codetenus-temoins-cles-de-l-enquete-20251008\" data-fig-type=\"Live\" data-gtm-custom-categorie=\"navigation\" data-gtm-custom-action=\"crossclick\" data-gtm-custom-label=\"Contextuel\" data-gtm-event=\"customEventSPE\" data-fig-domain=\"LEFIGARO\" target=\"_blank\" rel=\"noopener\">une d\u00e9position \u00e0 charge contre l\u2019accus\u00e9<\/a>, l\u2019homme a quitt\u00e9 la salle d\u2019audience et s\u2019est install\u00e9 en terrasse d\u2019un caf\u00e9. \u00abLes policiers ont attendu qu\u2019ils s\u2019\u00e9loignent pour l\u2019interpeller\u00bb, indique Me Gosset.<\/p>\n<p>                                    <a class=\"fig-a11y-skip a11y-hidden\" href=\"#fig-a11y-skip-main-inarticle\"><br \/>\n        Passer la publicit\u00e9<br \/>\n    <\/a><\/p>\n<p>750 euros d\u2019amende<\/p>\n<p class=\"fig-paragraph\">Les autorit\u00e9s fran\u00e7aises reprochent au Corse de ne pas avoir justifi\u00e9 son adresse comme il est cens\u00e9 le faire, tous les six mois, dans le cadre de son inscription au\u00a0<a href=\"https:\/\/www.lefigaro.fr\/actualite-france\/2018\/04\/30\/01016-20180430ARTFIG00131-en-quoi-consiste-le-fichier-national-des-auteurs-d-infractions-sexuelles.php\" data-fig-type=\"Article\" data-gtm-custom-categorie=\"navigation\" data-gtm-custom-action=\"crossclick\" data-gtm-custom-label=\"Contextuel\" data-gtm-event=\"customEventSPE\" data-fig-domain=\"LEFIGARO\" target=\"_blank\" rel=\"noopener\">Fichier judiciaire automatis\u00e9 des auteurs d\u2019infractions sexuelles ou violentes<\/a>\u00a0(Fijaivs). L\u2019homme a effectivement de nombreuses condamnations \u00e0 son actif, trafic d\u2019armes, recel de vol, violences, ainsi qu\u2019une peine de 15 ans de prison pour \u00abviol\u00bb et \u00abactes de torture et de barbarie\u00bb. \u00c0 la suite de sa lib\u00e9ration en octobre 2021, l\u2019homme a quitt\u00e9 le territoire pour vivre au Portugal, mais il doit tout de m\u00eame s\u2019astreindre \u00e0 certaines obligations, dont celle de d\u00e9clarer son adresse.<\/p>\n<p class=\"fig-paragraph\">\u00abMarco\u00bb a donc pass\u00e9 une nuit en garde \u00e0 vue avant d\u2019\u00eatre pr\u00e9sent\u00e9 ce jeudi \u00e0 14 heures dans le cadre d\u2019une Comparution sur reconnaissance pr\u00e9alable de culpabilit\u00e9 (CRPC). Il a \u00e9t\u00e9 condamn\u00e9 \u00e0 une amende de 750 euros. Cette proc\u00e9dure s\u2019est d\u00e9roul\u00e9e dans la plus grande discr\u00e9tion et les dizaines de journalistes pr\u00e9sents dans la salle voisine n\u2019en ont rien su. Marc-Aur\u00e8le M. a par cons\u00e9quent manqu\u00e9 son avion qui devait le ramener au Portugal ce matin. \u00abIl n\u2019a aucune envie de rester davantage de temps sur le territoire\u00bb, fait savoir son avocat.<\/p>\n","protected":false},"excerpt":{"rendered":"\u00abMarco\u00bb a \u00e9t\u00e9 arr\u00eat\u00e9 mercredi apr\u00e8s-midi pour ne pas avoir justifi\u00e9 son adresse comme il est cens\u00e9 le&hellip;\n","protected":false},"author":2,"featured_media":451041,"comment_status":"","ping_status":"","sticky":false,"template":"","format":"standard","meta":{"footnotes":""},"categories":[2],"tags":[11,7296,33030,33031,1011,27,12],"class_list":{"0":"post-451040","1":"post","2":"type-post","3":"status-publish","4":"format-standard","5":"has-post-thumbnail","7":"category-actualites","8":"tag-actualites","9":"tag-albi","10":"tag-cedric-jubillar","11":"tag-delphine-jubillar","12":"tag-fr","13":"tag-france","14":"tag-news"},"share_on_mastodon":{"url":"https:\/\/pubeurope.com\/@fr\/115346512535235940","error":""},"_links":{"self":[{"href":"https:\/\/www.europesays.com\/fr\/wp-json\/wp\/v2\/posts\/451040","targetHints":{"allow":["GET"]}}],"collection":[{"href":"https:\/\/www.europesays.com\/fr\/wp-json\/wp\/v2\/posts"}],"about":[{"href":"https:\/\/www.europesays.com\/fr\/wp-json\/wp\/v2\/types\/post"}],"author":[{"embeddable":true,"href":"https:\/\/www.europesays.com\/fr\/wp-json\/wp\/v2\/users\/2"}],"replies":[{"embeddable":true,"href":"https:\/\/www.europesays.com\/fr\/wp-json\/wp\/v2\/comments?post=451040"}],"version-history":[{"count":0,"href":"https:\/\/www.europesays.com\/fr\/wp-json\/wp\/v2\/posts\/451040\/revisions"}],"wp:featuredmedia":[{"embeddable":true,"href":"https:\/\/www.europesays.com\/fr\/wp-json\/wp\/v2\/media\/451041"}],"wp:attachment":[{"href":"https:\/\/www.europesays.com\/fr\/wp-json\/wp\/v2\/media?parent=451040"}],"wp:term":[{"taxonomy":"category","embeddable":true,"href":"https:\/\/www.europesays.com\/fr\/wp-json\/wp\/v2\/categories?post=451040"},{"taxonomy":"post_tag","embeddable":true,"href":"https:\/\/www.europesays.com\/fr\/wp-json\/wp\/v2\/tags?post=451040"}],"curies":[{"name":"wp","href":"https:\/\/api.w.org\/{rel}","templated":true}]}}