{"id":451042,"date":"2025-10-09T22:14:22","date_gmt":"2025-10-09T22:14:22","guid":{"rendered":"https:\/\/www.europesays.com\/fr\/451042\/"},"modified":"2025-10-09T22:14:22","modified_gmt":"2025-10-09T22:14:22","slug":"ella-et-pitr-signent-la-rentree-a-liut","status":"publish","type":"post","link":"https:\/\/www.europesays.com\/fr\/451042\/","title":{"rendered":"Ella et Pitr signent la rentr\u00e9e \u00e0 l\u2019IUT"},"content":{"rendered":"<p>La fresque d\u2019Ella et Pitr qui vient orner l\u2019entr\u00e9e de l\u2019IUT depuis la rentr\u00e9e met en sc\u00e8ne deux marcheurs, sacs au dos, avan\u00e7ant c\u00f4te \u00e0 c\u00f4te au milieu d\u2019un chaos de rochers irr\u00e9guliers. \u00ab\u00a0Ils apparaissent simultan\u00e9ment g\u00e9ants par leur \u00e9chelle et petits face \u00e0 l\u2019immensit\u00e9 du d\u00e9fi, \u00e0 la fois fragiles et puissants, explique Thierry Brunel, charg\u00e9 de mission communication.<\/p>\n<p>Fid\u00e8le \u00e0 l\u2019univers onirique d\u2019Ella et Pitr, l\u2019\u0153uvre joue avec les perspectives, voilant la r\u00e9alit\u00e9 pour mieux en r\u00e9v\u00e9ler l\u2019essence\u00a0: le chemin compte autant que la destination.\u00a0\u00bb Dans ce jeu d\u2019\u00e9chelles si caract\u00e9ristique du duo, le sens s\u2019impose\u00a0: l\u2019ascension n\u2019est jamais ais\u00e9e. On y porte des \u00ab\u00a0sacs remplis d\u2019h\u00e9ritages, de doutes, de r\u00eaves\u00a0\u00bb, pr\u00e9cise Thierry Brunel. On avance tant\u00f4t avec l\u00e9g\u00e8ret\u00e9, tant\u00f4t lourdement.<\/p>\n<p>Une m\u00e9taphore visuelle du parcours \u00e9tudiant \u00e0 l\u2019IUT<\/p>\n<p>La fresque ouvre une nouvelle dimension sur le campus, r\u00e9v\u00e9lant, au-del\u00e0 des apparences, la lente progression de chacun face \u00e0 son propre parcours.<\/p>\n<p>Cette cr\u00e9ation r\u00e9sonne avec une force particuli\u00e8re dans le contexte universitaire. C\u2019est une m\u00e9taphore visuelle du parcours \u00e9tudiant \u00e0 l\u2019IUT. Chaque rentr\u00e9e symbolise le d\u00e9part d\u2019une nouvelle marche\u00a0: celle de la d\u00e9couverte, des tr\u00e9buchements, de l\u2019apprentissage, de la capacit\u00e9 \u00e0 se redresser et \u00e0 avancer, avec un enseignant comme guide. Cette fresque mat\u00e9rialise aussi le parcours propos\u00e9 par l\u2019IUT\u00a0: une formation acad\u00e9mique exigeante, mais tourn\u00e9e vers la pratique et la technologie, avec au bout du chemin ce BUT (Bachelor Universitaire de Technologie) qui porte si bien son nom.<\/p>\n<p>\u00ab\u00a0Cette \u0153uvre incarne notre mission\u00a0: accompagner nos \u00e9tudiants dans leur cheminement, pas \u00e0 pas, avec exigence et bienveillance. Elle refl\u00e8te notre conviction que l\u2019IUT n\u2019est pas seulement un lieu d\u2019\u00e9tudes, mais un espace de progression, d\u2019ouverture et de confiance en l\u2019avenir\u00a0\u00bb, d\u00e9clare Magali Chaudet, directrice de l\u2019IUT.<\/p>\n<p>D\u00e9sormais, entre deux cours, les \u00e9tudiants sont invit\u00e9s \u00e0 lever les yeux pour contempler l\u2019\u0153uvre monumentale d\u2019Ella &amp; Pitr afin de se rappeler que le parcours, avec ses d\u00e9fis et ses difficult\u00e9s, compte autant que l\u2019objectif final.<\/p>\n","protected":false},"excerpt":{"rendered":"La fresque d\u2019Ella et Pitr qui vient orner l\u2019entr\u00e9e de l\u2019IUT depuis la rentr\u00e9e met en sc\u00e8ne deux&hellip;\n","protected":false},"author":2,"featured_media":451043,"comment_status":"","ping_status":"","sticky":false,"template":"","format":"standard","meta":{"footnotes":""},"categories":[9653],"tags":[1111,11,2430,7539,1057,4854,1777,674,1011,27,12,25,4001,7538],"class_list":{"0":"post-451042","1":"post","2":"type-post","3":"status-publish","4":"format-standard","5":"has-post-thumbnail","7":"category-saint-etienne","8":"tag-actu","9":"tag-actualites","10":"tag-auvergne-rhone-alpes","11":"tag-edition-loire-sud","12":"tag-education","13":"tag-enseignement-superieur","14":"tag-eu","15":"tag-europe","16":"tag-fr","17":"tag-france","18":"tag-news","19":"tag-republique-francaise","20":"tag-saint-etienne","21":"tag-saint-etienne-ville"},"share_on_mastodon":{"url":"https:\/\/pubeurope.com\/@fr\/115346516548380560","error":""},"_links":{"self":[{"href":"https:\/\/www.europesays.com\/fr\/wp-json\/wp\/v2\/posts\/451042","targetHints":{"allow":["GET"]}}],"collection":[{"href":"https:\/\/www.europesays.com\/fr\/wp-json\/wp\/v2\/posts"}],"about":[{"href":"https:\/\/www.europesays.com\/fr\/wp-json\/wp\/v2\/types\/post"}],"author":[{"embeddable":true,"href":"https:\/\/www.europesays.com\/fr\/wp-json\/wp\/v2\/users\/2"}],"replies":[{"embeddable":true,"href":"https:\/\/www.europesays.com\/fr\/wp-json\/wp\/v2\/comments?post=451042"}],"version-history":[{"count":0,"href":"https:\/\/www.europesays.com\/fr\/wp-json\/wp\/v2\/posts\/451042\/revisions"}],"wp:featuredmedia":[{"embeddable":true,"href":"https:\/\/www.europesays.com\/fr\/wp-json\/wp\/v2\/media\/451043"}],"wp:attachment":[{"href":"https:\/\/www.europesays.com\/fr\/wp-json\/wp\/v2\/media?parent=451042"}],"wp:term":[{"taxonomy":"category","embeddable":true,"href":"https:\/\/www.europesays.com\/fr\/wp-json\/wp\/v2\/categories?post=451042"},{"taxonomy":"post_tag","embeddable":true,"href":"https:\/\/www.europesays.com\/fr\/wp-json\/wp\/v2\/tags?post=451042"}],"curies":[{"name":"wp","href":"https:\/\/api.w.org\/{rel}","templated":true}]}}