{"id":451049,"date":"2025-10-09T22:18:12","date_gmt":"2025-10-09T22:18:12","guid":{"rendered":"https:\/\/www.europesays.com\/fr\/451049\/"},"modified":"2025-10-09T22:18:12","modified_gmt":"2025-10-09T22:18:12","slug":"pourquoi-la-route-du-faron-va-t-elle-fermer-plusieurs-jours-en-octobre","status":"publish","type":"post","link":"https:\/\/www.europesays.com\/fr\/451049\/","title":{"rendered":"Pourquoi la route du Faron va-t-elle fermer plusieurs jours en octobre\u00a0?"},"content":{"rendered":"<p>D\u00e8s le lundi 13\u00a0octobre, \u00e0 6 heures, il sera impossible d\u2019acc\u00e9der au Mont Faron (<a href=\"https:\/\/www.20minutes.fr\/societe\/var\/\" target=\"_blank\" class=\"c-link c-link--is-underlined\" rel=\"nofollow noopener\">Var<\/a>) par la route. Pi\u00e9tons, cyclistes et automobilistes devront patienter jusqu\u2019au mercredi 15\u00a0octobre, 19 heures. D\u2019apr\u00e8s <a href=\"https:\/\/mesinfos.fr\/83000-toulon\/toulon-pourquoi-la-route-du-faron-va-fermer-en-octobre-231528.html\" rel=\"nofollow noopener\" target=\"_blank\" class=\"c-link c-link--is-underlined\">Le Var Information<\/a>, cette fermeture temporaire marque le d\u00e9but d\u2019un chantier important de deux mois sur la derni\u00e8re portion de la route du Faron, c\u00f4t\u00e9 descendant.<\/p>\n<p>L\u2019objectif est de s\u00e9curiser la voirie gr\u00e2ce \u00e0 la pose d\u2019ancrages et de filets pare blocs, destin\u00e9s \u00e0 prot\u00e9ger les usagers des chutes de blocs rocheux. Ce secteur, souvent touch\u00e9 par des mouvements de terrain, fait r\u00e9guli\u00e8rement l\u2019objet d\u2019op\u00e9rations de confortement. Depuis\u00a02020, la Ville et la M\u00e9tropole multiplient les travaux pour stabiliser les pentes du site embl\u00e9matique toulonnais.<\/p>\n<p>Un chantier technique sur les hauteurs de Toulon<\/p>\n<p>La M\u00e9tropole TPM pr\u00e9cise que cette fermeture est \u00ab\u00a0indispensable\u00a0\u00bb en raison du manque d\u2019espace sur la chauss\u00e9e et de la complexit\u00e9 des op\u00e9rations. Les <a href=\"https:\/\/www.20minutes.fr\/societe\/4176391-20251001-yvelines-futur-centre-commercial-montigny-bretonneux-construit-usine-puis-assemble-place\" target=\"_blank\" class=\"c-link c-link--is-underlined\" rel=\"nofollow noopener\">travaux<\/a> se concentrent sur le secteur LT32, o\u00f9 les \u00e9quipes doivent intervenir dans des conditions d\u00e9licates.<\/p>\n<\/p>\n<p>Apr\u00e8s la r\u00e9ouverture, pr\u00e9vue d\u00e8s le mercredi 15\u00a0octobre au soir, la circulation restera n\u00e9anmoins ralentie par des op\u00e9rations d\u2019h\u00e9liportage hebdomadaires. Autant dire que les amateurs de balade au Faron devront s\u2019armer d\u2019un peu de patience avant de retrouver leur panorama pr\u00e9f\u00e9r\u00e9 sur la rade de <a href=\"https:\/\/www.20minutes.fr\/dossier\/toulon\" target=\"_blank\" class=\"c-link c-link--is-underlined\" rel=\"nofollow noopener\">Toulon<\/a>.<\/p>\n","protected":false},"excerpt":{"rendered":"D\u00e8s le lundi 13\u00a0octobre, \u00e0 6 heures, il sera impossible d\u2019acc\u00e9der au Mont Faron (Var) par la route.&hellip;\n","protected":false},"author":2,"featured_media":451050,"comment_status":"","ping_status":"","sticky":false,"template":"","format":"standard","meta":{"footnotes":""},"categories":[9619],"tags":[1111,47,11,1777,674,1011,27,12,883,882,25,104,2310,2086,7506],"class_list":{"0":"post-451049","1":"post","2":"type-post","3":"status-publish","4":"format-standard","5":"has-post-thumbnail","7":"category-toulon","8":"tag-actu","9":"tag-actualite","10":"tag-actualites","11":"tag-eu","12":"tag-europe","13":"tag-fr","14":"tag-france","15":"tag-news","16":"tag-paca","17":"tag-provence-alpes-cote-dazur","18":"tag-republique-francaise","19":"tag-societe","20":"tag-toulon","21":"tag-travaux","22":"tag-var"},"share_on_mastodon":{"url":"https:\/\/pubeurope.com\/@fr\/115346532208314168","error":""},"_links":{"self":[{"href":"https:\/\/www.europesays.com\/fr\/wp-json\/wp\/v2\/posts\/451049","targetHints":{"allow":["GET"]}}],"collection":[{"href":"https:\/\/www.europesays.com\/fr\/wp-json\/wp\/v2\/posts"}],"about":[{"href":"https:\/\/www.europesays.com\/fr\/wp-json\/wp\/v2\/types\/post"}],"author":[{"embeddable":true,"href":"https:\/\/www.europesays.com\/fr\/wp-json\/wp\/v2\/users\/2"}],"replies":[{"embeddable":true,"href":"https:\/\/www.europesays.com\/fr\/wp-json\/wp\/v2\/comments?post=451049"}],"version-history":[{"count":0,"href":"https:\/\/www.europesays.com\/fr\/wp-json\/wp\/v2\/posts\/451049\/revisions"}],"wp:featuredmedia":[{"embeddable":true,"href":"https:\/\/www.europesays.com\/fr\/wp-json\/wp\/v2\/media\/451050"}],"wp:attachment":[{"href":"https:\/\/www.europesays.com\/fr\/wp-json\/wp\/v2\/media?parent=451049"}],"wp:term":[{"taxonomy":"category","embeddable":true,"href":"https:\/\/www.europesays.com\/fr\/wp-json\/wp\/v2\/categories?post=451049"},{"taxonomy":"post_tag","embeddable":true,"href":"https:\/\/www.europesays.com\/fr\/wp-json\/wp\/v2\/tags?post=451049"}],"curies":[{"name":"wp","href":"https:\/\/api.w.org\/{rel}","templated":true}]}}