{"id":451064,"date":"2025-10-09T22:28:37","date_gmt":"2025-10-09T22:28:37","guid":{"rendered":"https:\/\/www.europesays.com\/fr\/451064\/"},"modified":"2025-10-09T22:28:37","modified_gmt":"2025-10-09T22:28:37","slug":"nos-7-meilleures-adresses-pour-sempiffrer-de-tartes-flambees-a-strasbourg","status":"publish","type":"post","link":"https:\/\/www.europesays.com\/fr\/451064\/","title":{"rendered":"Nos 7 meilleures adresses pour s\u2019empiffrer de tartes flamb\u00e9es \u00e0 Strasbourg"},"content":{"rendered":"<p><strong>S\u2019il y a bien une chose avec laquelle on ne rigole pas \u00e0 Strasbourg, c\u2019est la tarte flamb\u00e9e. Parlons chaleur, parlons gras, parlons r\u00e9confort et surtout tradition. Star des petites et grandes tabl\u00e9es, la d\u00e9guster, c\u2019est l\u2019adopter. Et voici une liste non exhaustive de nos adresses pr\u00e9f\u00e9r\u00e9es pour s\u2019en d\u00e9lecter, avec des prix pour tous les portefeuilles.\u00a0<\/strong><\/p>\n<p>On l\u2019appelle tarte flamb\u00e9e, flam\u2019s ou TF, mais une chose est s\u00fbre, <strong>seul(e)s les touristes de la Petite France l\u2019appellent flammekueche.<\/strong> Apr\u00e8s plusieurs si\u00e8cles d\u2019existence, la star alsacienne occupe toujours une place de choix dans le coeur des Strasbourgeois(es).<\/p>\n<p><strong>Traditionnelle ou revisit\u00e9e<\/strong>, forme ronde ou bien carr\u00e9e, mais toujours \u00e0 partager : <strong>voici une liste d\u2019adresses pour d\u00e9guster une bonne tarte flamb\u00e9e !\u00a0<\/strong><\/p>\n<p>    <img width=\"450\" height=\"600\" src=\"https:\/\/www.europesays.com\/fr\/wp-content\/uploads\/2025\/10\/image00019-450x600.jpeg\" class=\"attachment-image-size-M size-image-size-M\" alt=\"Flammen\u2019Truch terrasse tarte flamb\u00e9e weadele choucroute poisson\" decoding=\"async\" loading=\"lazy\"  \/>         \u00a9 Bastien Pietronave \/ Pokaa <\/p>\n<p>Les Binchstub (3 adresses)<\/p>\n<p><strong>Les Binchstub, c\u2019est l\u2019incontournable !<\/strong> Trois restaurants sont situ\u00e9s au c\u0153ur de la ville : pr\u00e8s de Broglie, place du March\u00e9-Gayot et \u00e0 la Krutenau. Ambiance bois\u00e9e et convivialit\u00e9, <strong>l\u2019esprit stammtisch y r\u00e8gne en ma\u00eetre.<\/strong><\/p>\n<p>On y d\u00e9guste des tartes flamb\u00e9es traditionnelles, mais aussi des recettes plus originales avec un large panel de fromages. <strong>Quand la famille ou les ami(e)s sont de passage, c\u2019est l\u00e0 qu\u2019il faut les emmener !<\/strong><\/p>\n<p style=\"text-align: center;\"><strong>Broglie, Gayot ou Austerlitz, \u00e0 Strasbourg<br \/><\/strong>11\u20ac la traditionnelle<br \/><a href=\"https:\/\/www.binchstub.fr\/\" target=\"_blank\" rel=\"noopener\">Site web<\/a><\/p>\n<p>                <img width=\"750\" height=\"500\" src=\"https:\/\/www.europesays.com\/fr\/wp-content\/uploads\/2025\/10\/binchstub-gayot-01-1024x683-1-750x500.jpg\" class=\"attachment-gallery size-gallery\" alt=\"binchstub-gayot-01-1024\u00d7683\" data-full-url=\"https:\/\/pokaa.fr\/wp-content\/uploads\/2025\/02\/07\/binchstub-gayot-01-1024x683-1.jpg\" decoding=\"async\" loading=\"lazy\"  \/>            <\/p>\n<p>                <img width=\"500\" height=\"500\" src=\"https:\/\/www.europesays.com\/fr\/wp-content\/uploads\/2025\/10\/binchstub-strasbourg-tartes-flambees.jpg\" class=\"attachment-gallery size-gallery\" alt=\"binchstub-strasbourg-tartes-flambees\" data-full-url=\"https:\/\/www.europesays.com\/fr\/wp-content\/uploads\/2025\/10\/binchstub-strasbourg-tartes-flambees.jpg\" decoding=\"async\" loading=\"lazy\"  \/>            <\/p>\n<p>                    1. \u00a9 Binchstub \/ Documents remis ; 2. \u00a9 Pokaa<\/p>\n<p>    <img width=\"800\" height=\"413\" src=\"https:\/\/www.europesays.com\/fr\/wp-content\/uploads\/2025\/10\/binchstub-tartes-flambees-strasbourg2.jpg\" class=\"attachment-image-size-L size-image-size-L\" alt=\"binchstub-tartes-flambees-strasbourg2\" decoding=\"async\" loading=\"lazy\"  \/>         \u00a9 Binchstub \/ Document remis  <\/p>\n<p>La Fignette<\/p>\n<p>Situ\u00e9e rue de la Vignette, <strong>La Fignette <\/strong>dispose d\u2019une jolie terrasse ombrag\u00e9e. <strong>Ce petit resto <\/strong>perp\u00e9tue la tradition <strong>de la cuisson au feu de bois, dans le quartier le plus touristique de Strasbourg.\u00a0<\/strong><\/p>\n<p>Avec sa carte qui se lit <strong>avec l\u2019accent alsacien<\/strong>, on retrouve \u00e9videmment les grands classiques, mais aussi des v\u00e9g\u00e9tariennes et <strong>m\u00eame quelques sucr\u00e9es.<\/strong><\/p>\n<p style=\"text-align: center;\"><strong>5 rue de la Vignette, \u00e0 Strasbourg<br \/><\/strong>10\u20ac la traditionnelle<br \/><a href=\"https:\/\/lafignette.com\/\" target=\"_blank\" rel=\"noopener\">Site web<\/a><\/p>\n<p>                <img width=\"891\" height=\"500\" src=\"https:\/\/www.europesays.com\/fr\/wp-content\/uploads\/2025\/10\/la-fignette.jpg\" class=\"attachment-gallery size-gallery\" alt=\"la fignette\" data-full-url=\"https:\/\/www.europesays.com\/fr\/wp-content\/uploads\/2025\/10\/la-fignette.jpg\" decoding=\"async\" loading=\"lazy\"  \/>            <\/p>\n<p>                <img width=\"750\" height=\"500\" src=\"https:\/\/www.europesays.com\/fr\/wp-content\/uploads\/2025\/10\/la-fignetteimg-6455-750x500.jpeg\" class=\"attachment-gallery size-gallery\" alt=\"LA-FIGNETTEIMG_6455\" data-full-url=\"https:\/\/pokaa.fr\/wp-content\/uploads\/2023\/10\/23\/la-fignetteimg-6455.jpeg\" decoding=\"async\" loading=\"lazy\"  \/>            <\/p>\n<p>                    \u00a9 Bastien Pietronave \/ Pokaa<\/p>\n<p>Le Tigre<\/p>\n<p>Le Tigre, <strong>c\u2019est une immense brasserie.<\/strong> La tarte flamb\u00e9e y est cuite au feu de bois, la p\u00e2te est faite maison et <strong>les produits viennent de la r\u00e9gion.<\/strong> Mais surtout, l\u2019\u00e9tablissement peut accueillir de grandes tabl\u00e9es, en ext\u00e9rieur comme \u00e0 l\u2019int\u00e9rieur, et les prix sont plus accessibles.<\/p>\n<p>Un tr\u00e8s bon choix <strong>pour les grands groupes ou les grands \u00e9v\u00e9nements \u00e0 c\u00e9l\u00e9brer.<\/strong><\/p>\n<p style=\"text-align: center;\"><strong>5 rue du Faubourg-National, \u00e0 Strasbourg<br \/><\/strong>8,90\u20ac la traditionnelle<br \/><a href=\"https:\/\/letigre.eu\/\" target=\"_blank\" rel=\"noopener\">Site web<\/a><\/p>\n<p>                <img width=\"667\" height=\"500\" src=\"https:\/\/www.europesays.com\/fr\/wp-content\/uploads\/2025\/10\/img-9835-667x500.jpg\" class=\"attachment-gallery size-gallery\" alt=\"tigre euro foot\" data-full-url=\"https:\/\/pokaa.fr\/wp-content\/uploads\/2024\/06\/18\/img-9835.jpg\" decoding=\"async\" loading=\"lazy\"  \/>            <\/p>\n<p>                <img width=\"375\" height=\"500\" src=\"https:\/\/www.europesays.com\/fr\/wp-content\/uploads\/2025\/10\/img-9880-375x500.jpg\" class=\"attachment-gallery size-gallery\" alt=\"tigre euro\" data-full-url=\"https:\/\/pokaa.fr\/wp-content\/uploads\/2024\/06\/18\/img-9880.jpg\" decoding=\"async\" loading=\"lazy\"  \/>            <\/p>\n<p>                    \u00a9 Coraline Lafon \/ Pokaa<\/p>\n<p>    <img width=\"800\" height=\"600\" src=\"https:\/\/www.europesays.com\/fr\/wp-content\/uploads\/2025\/10\/le-tigre-test-restoimage00024-1.jpeg\" class=\"attachment-image-size-L size-image-size-L\" alt=\"Le tigre test restoimage00024\" decoding=\"async\" loading=\"lazy\"  \/>         \u00a9 Pokaa <\/p>\n<p>Mama Bubbele<\/p>\n<p>Direction la Krutenau pour d\u00e9couvrir un s\u00e9rieux concurrent. <strong>Si la d\u00e9coration est moderne, Mama Bubbele <\/strong>sent tout de m\u00eame bon l\u2019Alsace. <strong>Avec sa terrasse face aux quais<\/strong>, des produits bio en majorit\u00e9, une p\u00e2te \u00e9labor\u00e9e chaque jour <strong>\u00e0 partir de farines alsaciennes et biologiques<\/strong>, c\u2019est certainement l\u2019une des meilleures adresses \u00e0 tartes flamb\u00e9es de Strasbourg.<\/p>\n<p>Au menu : un tr\u00e8s large choix de tradi\u2019, mais aussi de belles surprises. Petit bonus ?<strong> Toutes les tartes flamb\u00e9es sont disponibles en version sans gluten ou avec base v\u00e9gane.<\/strong><\/p>\n<p style=\"text-align: center;\"><strong>2 quai des Bateliers, \u00e0 Strasbourg<br \/><\/strong>11\u20ac la traditionnelle<br \/><a href=\"https:\/\/www.mama-bubbele.fr\/\" target=\"_blank\" rel=\"noopener\">Site web<\/a><\/p>\n<p>                <img width=\"375\" height=\"500\" src=\"https:\/\/www.europesays.com\/fr\/wp-content\/uploads\/2025\/10\/mama-bubbele-plat-du-jourimage00019.jpeg\" class=\"attachment-gallery size-gallery\" alt=\"mama bubbele plat du jourimage00019\" data-full-url=\"https:\/\/www.europesays.com\/fr\/wp-content\/uploads\/2025\/10\/mama-bubbele-plat-du-jourimage00019.jpeg\" decoding=\"async\" loading=\"lazy\"  \/>            <\/p>\n<p>                <img width=\"376\" height=\"500\" src=\"https:\/\/www.europesays.com\/fr\/wp-content\/uploads\/2025\/10\/mama-bubbele-4.png\" class=\"attachment-gallery size-gallery\" alt=\"Mama Bubbele 4\" data-full-url=\"https:\/\/www.europesays.com\/fr\/wp-content\/uploads\/2025\/10\/mama-bubbele-4.png\" decoding=\"async\" loading=\"lazy\"  \/>            <\/p>\n<p>                <img width=\"667\" height=\"500\" src=\"https:\/\/www.europesays.com\/fr\/wp-content\/uploads\/2025\/10\/mama-bubbele-plat-du-jourimage00024.jpeg\" class=\"attachment-gallery size-gallery\" alt=\"mama bubbele plat du jourimage00024\" data-full-url=\"https:\/\/www.europesays.com\/fr\/wp-content\/uploads\/2025\/10\/mama-bubbele-plat-du-jourimage00024.jpeg\" decoding=\"async\" loading=\"lazy\"  \/>            <\/p>\n<p>                    \u00a9 Bastien Pietronave \/ Pokaa<\/p>\n<p>Schatzi<\/p>\n<p>Ici, on go\u00fbte <strong>des tartes flamb\u00e9es compl\u00e8tement zinzins<\/strong> : p\u00e9tales de bleuet, pissenlit, pickles d\u2019oignons rouges, ou encore guanciale atterrissent sur une fine p\u00e2te alsacienne.<\/p>\n<p><strong><a href=\"https:\/\/pokaa.fr\/2024\/05\/19\/schatzi-le-nouveau-temple-de-la-tarte-flambee-de-qualite-a-strasbourg\/\" target=\"_blank\" rel=\"noopener\">Chez Schatzi<\/a>, on a l\u2019impression d\u2019\u00eatre chez ses grands-parents,<\/strong> dans une ambiance de napperons et de vaisselles d\u00e9pareill\u00e9es. Une adresse cr\u00e9ative, qui n\u2019a pas peur de revisiter ses classiques.<\/p>\n<p style=\"text-align: center;\"><strong>12 rue des Tonneliers, \u00e0 Strasbourg<br \/><\/strong>9,90\u20ac la traditionnelle<br \/><a href=\"https:\/\/schatzi-restaurant.fr\/\" target=\"_blank\" rel=\"noopener\">Site web<\/a><\/p>\n<p>                <img width=\"403\" height=\"500\" src=\"https:\/\/www.europesays.com\/fr\/wp-content\/uploads\/2025\/10\/image00011-403x500.jpeg\" class=\"attachment-gallery size-gallery\" alt=\"Schatzi restaurant traditionnel tartes flamb\u00e9es\" data-full-url=\"https:\/\/pokaa.fr\/wp-content\/uploads\/2024\/05\/16\/image00011.jpeg\" decoding=\"async\" loading=\"lazy\"  \/>            <\/p>\n<p>                <img width=\"667\" height=\"500\" src=\"https:\/\/www.europesays.com\/fr\/wp-content\/uploads\/2025\/10\/image00041-667x500.jpeg\" class=\"attachment-gallery size-gallery\" alt=\"Schatzi restaurant traditionnel tartes flamb\u00e9es\" data-full-url=\"https:\/\/pokaa.fr\/wp-content\/uploads\/2024\/05\/16\/image00041.jpeg\" decoding=\"async\" loading=\"lazy\"  \/>            <\/p>\n<p>                <img width=\"375\" height=\"500\" src=\"https:\/\/www.europesays.com\/fr\/wp-content\/uploads\/2025\/10\/image00019-375x500.jpeg\" class=\"attachment-gallery size-gallery\" alt=\"Schatzi restaurant traditionnel tartes flamb\u00e9es\" data-full-url=\"https:\/\/pokaa.fr\/wp-content\/uploads\/2024\/05\/16\/image00019.jpeg\" decoding=\"async\" loading=\"lazy\"  \/>            <\/p>\n<p>                <img width=\"375\" height=\"500\" src=\"https:\/\/www.europesays.com\/fr\/wp-content\/uploads\/2025\/10\/image00007-375x500.jpeg\" class=\"attachment-gallery size-gallery\" alt=\"Schatzi restaurant traditionnel tartes flamb\u00e9es\" data-full-url=\"https:\/\/pokaa.fr\/wp-content\/uploads\/2024\/05\/16\/image00007.jpeg\" decoding=\"async\" loading=\"lazy\"  \/>            <\/p>\n<p>                <img width=\"375\" height=\"500\" src=\"https:\/\/www.europesays.com\/fr\/wp-content\/uploads\/2025\/10\/image00009-375x500.jpeg\" class=\"attachment-gallery size-gallery\" alt=\"Schatzi restaurant traditionnel tartes flamb\u00e9es\" data-full-url=\"https:\/\/pokaa.fr\/wp-content\/uploads\/2024\/05\/16\/image00009.jpeg\" decoding=\"async\" loading=\"lazy\"  \/>            <\/p>\n<p>                    \u00a9 Bastien Pietronave \/ Pokaa<\/p>\n<p>Au Canon<\/p>\n<p><strong>Ouverte depuis 1664<\/strong>, c\u2019est l\u2019une des brasseries les plus embl\u00e9matiques de la ville. Situ\u00e9 sur la place du Corbeau, l\u2019\u00e9tablissement sur deux \u00e9tages<strong> s\u2019est refait une beaut\u00e9 il y a maintenant quelques ann\u00e9es.<\/strong><\/p>\n<p>Elle accueille les gourmand(e)s dans un cadre moderne et particuli\u00e8rement soign\u00e9. Au menu, des tartes flamb\u00e9es classiques, <strong>mais aussi <\/strong>tout un tas de <strong>sp\u00e9cialit\u00e9s alsaciennes en tout genre.<\/strong><\/p>\n<p style=\"text-align: center;\"><strong>1 rue d\u2019Austerlitz, \u00e0 Strasbourg<br \/><\/strong>8,90\u20ac la traditionnelle<br \/><a href=\"https:\/\/www.brasserieaucanon.fr\/\" target=\"_blank\" rel=\"noopener\">Site web<\/a><\/p>\n<p>                <img width=\"667\" height=\"500\" src=\"https:\/\/www.europesays.com\/fr\/wp-content\/uploads\/2025\/10\/le-canon-apero-image00010.jpeg\" class=\"attachment-gallery size-gallery\" alt=\"Le Canon ape\u0301ro image00010\" data-full-url=\"https:\/\/www.europesays.com\/fr\/wp-content\/uploads\/2025\/10\/le-canon-apero-image00010.jpeg\" decoding=\"async\" loading=\"lazy\"  \/>            <\/p>\n<p>                <img width=\"667\" height=\"500\" src=\"https:\/\/www.europesays.com\/fr\/wp-content\/uploads\/2025\/10\/le-canon-apero-image00007.jpeg\" class=\"attachment-gallery size-gallery\" alt=\"Le Canon ape\u0301ro image00007\" data-full-url=\"https:\/\/www.europesays.com\/fr\/wp-content\/uploads\/2025\/10\/le-canon-apero-image00007.jpeg\" decoding=\"async\" loading=\"lazy\"  \/>            <\/p>\n<p>                <img width=\"667\" height=\"500\" src=\"https:\/\/www.europesays.com\/fr\/wp-content\/uploads\/2025\/10\/le-canon-image00041.jpeg\" class=\"attachment-gallery size-gallery\" alt=\"LE CANON image00041\" data-full-url=\"https:\/\/www.europesays.com\/fr\/wp-content\/uploads\/2025\/10\/le-canon-image00041.jpeg\" decoding=\"async\" loading=\"lazy\"  \/>            <\/p>\n<p>                    \u00a9 Bastien Pietronave \/ Pokaa<\/p>\n<p>Les Tontons Flambeurs<\/p>\n<p>Ouvert en 2023, le petit \u00ab nouveau \u00bb du quartier NoLiStra \u00e0 Strasbourg s\u2019est d\u00e9j\u00e0 fait une jolie place dans le secteur. Chez les Tontons Flambeurs, <strong>les vins et les cocktails se marient merveilleusement bien<\/strong> aux tartes flamb\u00e9es.<\/p>\n<p>\u00c0 la carte, pas moins de <strong>14 recettes sal\u00e9es sont propos\u00e9es.<\/strong> Si les traditionnelles ont \u00e9videmment une place de choix, les Tontons exp\u00e9rimentent en travaillant des ingr\u00e9dients comme<strong> l\u2019asperge, le brie truff\u00e9, les figues ou le jarret.<\/strong> La d\u00e9coration est quant \u00e0 elle tr\u00e8s moderne et l\u2019amour pour la culture locale se d\u00e9cline sous toutes ses formes.<\/p>\n<p style=\"text-align: center;\"><strong>13b route de Vienne, \u00e0 Strasbourg<br \/><\/strong>9,50\u20ac la traditionnelle<br \/><a href=\"https:\/\/tontonsflambeurs.fr\/\" target=\"_blank\" rel=\"noopener\">Site web<\/a><\/p>\n<p>                <img width=\"667\" height=\"500\" src=\"https:\/\/www.europesays.com\/fr\/wp-content\/uploads\/2025\/10\/image00026-667x500.jpeg\" class=\"attachment-gallery size-gallery\" alt=\"Tarte flamb\u00e9e artisanale les tontons flambeurs stammtish convivialit\u00e9 alsace\" data-full-url=\"https:\/\/pokaa.fr\/wp-content\/uploads\/2023\/11\/07\/image00026.jpeg\" decoding=\"async\" loading=\"lazy\"  \/>            <\/p>\n<p>                <img width=\"707\" height=\"500\" src=\"https:\/\/www.europesays.com\/fr\/wp-content\/uploads\/2025\/10\/image00042-707x500.jpeg\" class=\"attachment-gallery size-gallery\" alt=\"Tarte flamb\u00e9e artisanale les tontons flambeurs stammtish convivialit\u00e9 alsace\" data-full-url=\"https:\/\/pokaa.fr\/wp-content\/uploads\/2023\/11\/07\/image00042.jpeg\" decoding=\"async\" loading=\"lazy\"  \/>            <\/p>\n<p>                <img width=\"375\" height=\"500\" src=\"https:\/\/www.europesays.com\/fr\/wp-content\/uploads\/2025\/10\/image00021-375x500.jpeg\" class=\"attachment-gallery size-gallery\" alt=\"Tarte flamb\u00e9e artisanale les tontons flambeurs stammtish convivialit\u00e9 alsace\" data-full-url=\"https:\/\/pokaa.fr\/wp-content\/uploads\/2023\/11\/07\/image00021.jpeg\" decoding=\"async\" loading=\"lazy\"  \/>            <\/p>\n<p>                <img width=\"375\" height=\"500\" src=\"https:\/\/www.europesays.com\/fr\/wp-content\/uploads\/2025\/10\/image00023-375x500.jpeg\" class=\"attachment-gallery size-gallery\" alt=\"Tarte flamb\u00e9e artisanale les tontons flambeurs stammtish convivialit\u00e9 alsace\" data-full-url=\"https:\/\/pokaa.fr\/wp-content\/uploads\/2023\/11\/07\/image00023.jpeg\" decoding=\"async\" loading=\"lazy\"  \/>            <\/p>\n<p>                    \u00a9 Bastien Pietronave \/ Pokaa<\/p>\n","protected":false},"excerpt":{"rendered":"S\u2019il y a bien une chose avec laquelle on ne rigole pas \u00e0 Strasbourg, c\u2019est la tarte flamb\u00e9e.&hellip;\n","protected":false},"author":2,"featured_media":451065,"comment_status":"","ping_status":"","sticky":false,"template":"","format":"standard","meta":{"footnotes":""},"categories":[2820],"tags":[1111,11,1777,674,1011,27,1661,775,12,25,2923,640,54963],"class_list":{"0":"post-451064","1":"post","2":"type-post","3":"status-publish","4":"format-standard","5":"has-post-thumbnail","7":"category-strasbourg","8":"tag-actu","9":"tag-actualites","10":"tag-eu","11":"tag-europe","12":"tag-fr","13":"tag-france","14":"tag-gastronomie","15":"tag-grand-est","16":"tag-news","17":"tag-republique-francaise","18":"tag-restaurants","19":"tag-strasbourg","20":"tag-tarte-flambee"},"share_on_mastodon":{"url":"https:\/\/pubeurope.com\/@fr\/115346574303535676","error":""},"_links":{"self":[{"href":"https:\/\/www.europesays.com\/fr\/wp-json\/wp\/v2\/posts\/451064","targetHints":{"allow":["GET"]}}],"collection":[{"href":"https:\/\/www.europesays.com\/fr\/wp-json\/wp\/v2\/posts"}],"about":[{"href":"https:\/\/www.europesays.com\/fr\/wp-json\/wp\/v2\/types\/post"}],"author":[{"embeddable":true,"href":"https:\/\/www.europesays.com\/fr\/wp-json\/wp\/v2\/users\/2"}],"replies":[{"embeddable":true,"href":"https:\/\/www.europesays.com\/fr\/wp-json\/wp\/v2\/comments?post=451064"}],"version-history":[{"count":0,"href":"https:\/\/www.europesays.com\/fr\/wp-json\/wp\/v2\/posts\/451064\/revisions"}],"wp:featuredmedia":[{"embeddable":true,"href":"https:\/\/www.europesays.com\/fr\/wp-json\/wp\/v2\/media\/451065"}],"wp:attachment":[{"href":"https:\/\/www.europesays.com\/fr\/wp-json\/wp\/v2\/media?parent=451064"}],"wp:term":[{"taxonomy":"category","embeddable":true,"href":"https:\/\/www.europesays.com\/fr\/wp-json\/wp\/v2\/categories?post=451064"},{"taxonomy":"post_tag","embeddable":true,"href":"https:\/\/www.europesays.com\/fr\/wp-json\/wp\/v2\/tags?post=451064"}],"curies":[{"name":"wp","href":"https:\/\/api.w.org\/{rel}","templated":true}]}}