{"id":451066,"date":"2025-10-09T22:29:19","date_gmt":"2025-10-09T22:29:19","guid":{"rendered":"https:\/\/www.europesays.com\/fr\/451066\/"},"modified":"2025-10-09T22:29:19","modified_gmt":"2025-10-09T22:29:19","slug":"a-strasbourg-un-basic-fit-de-2000-m2-ouvre-lundi-sous-la-fnac","status":"publish","type":"post","link":"https:\/\/www.europesays.com\/fr\/451066\/","title":{"rendered":"\u00e0 Strasbourg, un Basic-Fit de 2000 m2 ouvre lundi sous la Fnac !"},"content":{"rendered":"<p>    <img loading=\"lazy\" width=\"1800\" height=\"900\" src=\"https:\/\/www.europesays.com\/fr\/wp-content\/uploads\/2025\/08\/jeanne-callthepolice.jpg\" class=\"attachment-full size-full\" alt=\"\" id=\"imageLove\" decoding=\"async\"  \/><\/p>\n<p id=\"breadcrumbs\"><a href=\"https:\/\/pokaa.fr\/\" target=\"_blank\" rel=\"noopener\">Accueil<\/a> \/ <a href=\"https:\/\/pokaa.fr\/categories\/actu\/\" target=\"_blank\" rel=\"noopener\">Info locale<\/a> \/ Place Kl\u00e9ber : \u00e0 Strasbourg, un Basic-Fit de 2000 m2 ouvre lundi sous la Fnac !<\/p>\n<p>                    Info locale<\/p>\n<p><b>Ce lundi 13 octobre, un nouvel occupant va ouvrir dans le centre commercial de la Maison Rouge \u00e0 Strasbourg : Basic-Fit. L\u2019entreprise n\u00e9erlandaise ouvre ainsi sa sixi\u00e8me salle de sport dans la ville, la premi\u00e8re dans l\u2019hypercentre.<\/b><\/p>\n<p class=\"p1\">Il a fallu attendre un petit peu plus longtemps que pr\u00e9vu mais l\u2019ouverture approche ! Sur la place Kl\u00e9ber, pr\u00e8s de 3 mois apr\u00e8s l\u2019arriv\u00e9e de l\u2019enseigne Normal, <strong>Basic-Fit accueillera ses premiers\/\u00e8res sportifs\/ves le lundi 13 octobre,<\/strong> au sein du\u00a0centre commercial de la Maison Rouge.<\/p>\n<p>                <a href=\"https:\/\/pokaa.fr\/2025\/06\/17\/strasbourg-ca-y-est-le-magasin-normal-de-700-m2-ouvre-demain-place-kleber\/\" target=\"_blank\" rel=\"noopener\"><br \/>\n                    <img width=\"450\" height=\"270\" src=\"https:\/\/www.europesays.com\/fr\/wp-content\/uploads\/2025\/10\/img-9684-450x270.jpg\" class=\"attachment-card-horizontal--same-subject size-card-horizontal--same-subject wp-post-image\" alt=\"\" decoding=\"async\" loading=\"lazy\"\/>                <\/a><\/p>\n<p><b>L\u2019entreprise cr\u00e9\u00e9e en 1984 s\u2019installe en sous-sol sur un espace de 2 000 m2, vide depuis des ann\u00e9es et le d\u00e9part d\u2019Habitat.<\/b> C\u2019est la sixi\u00e8me salle de l\u2019enseigne n\u00e9erlandaise \u00e0 Strasbourg, apr\u00e8s celles \u00e0 Hautepierre, sur l\u2019avenue de Colmar, proche de la place de Haguenau et au Faubourg-National.<\/p>\n<p>                <img width=\"667\" height=\"500\" src=\"https:\/\/www.europesays.com\/fr\/wp-content\/uploads\/2025\/10\/img-1740-grande-667x500.jpeg\" class=\"attachment-gallery size-gallery\" alt=\"basic fit place kl\u00e9ber\" data-full-url=\"https:\/\/pokaa.fr\/wp-content\/uploads\/2025\/10\/09\/img-1740-grande.jpeg\" decoding=\"async\" loading=\"lazy\"  \/>            <\/p>\n<p>                <img width=\"667\" height=\"500\" src=\"https:\/\/www.europesays.com\/fr\/wp-content\/uploads\/2025\/10\/img-1741-grande-667x500.jpeg\" class=\"attachment-gallery size-gallery\" alt=\"basic fit place kl\u00e9ber\" data-full-url=\"https:\/\/pokaa.fr\/wp-content\/uploads\/2025\/10\/09\/img-1741-grande.jpeg\" decoding=\"async\" loading=\"lazy\"  \/>            <\/p>\n<p>                    \u00a9 Nicolas Kaspar \/ Pokaa<\/p>\n<p>Une nouvelle salle de sport sur la place Kl\u00e9ber<\/p>\n<p class=\"p1\">Dans cette nouvelle salle, la premi\u00e8re de l\u2019enseigne dans l\u2019hypercentre, <b>on pourra retrouver les classiques de la marque, avec douches, vestiaires, casiers, et surtout 7 zones d\u2019entra\u00eenement entre cardio, musculation avec poids libres et cycling<\/b>.<\/p>\n<p class=\"p1\">Elle sera ouverte du lundi au vendredi de 6h \u00e0 22h30, puis les samedis et dimanches de 9h \u00e0 19h.<\/p>\n<p>                <img width=\"667\" height=\"500\" src=\"https:\/\/www.europesays.com\/fr\/wp-content\/uploads\/2025\/10\/img-1745-grande-667x500.jpeg\" class=\"attachment-gallery size-gallery\" alt=\"basic fit place kl\u00e9ber\" data-full-url=\"https:\/\/pokaa.fr\/wp-content\/uploads\/2025\/10\/09\/img-1745-grande.jpeg\" decoding=\"async\" loading=\"lazy\"  \/>            <\/p>\n<p>                <img width=\"667\" height=\"500\" src=\"https:\/\/www.europesays.com\/fr\/wp-content\/uploads\/2025\/10\/img-1743-grande-667x500.jpeg\" class=\"attachment-gallery size-gallery\" alt=\"basic fit place kl\u00e9ber\" data-full-url=\"https:\/\/pokaa.fr\/wp-content\/uploads\/2025\/10\/09\/img-1743-grande.jpeg\" decoding=\"async\" loading=\"lazy\"  \/>            <\/p>\n<p>                    \u00a9 Nicolas Kaspar \/ Pokaa<\/p>\n<p>Pour f\u00eater l\u2019ouverture, l\u2019enseigne propose un tarif de 19,99\u20ac sur 4 semaines. <b>Une offre \u00ab\u00a0exclusive \u00e0 vie\u00a0\u00bb, valable jusqu\u2019\u00e0 la fin du contrat, sans frais d\u2019inscription et valable uniquement pour la salle de la place Kl\u00e9ber<\/b>.<\/p>\n<p>Une fa\u00e7on de rendre la musculation plus accessible, pour une marque qui est n\u00e9anmoins <a href=\"https:\/\/www.gouache.fr\/ressources\/articles-avocats-les-pratiques-commerciales-de-basic-fit-epinglees-par-la-dgccrf\/\" target=\"_blank\" rel=\"noopener\">souvent \u00e9pingl\u00e9e pour ses pratiques commerciales<\/a>, <a href=\"https:\/\/www.mediapart.fr\/journal\/economie-et-social\/250724\/chez-basic-fit-des-salaries-pousses-vers-la-sortie\" target=\"_blank\" rel=\"noopener\">ses licenciements<\/a> ou m\u00eame plus r\u00e9cemment <a href=\"https:\/\/www.francebleu.fr\/infos\/faits-divers-justice\/metz-l-enseigne-basic-fit-presente-ses-excuses-a-l-un-de-ses-clients-victime-d-injures-racistes-5576923\" target=\"_blank\" rel=\"noopener\">pour des propos racistes \u00e0 Metz<\/a>.<\/p>\n","protected":false},"excerpt":{"rendered":"Accueil \/ Info locale \/ Place Kl\u00e9ber : \u00e0 Strasbourg, un Basic-Fit de 2000 m2 ouvre lundi sous&hellip;\n","protected":false},"author":2,"featured_media":451067,"comment_status":"","ping_status":"","sticky":false,"template":"","format":"standard","meta":{"footnotes":""},"categories":[2820],"tags":[1111,917,11,28704,1777,674,1011,27,775,12,42445,25,517,640],"class_list":{"0":"post-451066","1":"post","2":"type-post","3":"status-publish","4":"format-standard","5":"has-post-thumbnail","7":"category-strasbourg","8":"tag-actu","9":"tag-actu-locale","10":"tag-actualites","11":"tag-basic-fit","12":"tag-eu","13":"tag-europe","14":"tag-fr","15":"tag-france","16":"tag-grand-est","17":"tag-news","18":"tag-place-kleber","19":"tag-republique-francaise","20":"tag-sport","21":"tag-strasbourg"},"share_on_mastodon":{"url":"https:\/\/pubeurope.com\/@fr\/115346575843865254","error":""},"_links":{"self":[{"href":"https:\/\/www.europesays.com\/fr\/wp-json\/wp\/v2\/posts\/451066","targetHints":{"allow":["GET"]}}],"collection":[{"href":"https:\/\/www.europesays.com\/fr\/wp-json\/wp\/v2\/posts"}],"about":[{"href":"https:\/\/www.europesays.com\/fr\/wp-json\/wp\/v2\/types\/post"}],"author":[{"embeddable":true,"href":"https:\/\/www.europesays.com\/fr\/wp-json\/wp\/v2\/users\/2"}],"replies":[{"embeddable":true,"href":"https:\/\/www.europesays.com\/fr\/wp-json\/wp\/v2\/comments?post=451066"}],"version-history":[{"count":0,"href":"https:\/\/www.europesays.com\/fr\/wp-json\/wp\/v2\/posts\/451066\/revisions"}],"wp:featuredmedia":[{"embeddable":true,"href":"https:\/\/www.europesays.com\/fr\/wp-json\/wp\/v2\/media\/451067"}],"wp:attachment":[{"href":"https:\/\/www.europesays.com\/fr\/wp-json\/wp\/v2\/media?parent=451066"}],"wp:term":[{"taxonomy":"category","embeddable":true,"href":"https:\/\/www.europesays.com\/fr\/wp-json\/wp\/v2\/categories?post=451066"},{"taxonomy":"post_tag","embeddable":true,"href":"https:\/\/www.europesays.com\/fr\/wp-json\/wp\/v2\/tags?post=451066"}],"curies":[{"name":"wp","href":"https:\/\/api.w.org\/{rel}","templated":true}]}}