{"id":451068,"date":"2025-10-09T22:30:31","date_gmt":"2025-10-09T22:30:31","guid":{"rendered":"https:\/\/www.europesays.com\/fr\/451068\/"},"modified":"2025-10-09T22:30:31","modified_gmt":"2025-10-09T22:30:31","slug":"universite-cote-dazur-prend-le-pouls-du-bien-etre-etudiant-avec-un","status":"publish","type":"post","link":"https:\/\/www.europesays.com\/fr\/451068\/","title":{"rendered":"Universit\u00e9 C\u00f4te d\u2019Azur prend le pouls du bien-\u00eatre \u00e9tudiant avec un (\u2026)"},"content":{"rendered":"<p>                    <img loading=\"lazy\" decoding=\"async\" src=\"https:\/\/www.europesays.com\/fr\/wp-content\/uploads\/2025\/10\/0b207db28ec3947d0b7ba0db5d0317.jpg\" class=\"img-responsive post-image\" width=\"680\" height=\"510\" alt=\"Universit\u00e9 C\u00f4te d'Azur\" title=\"Universit\u00e9 C\u00f4te d'Azur prend le pouls du bien-\u00eatre \u00e9tudiant avec un Barom\u00e8tre in\u00e9dit\"\/><\/p>\n<p class=\"chapo\">\u00c0 l\u2019occasion de la Journ\u00e9e mondiale de la sant\u00e9 mentale, Universit\u00e9 C\u00f4te d\u2019Azur d\u00e9voile un nouvel outil au service de la pr\u00e9vention et du bien-\u00eatre\u00a0: le Barom\u00e8tre de la sant\u00e9 mentale des \u00e9tudiants. Con\u00e7u par le Centre de Sant\u00e9 Universitaire en partenariat avec les acteurs du Conseil Local en Sant\u00e9 Mentale de la Ville de Nice, ce dispositif in\u00e9dit vise \u00e0 encourager les \u00e9tudiants \u00e0 s\u2019interroger sur leur \u00e9quilibre psychologique et \u00e0 les orienter vers les ressources d\u2019aide existantes.<\/p>\n<p>                    Un outil simple pour \u00e9valuer son bien-\u00eatre<\/p>\n<p>Distribu\u00e9 sur les stands de pr\u00e9vention et par les professionnels du Centre de Sant\u00e9 Universitaire, le <strong>Barom\u00e8tre se pr\u00e9sente sous une forme papier claire et bienveillante<\/strong>. Il invite chaque \u00e9tudiant \u00e0 faire le point sur son sommeil, son stress, sa motivation, ses \u00e9motions, son \u00e9quilibre de vie et ses relations sociales. L\u2019objectif n\u2019est pas de poser un diagnostic, mais d\u2019aider chacun \u00e0 <strong>rep\u00e9rer d\u2019\u00e9ventuels signes de mal-\u00eatre et \u00e0 conna\u00eetre les dispositifs de soutien \u00e0 sa disposition<\/strong>\u00a0: consultations psychologiques gratuites, ateliers de gestion du stress, dispositifs d\u2019\u00e9coute, associations, etc.<\/p>\n<p>Une version num\u00e9rique pour une pr\u00e9vention accessible \u00e0 tous<\/p>\n<p>Parce que la sant\u00e9 mentale concerne l\u2019ensemble des \u00e9tudiants, une version num\u00e9rique du Barom\u00e8tre est \u00e9galement disponible sur le site d\u2019Universit\u00e9 C\u00f4te d\u2019Azur. Accessible depuis un ordinateur ou un smartphone, elle offre une auto-\u00e9valuation rapide, anonyme et confidentielle, avec une orientation directe vers les services les plus adapt\u00e9s \u00e0 chaque situation.<\/p>\n<p>Une d\u00e9marche inscrite dans la dur\u00e9e<\/p>\n<p>Le lancement de ce Barom\u00e8tre s\u2019inscrit dans une politique de long terme men\u00e9e par l\u2019Universit\u00e9 pour promouvoir la sant\u00e9 mentale et le bien-\u00eatre sur les campus. Chaque ann\u00e9e, le Centre de Sant\u00e9 Universitaire r\u00e9alise plus de 2 200 consultations psychologiques et propose pr\u00e8s de 50 ateliers de gestion du stress, anim\u00e9s par une \u00e9quipe de psychologues mobilis\u00e9s sur une dizaine de sites.<br class=\"autobr\"\/><br \/>\nCes actions visent \u00e0 accompagner les \u00e9tudiants dans les d\u00e9fis du quotidien\u00a0: pression des \u00e9tudes, isolement, prise de parole, \u00e9quilibre de vie ou anxi\u00e9t\u00e9.<\/p>\n<p><strong>La sant\u00e9 mentale, un enjeu de soci\u00e9t\u00e9<\/strong><br class=\"autobr\"\/><br \/>\nAlors que la sant\u00e9 mentale est la Grande cause nationale 2025, les chiffres soulignent l\u2019urgence d\u2019agir\u00a0: selon une enqu\u00eate IPSOS\/BVA, seuls 45\u00a0% des \u00e9tudiants se d\u00e9clarent en bonne sant\u00e9 mentale, et 60\u00a0% pr\u00e9sentent des signes de souffrance psychologique. Plus alarmant encore, 38\u00a0% envisagent d\u2019interrompre leurs \u00e9tudes en raison de difficult\u00e9s psychiques.<\/p>\n<p>Face \u00e0 ce constat, Universit\u00e9 C\u00f4te d\u2019Azur r\u00e9affirme son engagement pour une pr\u00e9vention active et de proximit\u00e9, o\u00f9 chaque \u00e9tudiant peut trouver \u00e9coute et soutien.<\/p>\n<p>Le Barom\u00e8tre de la sant\u00e9 mentale des \u00e9tudiants est disponible\u00a0:<br class=\"autobr\"\/><br \/>\nsur les stands de pr\u00e9vention organis\u00e9s sur les campus,<br class=\"autobr\"\/><br \/>\naupr\u00e8s des professionnels du Centre de Sant\u00e9 Universitaire,<br class=\"autobr\"\/><br \/>\net <a href=\"https:\/\/univ-cotedazur.fr\/vie-des-campus\/sante-aide-sociale\/barometre-de-la-sante-mentale\" class=\"spip_out\" rel=\"external nofollow noopener\" target=\"_blank\">en ligne sur le site de l\u2019Universit\u00e9 C\u00f4te d\u2019Azur.<\/a><\/p>\n","protected":false},"excerpt":{"rendered":"\u00c0 l\u2019occasion de la Journ\u00e9e mondiale de la sant\u00e9 mentale, Universit\u00e9 C\u00f4te d\u2019Azur d\u00e9voile un nouvel outil au&hellip;\n","protected":false},"author":2,"featured_media":451069,"comment_status":"","ping_status":"","sticky":false,"template":"","format":"standard","meta":{"footnotes":""},"categories":[2819],"tags":[1111,11,2408,1777,674,1011,27,12,2401,882,25],"class_list":{"0":"post-451068","1":"post","2":"type-post","3":"status-publish","4":"format-standard","5":"has-post-thumbnail","7":"category-nice","8":"tag-actu","9":"tag-actualites","10":"tag-appels-d","11":"tag-eu","12":"tag-europe","13":"tag-fr","14":"tag-france","15":"tag-news","16":"tag-nice","17":"tag-provence-alpes-cote-dazur","18":"tag-republique-francaise"},"share_on_mastodon":{"url":"https:\/\/pubeurope.com\/@fr\/115346579563042520","error":""},"_links":{"self":[{"href":"https:\/\/www.europesays.com\/fr\/wp-json\/wp\/v2\/posts\/451068","targetHints":{"allow":["GET"]}}],"collection":[{"href":"https:\/\/www.europesays.com\/fr\/wp-json\/wp\/v2\/posts"}],"about":[{"href":"https:\/\/www.europesays.com\/fr\/wp-json\/wp\/v2\/types\/post"}],"author":[{"embeddable":true,"href":"https:\/\/www.europesays.com\/fr\/wp-json\/wp\/v2\/users\/2"}],"replies":[{"embeddable":true,"href":"https:\/\/www.europesays.com\/fr\/wp-json\/wp\/v2\/comments?post=451068"}],"version-history":[{"count":0,"href":"https:\/\/www.europesays.com\/fr\/wp-json\/wp\/v2\/posts\/451068\/revisions"}],"wp:featuredmedia":[{"embeddable":true,"href":"https:\/\/www.europesays.com\/fr\/wp-json\/wp\/v2\/media\/451069"}],"wp:attachment":[{"href":"https:\/\/www.europesays.com\/fr\/wp-json\/wp\/v2\/media?parent=451068"}],"wp:term":[{"taxonomy":"category","embeddable":true,"href":"https:\/\/www.europesays.com\/fr\/wp-json\/wp\/v2\/categories?post=451068"},{"taxonomy":"post_tag","embeddable":true,"href":"https:\/\/www.europesays.com\/fr\/wp-json\/wp\/v2\/tags?post=451068"}],"curies":[{"name":"wp","href":"https:\/\/api.w.org\/{rel}","templated":true}]}}