{"id":451070,"date":"2025-10-09T22:31:14","date_gmt":"2025-10-09T22:31:14","guid":{"rendered":"https:\/\/www.europesays.com\/fr\/451070\/"},"modified":"2025-10-09T22:31:14","modified_gmt":"2025-10-09T22:31:14","slug":"contre-lol-la-populaire-sud-de-nice-en-sursis","status":"publish","type":"post","link":"https:\/\/www.europesays.com\/fr\/451070\/","title":{"rendered":"Contre l\u2019OL, la Populaire Sud de Nice en sursis"},"content":{"rendered":"<p>                            <img width=\"770\" height=\"433\" src=\"https:\/\/www.europesays.com\/fr\/wp-content\/uploads\/2025\/10\/000_33A46BK-770x433.jpg\" class=\"attachment-article size-article wp-post-image\" alt=\"Les supporters de Nice lors d'un match de Ligue 1\" decoding=\"async\" fetchpriority=\"high\"  \/><\/p>\n<p>Les supporters de Nice lors d\u2019un match de Ligue 1 (Photo by Valery HACHE \/ AFP)<\/p>\n<p>Mercredi, la commission de discipline de la LFP a confirm\u00e9 la suspension d\u2019Ali Abdi pour un match contre l\u2019OL. La Populaire Sud sera sous le coup d\u2019un sursis suite \u00e0 des chants ayant provoqu\u00e9 deux interruptions de la rencontre contre le Paris FC.<\/p>\n<p>Cela ne fait que quatre jours et certains sont d\u00e9j\u00e0 en manque du football de club. Les tr\u00eaves internationales ont quelque peu perdu de l\u2019int\u00e9r\u00eat chez les suiveurs et le retour de la Ligue 1 est forc\u00e9ment attendue chez les supporters. Il faudra patienter encore un peu, car le championnat de France ne reprendra ses droits que le vendredi 17 octobre. Pour ce qui est de l\u2019<strong>OL<\/strong>, le retour \u00e0 la comp\u00e9tition aura lieu le lendemain avec un d\u00e9placement \u00e0\u00a0<strong>Nice<\/strong>\u00a0(17h). M\u00eame si les Aiglons ne sont pas au top de leur forme, un voyage sur la C\u00f4te d\u2019Azur n\u2019est jamais simple. Comme avanc\u00e9 depuis le d\u00e9but de la saison, Franck\u00a0<strong>Haise<\/strong>\u00a0devra faire sans Mo\u00efse\u00a0<strong>Bombito<\/strong>, victime d\u2019une\u00a0<a href=\"https:\/\/www.olympique-et-lyonnais.com\/avant-daffronter-lol-nice-perd-un-nouveau-defenseur-sur-blessure,381921.html\" target=\"_blank\" rel=\"noopener\">fracture du tibia<\/a>, et d\u2019Ali Abdi.<\/p>\n<p>Un comportement scrut\u00e9 le 18 octobre<\/p>\n<p>Le lat\u00e9ral ni\u00e7ois a vu sa suspension\u00a0<a href=\"https:\/\/www.olympique-et-lyonnais.com\/contre-lol-nice-fera-egalement-sans-ali-abdi,381975.html\" target=\"_blank\" rel=\"noopener\">d\u2019un match ferme<\/a>\u00a0confirm\u00e9e par la commission de discipline mercredi soir. Cette derni\u00e8re a \u00e9galement plac\u00e9 la tribune Populaire Sud sous le coup d\u2019un sursis. \u00c0 l\u2019occasion de la venue du\u00a0<strong>Paris FC<\/strong>, le 28 septembre dernier, l\u2019arbitre avait \u00e9t\u00e9 oblig\u00e9 d\u2019interrompre \u00e0 deux reprises la rencontre suite \u00e0 certaines\u00a0\u00ab\u00a0expressions orales\u00a0\u00bb. La commission de discipline a donc choisi de pr\u00e9venir avant de s\u00e9vir. Le comportement des supporters ni\u00e7ois sera de ce fait observ\u00e9 avec attention le 18 octobre prochain.<\/p>\n<p>\t\t\t\t\t<a href=\"https:\/\/www.olympique-et-lyonnais.com\/gerlinger-fait-son-entree-au-conseil-dadministration-de-lol-fondation,382134.html\" title=\"Gerlinger fait son entr\u00e9e au conseil d\u2019administration de l\u2019OL Fondation\" target=\"_blank\" rel=\"noopener\"><img loading=\"lazy\" width=\"580\" height=\"326\" src=\"https:\/\/www.europesays.com\/fr\/wp-content\/uploads\/2025\/10\/Gerlinger-580x326.jpg\" class=\"attachment-actularge size-actularge wp-post-image\" alt=\"Michael Gerlinger, dirigeant de l'OL\" decoding=\"async\"  \/>\t\t\t\t\t<\/a><\/p>\n","protected":false},"excerpt":{"rendered":"Les supporters de Nice lors d\u2019un match de Ligue 1 (Photo by Valery HACHE \/ AFP) Mercredi, la&hellip;\n","protected":false},"author":2,"featured_media":451071,"comment_status":"","ping_status":"","sticky":false,"template":"","format":"standard","meta":{"footnotes":""},"categories":[2819],"tags":[1111,11,1777,674,1011,27,66,12,2401,241,978,882,25],"class_list":{"0":"post-451070","1":"post","2":"type-post","3":"status-publish","4":"format-standard","5":"has-post-thumbnail","7":"category-nice","8":"tag-actu","9":"tag-actualites","10":"tag-eu","11":"tag-europe","12":"tag-fr","13":"tag-france","14":"tag-ligue-1","15":"tag-news","16":"tag-nice","17":"tag-ol","18":"tag-olympique-lyonnais","19":"tag-provence-alpes-cote-dazur","20":"tag-republique-francaise"},"share_on_mastodon":{"url":"https:\/\/pubeurope.com\/@fr\/115346583442935551","error":""},"_links":{"self":[{"href":"https:\/\/www.europesays.com\/fr\/wp-json\/wp\/v2\/posts\/451070","targetHints":{"allow":["GET"]}}],"collection":[{"href":"https:\/\/www.europesays.com\/fr\/wp-json\/wp\/v2\/posts"}],"about":[{"href":"https:\/\/www.europesays.com\/fr\/wp-json\/wp\/v2\/types\/post"}],"author":[{"embeddable":true,"href":"https:\/\/www.europesays.com\/fr\/wp-json\/wp\/v2\/users\/2"}],"replies":[{"embeddable":true,"href":"https:\/\/www.europesays.com\/fr\/wp-json\/wp\/v2\/comments?post=451070"}],"version-history":[{"count":0,"href":"https:\/\/www.europesays.com\/fr\/wp-json\/wp\/v2\/posts\/451070\/revisions"}],"wp:featuredmedia":[{"embeddable":true,"href":"https:\/\/www.europesays.com\/fr\/wp-json\/wp\/v2\/media\/451071"}],"wp:attachment":[{"href":"https:\/\/www.europesays.com\/fr\/wp-json\/wp\/v2\/media?parent=451070"}],"wp:term":[{"taxonomy":"category","embeddable":true,"href":"https:\/\/www.europesays.com\/fr\/wp-json\/wp\/v2\/categories?post=451070"},{"taxonomy":"post_tag","embeddable":true,"href":"https:\/\/www.europesays.com\/fr\/wp-json\/wp\/v2\/tags?post=451070"}],"curies":[{"name":"wp","href":"https:\/\/api.w.org\/{rel}","templated":true}]}}