{"id":451079,"date":"2025-10-09T22:36:14","date_gmt":"2025-10-09T22:36:14","guid":{"rendered":"https:\/\/www.europesays.com\/fr\/451079\/"},"modified":"2025-10-09T22:36:14","modified_gmt":"2025-10-09T22:36:14","slug":"nouveaux-locaux-pour-lagence-de-communication-toulousaine-spktr","status":"publish","type":"post","link":"https:\/\/www.europesays.com\/fr\/451079\/","title":{"rendered":"Nouveaux locaux pour l&rsquo;agence de communication toulousaine SPKTR"},"content":{"rendered":"<p>Sept ans apr\u00e8s sa cr\u00e9ation, l\u2019agence de communication toulousaine SPKTR, fond\u00e9e en 2018 par Kevin Dangu et Paul Courtey, franchit une nouvelle \u00e9tape de son d\u00e9veloppement en s\u2019installant dans de nouveaux locaux, rue Berthelot \u00e0 Toulouse. Elle projette un chiffre d\u2019affaires de 1 million d\u2019euros en 2025, soit une progression de 20\u00a0% par rapport en 2024.<\/p>\n<p>Parmi les clients de l\u2019agence, JMI, sp\u00e9cialis\u00e9 dans les produits de la mer et du froid, le groupe  cosm\u00e9tique Havea, Exc\u00e9dent \u00c9lectrom\u00e9nager ou le groupe Carr\u00e9ment Fleurs. Cette ann\u00e9e, de nouveaux clients lui ont fait confance comme la marque de salle de fitness Clark Powell, le specialiste en vans et fourgons Yakavan, l\u2019entreprise de peinture Blanc Polaire ou encore Prestia, sp\u00e9cialis\u00e9 dans le traitement anticorrosion de l\u2019acier.<\/p>\n","protected":false},"excerpt":{"rendered":"Sept ans apr\u00e8s sa cr\u00e9ation, l\u2019agence de communication toulousaine SPKTR, fond\u00e9e en 2018 par Kevin Dangu et Paul&hellip;\n","protected":false},"author":2,"featured_media":373637,"comment_status":"","ping_status":"","sticky":false,"template":"","format":"standard","meta":{"footnotes":""},"categories":[2816],"tags":[1111,11,536,1777,674,1011,27,37280,12,2680,25,2312],"class_list":{"0":"post-451079","1":"post","2":"type-post","3":"status-publish","4":"format-standard","5":"has-post-thumbnail","7":"category-toulouse","8":"tag-actu","9":"tag-actualites","10":"tag-communication","11":"tag-eu","12":"tag-europe","13":"tag-fr","14":"tag-france","15":"tag-marketing-communication","16":"tag-news","17":"tag-occitanie","18":"tag-republique-francaise","19":"tag-toulouse"},"share_on_mastodon":{"url":"https:\/\/pubeurope.com\/@fr\/115346602955015967","error":""},"_links":{"self":[{"href":"https:\/\/www.europesays.com\/fr\/wp-json\/wp\/v2\/posts\/451079","targetHints":{"allow":["GET"]}}],"collection":[{"href":"https:\/\/www.europesays.com\/fr\/wp-json\/wp\/v2\/posts"}],"about":[{"href":"https:\/\/www.europesays.com\/fr\/wp-json\/wp\/v2\/types\/post"}],"author":[{"embeddable":true,"href":"https:\/\/www.europesays.com\/fr\/wp-json\/wp\/v2\/users\/2"}],"replies":[{"embeddable":true,"href":"https:\/\/www.europesays.com\/fr\/wp-json\/wp\/v2\/comments?post=451079"}],"version-history":[{"count":0,"href":"https:\/\/www.europesays.com\/fr\/wp-json\/wp\/v2\/posts\/451079\/revisions"}],"wp:featuredmedia":[{"embeddable":true,"href":"https:\/\/www.europesays.com\/fr\/wp-json\/wp\/v2\/media\/373637"}],"wp:attachment":[{"href":"https:\/\/www.europesays.com\/fr\/wp-json\/wp\/v2\/media?parent=451079"}],"wp:term":[{"taxonomy":"category","embeddable":true,"href":"https:\/\/www.europesays.com\/fr\/wp-json\/wp\/v2\/categories?post=451079"},{"taxonomy":"post_tag","embeddable":true,"href":"https:\/\/www.europesays.com\/fr\/wp-json\/wp\/v2\/tags?post=451079"}],"curies":[{"name":"wp","href":"https:\/\/api.w.org\/{rel}","templated":true}]}}