{"id":451084,"date":"2025-10-09T22:39:18","date_gmt":"2025-10-09T22:39:18","guid":{"rendered":"https:\/\/www.europesays.com\/fr\/451084\/"},"modified":"2025-10-09T22:39:18","modified_gmt":"2025-10-09T22:39:18","slug":"giroud-pense-que-lille-sera-le-dernier-club-de-sa-carriere-ligue-1-losc","status":"publish","type":"post","link":"https:\/\/www.europesays.com\/fr\/451084\/","title":{"rendered":"Giroud pense que Lille sera le dernier club de sa carri\u00e8re &#8211; Ligue 1 &#8211; LOSC"},"content":{"rendered":"<p><a target=\"_blank\" href=\"https:\/\/www.youtube.com\/watch?v=p7nXiUYiGAs\" rel=\"nofollow noopener\">Rentrons, il commence \u00e0 pleuvoir.<\/a><\/p>\n<p>Invit\u00e9 de l\u2019After Foot ce jeudi soir, Olivier Giroud s\u2019est livr\u00e9 sur de nombreux sujets, dont sa retraite. L\u2019avant-centre de 39 ans a r\u00e9v\u00e9l\u00e9 que<strong> le LOSC, avec qui il a d\u00e9j\u00e0 marqu\u00e9 trois buts en huit apparitions (TCC), pourrait \u00ab\u00a0tr\u00e8s certainement\u202f\u00bb \u00eatre son dernier club.\u00a0\u00a0<\/strong><\/p>\n<blockquote class=\"twitter-tweet\" data-media-max-width=\"560\">\n<p lang=\"fr\" dir=\"ltr\">\ud83d\udde3\ufe0f \u00ab\u00a0Si sur un match ou un rassemblement, il y a besoin de d\u00e9panner&#8230; Ce n&rsquo;est pas mon style de refuser une s\u00e9lection.\u00a0\u00bb<br \/>\n\ud83c\uddeb\ud83c\uddf7 Olivier Giroud \u00e9voque l&rsquo;\u00e9quipe de France au micro de l&rsquo;<a target=\"_blank\" href=\"https:\/\/twitter.com\/AfterRMC?ref_src=twsrc%5Etfw\" rel=\"nofollow noopener\">@AfterRMC<\/a> <a target=\"_blank\" href=\"https:\/\/t.co\/yHa90FvzeN\" rel=\"nofollow\">pic.twitter.com\/yHa90FvzeN<\/a><\/p>\n<p>\u2014 After Foot RMC (@AfterRMC) <a target=\"_blank\" href=\"https:\/\/twitter.com\/AfterRMC\/status\/1976398125561790498?ref_src=twsrc%5Etfw\" rel=\"nofollow noopener\">October 9, 2025<\/a><\/p><\/blockquote>\n<p>Il a tourn\u00e9 la page avec les Bleus, mais\u2026<\/p>\n<p>Loquace, le recordman des buts en \u00e9quipe de France (57 en 137 s\u00e9lections) n\u2019a pas pu s\u2019emp\u00eacher de glisser quelques mots sur les Bleus. M\u00eame s\u2019il a pris sa retraite internationale, l\u2019ancien buteur d\u2019Arsenal et Chelsea reste n\u00e9anmoins \u00e0 la disposition du s\u00e9lectionneur : \u00ab\u202fIl faudrait vraiment qu\u2019il y ait une \u00e9norme h\u00e9catombe pour m\u2019appeler, a pos\u00e9 Giroud. L\u00e0, il manque cinq attaquants et le coach ne m\u2019appelle pas. Il a bien compris que j\u2019avais tourn\u00e9 la page [\u2026] <strong>S\u2019il y a besoin de d\u00e9panner sur un match ou un rassemblement\u2026 Ce n\u2019est pas mon style de refuser une s\u00e9lection m\u00eame si j\u2019ai annonc\u00e9 ma retraite. Pour rendre service, je pourrai le faire.\u00a0\u00bb<\/strong><\/p>\n<p>Un bon soldat jusqu\u2019au bout.<\/p>\n<p>\t\t\t\t\t\t\t\t\t\t<a class=\"lien-connexe\" href=\"https:\/\/www.sofoot.com\/breves\/olivier-letang-refuse-linvitation-de-la-fff-pour-tester-la-var\" rel=\"nofollow noopener\" target=\"_blank\">Olivier L\u00e9tang refuse l\u2019invitation de la FFF pour tester la VAR<\/a>\t\t\t\t\t<script async src=\"https:\/\/platform.twitter.com\/widgets.js\" charset=\"utf-8\"><\/script><\/p>\n","protected":false},"excerpt":{"rendered":"Rentrons, il commence \u00e0 pleuvoir. Invit\u00e9 de l\u2019After Foot ce jeudi soir, Olivier Giroud s\u2019est livr\u00e9 sur de&hellip;\n","protected":false},"author":2,"featured_media":451085,"comment_status":"","ping_status":"","sticky":false,"template":"","format":"standard","meta":{"footnotes":""},"categories":[2815],"tags":[1111,47,11,61,69,65,64,1777,674,63,1011,27,811,68,66,1307,12,62,70,25,67],"class_list":{"0":"post-451084","1":"post","2":"type-post","3":"status-publish","4":"format-standard","5":"has-post-thumbnail","7":"category-lille","8":"tag-actu","9":"tag-actualite","10":"tag-actualites","11":"tag-actus-football","12":"tag-bundesliga","13":"tag-championnats-europeens","14":"tag-equipe-de-france","15":"tag-eu","16":"tag-europe","17":"tag-football","18":"tag-fr","19":"tag-france","20":"tag-hauts-de-france","21":"tag-ligua","22":"tag-ligue-1","23":"tag-lille","24":"tag-news","25":"tag-news-foot","26":"tag-premier-league","27":"tag-republique-francaise","28":"tag-serie-a"},"share_on_mastodon":{"url":"https:\/\/pubeurope.com\/@fr\/115346614808035015","error":""},"_links":{"self":[{"href":"https:\/\/www.europesays.com\/fr\/wp-json\/wp\/v2\/posts\/451084","targetHints":{"allow":["GET"]}}],"collection":[{"href":"https:\/\/www.europesays.com\/fr\/wp-json\/wp\/v2\/posts"}],"about":[{"href":"https:\/\/www.europesays.com\/fr\/wp-json\/wp\/v2\/types\/post"}],"author":[{"embeddable":true,"href":"https:\/\/www.europesays.com\/fr\/wp-json\/wp\/v2\/users\/2"}],"replies":[{"embeddable":true,"href":"https:\/\/www.europesays.com\/fr\/wp-json\/wp\/v2\/comments?post=451084"}],"version-history":[{"count":0,"href":"https:\/\/www.europesays.com\/fr\/wp-json\/wp\/v2\/posts\/451084\/revisions"}],"wp:featuredmedia":[{"embeddable":true,"href":"https:\/\/www.europesays.com\/fr\/wp-json\/wp\/v2\/media\/451085"}],"wp:attachment":[{"href":"https:\/\/www.europesays.com\/fr\/wp-json\/wp\/v2\/media?parent=451084"}],"wp:term":[{"taxonomy":"category","embeddable":true,"href":"https:\/\/www.europesays.com\/fr\/wp-json\/wp\/v2\/categories?post=451084"},{"taxonomy":"post_tag","embeddable":true,"href":"https:\/\/www.europesays.com\/fr\/wp-json\/wp\/v2\/tags?post=451084"}],"curies":[{"name":"wp","href":"https:\/\/api.w.org\/{rel}","templated":true}]}}