{"id":451092,"date":"2025-10-09T22:45:16","date_gmt":"2025-10-09T22:45:16","guid":{"rendered":"https:\/\/www.europesays.com\/fr\/451092\/"},"modified":"2025-10-09T22:45:16","modified_gmt":"2025-10-09T22:45:16","slug":"cette-brocante-tres-attendue-va-reunir-plus-de-600-exposants-ce-week-end-dans-cette-commune","status":"publish","type":"post","link":"https:\/\/www.europesays.com\/fr\/451092\/","title":{"rendered":"cette brocante tr\u00e8s attendue va r\u00e9unir plus de 600 exposants ce week-end dans cette commune"},"content":{"rendered":"<p>            Par<br \/>\n        <strong><br \/>\n            <a href=\"https:\/\/actu.fr\/auteur\/redaction-valdemarne\" title=\"Consulter tous les articles de R\u00e9daction Val de Marne\" target=\"_blank\" rel=\"noopener\">R\u00e9daction Val de Marne<\/a><br \/>\n        <\/strong><\/p>\n<p>        Publi\u00e9 le<\/p>\n<p>            9 oct. 2025 \u00e0 17h07        <\/p>\n<p>Le week-end des samedi 11 et dimanche 12 octobre, les amateurs de <a href=\"https:\/\/actu.fr\/loisirs-culture\/voici-les-brocantes-et-vide-greniers-organises-a-paris-et-en-ile-de-france-samedi-11-et-dimanche-12-octobre_63269409.html\" target=\"_blank\" rel=\"noopener\">brocantes et vide-greniers<\/a> vont avoir de nombreuses occasions de chiner que ce soit \u00e0 Paris ou dans le reste de l\u2019\u00cele-de-France. Parmi les \u00e9v\u00e8nements organis\u00e9s, une <a href=\"https:\/\/actu.fr\/tag\/brocante\" target=\"_blank\" rel=\"noopener\">brocante<\/a> devrait particuli\u00e8rement attirer ceux d\u00e9sireux de faire de bonnes affaires, \u00e0 Limeil-Br\u00e9vannes dans le Val-de-Marne.\u00a0<\/p>\n<p>68e \u00e9dition de la Brocante du centre-ville de Limeil-Br\u00e9vannes<\/p>\n<p class=\" wall-content\">L\u2019association La Cigale de Limeil-Br\u00e9vannes, en partenariat avec la Ville, organise la 68e \u00e9dition de la Brocante du centre-ville le dimanche 12 octobre. \u00ab\u00a0Que vous cherchiez des v\u00eatements, des jouets, des livres ou bien des meubles, cette journ\u00e9e est l\u2019occasion de trouver l\u2019objet de vos r\u00eaves \u00e0 moindre co\u00fbt\u00a0\u00bb, annoncent les organisateurs sur la page Facebook de la commune.\u00a0<\/p>\n<p class=\" wall-content\">Chaque ann\u00e9e, l\u2019association La Cigale organise deux brocantes majeures en centre-ville de Limeil-Br\u00e9vannes, au printemps et en automne. Ces \u00e9v\u00e9nements, qui rassemblent plusieurs centaines d\u2019exposants, sont devenus un rendez-vous tr\u00e8s attendu pour les habitants comme pour les visiteurs.<\/p>\n<p>Les conseils pour bien chiner dans les brocantes<\/p>\n<p class=\" wall-content\">Quelques conseils ne sont parfois pas inutiles pour ces derniers. Il est recommand\u00e9 d\u2019avoir une id\u00e9e de ce que l\u2019on cherchepour ne pas s\u2019\u00e9parpiller et identifier rapidement les stands pertinents. Il faut aussi prendre le temps de fouiner, c\u2019est ainsi que l\u2019on d\u00e9couvre des tr\u00e9sors cach\u00e9s parfois.<\/p>\n<p class=\" wall-content\">Il est important d\u2019inspecter l\u2019\u00e9tat avant d\u2019acheter : v\u00e9rifier les fissures, les \u00e9raflures, le fonctionnement, etc. Un petit d\u00e9faut peut \u00eatre source de n\u00e9gociation ou rendre l\u2019objet inutilisable.<\/p>\n<p class=\" wall-content\">N\u00e9gocier avec respect dans la cordialit\u00e9 est \u00e9galement conseill\u00e9.<\/p>\n<p class=\" wall-content\">Enfin, il faut tenir compte du transport : si l\u2019on ach\u00e8te un meuble, il faut pouvoir le rapporter chez soi\u2026<\/p>\n<p class=\" wall-content\">Personnalisez votre actualit\u00e9 en ajoutant vos villes et m\u00e9dias en favori avec <a href=\"https:\/\/moncompte.actu.fr\" title=\"D\u00e9couvez Mon Actu\" rel=\"nofollow noopener\" data-trk=\"{&quot;cta&quot;:{&quot;action&quot;:&quot;https:\\\/\\\/moncompte.actu.fr&quot;,&quot;category&quot;:&quot;mon compte&quot;,&quot;from&quot;:&quot;article footer&quot;,&quot;name&quot;:&quot;Mon actu&quot;,&quot;type&quot;:&quot;cta&quot;}}\" target=\"_blank\">Mon Actu<\/a>.<\/p>\n","protected":false},"excerpt":{"rendered":"Par R\u00e9daction Val de Marne Publi\u00e9 le 9 oct. 2025 \u00e0 17h07 Le week-end des samedi 11 et&hellip;\n","protected":false},"author":2,"featured_media":386198,"comment_status":"","ping_status":"","sticky":false,"template":"","format":"standard","meta":{"footnotes":""},"categories":[1592],"tags":[1111,11,6961,1777,674,1011,27,662,1652,12,626,25,3365],"class_list":{"0":"post-451092","1":"post","2":"type-post","3":"status-publish","4":"format-standard","5":"has-post-thumbnail","7":"category-ile-de-france","8":"tag-actu","9":"tag-actualites","10":"tag-brocante","11":"tag-eu","12":"tag-europe","13":"tag-fr","14":"tag-france","15":"tag-ile-de-france","16":"tag-loisirs-culture","17":"tag-news","18":"tag-paris","19":"tag-republique-francaise","20":"tag-vide-greniers"},"share_on_mastodon":{"url":"https:\/\/pubeurope.com\/@fr\/115346638402976966","error":""},"_links":{"self":[{"href":"https:\/\/www.europesays.com\/fr\/wp-json\/wp\/v2\/posts\/451092","targetHints":{"allow":["GET"]}}],"collection":[{"href":"https:\/\/www.europesays.com\/fr\/wp-json\/wp\/v2\/posts"}],"about":[{"href":"https:\/\/www.europesays.com\/fr\/wp-json\/wp\/v2\/types\/post"}],"author":[{"embeddable":true,"href":"https:\/\/www.europesays.com\/fr\/wp-json\/wp\/v2\/users\/2"}],"replies":[{"embeddable":true,"href":"https:\/\/www.europesays.com\/fr\/wp-json\/wp\/v2\/comments?post=451092"}],"version-history":[{"count":0,"href":"https:\/\/www.europesays.com\/fr\/wp-json\/wp\/v2\/posts\/451092\/revisions"}],"wp:featuredmedia":[{"embeddable":true,"href":"https:\/\/www.europesays.com\/fr\/wp-json\/wp\/v2\/media\/386198"}],"wp:attachment":[{"href":"https:\/\/www.europesays.com\/fr\/wp-json\/wp\/v2\/media?parent=451092"}],"wp:term":[{"taxonomy":"category","embeddable":true,"href":"https:\/\/www.europesays.com\/fr\/wp-json\/wp\/v2\/categories?post=451092"},{"taxonomy":"post_tag","embeddable":true,"href":"https:\/\/www.europesays.com\/fr\/wp-json\/wp\/v2\/tags?post=451092"}],"curies":[{"name":"wp","href":"https:\/\/api.w.org\/{rel}","templated":true}]}}