{"id":451093,"date":"2025-10-09T22:46:12","date_gmt":"2025-10-09T22:46:12","guid":{"rendered":"https:\/\/www.europesays.com\/fr\/451093\/"},"modified":"2025-10-09T22:46:12","modified_gmt":"2025-10-09T22:46:12","slug":"la-deputee-lfi-marie-mesmeur-denonce-des-violences-physiques-et-des-humiliations-lors-de-sa-detention-en-israel","status":"publish","type":"post","link":"https:\/\/www.europesays.com\/fr\/451093\/","title":{"rendered":"la d\u00e9put\u00e9e LFI Marie Mesmeur d\u00e9nonce des violences physiques et des humiliations lors de sa d\u00e9tention en Isra\u00ebl"},"content":{"rendered":"\n<p class=\"c-chapo \">\n  La d\u00e9put\u00e9e insoumise raconte avoir pass\u00e9 cinq jours de d\u00e9tentions \u00e9reintants aux mains de l&rsquo;arm\u00e9e isra\u00e9lienne et d\u00e9nonce de multiples abus.\n<\/p>\n<p>      lire plus tard<\/p>\n<p id=\"dialog__title\" class=\"dialog__title\">Pour sauvegarder cet article, connectez-vous ou cr\u00e9ez un compte franceinfo<\/p>\n<p class=\"dialog__description\">Sans paiement. Sans abonnement.<\/p>\n<p>        Fermer la fen\u00eatre d\u2019activation des notifications France Info<\/p>\n<p>      cr\u00e9er votre compte<\/p>\n<p>      se connecter<\/p>\n<p>        Fermer la fen\u00eatre de pr\u00e9sentation<\/p>\n<p>    Publi\u00e9 le 09\/10\/2025 22:58<\/p>\n<p>        Temps de lecture : 2min<\/p>\n<p>    <img decoding=\"async\"  alt=\"La d\u00e9put\u00e9 insoumise de la1\u02b3\u1d49 circonscription d'Ille-et-Vilaine, Marie Mesmeur. (THOMAS SAMSON \/ AFP)\" width=\"432\" height=\"243\" src=\"https:\/\/www.europesays.com\/fr\/wp-content\/uploads\/2025\/10\/000-372y3xr-68e82173bcd47111963589.jpg\" fetchpriority=\"high\"\/><\/p>\n<p>      La d\u00e9put\u00e9 insoumise de la1\u02b3\u1d49 circonscription d&rsquo;Ille-et-Vilaine, Marie Mesmeur. (THOMAS SAMSON \/ AFP)<\/p>\n<p>La d\u00e9put\u00e9e LFI Marie Mesmeur d\u00e9nonce des violences physiques et des humiliations lors de sa d\u00e9tention en Isra\u00ebl au micro d&rsquo;<a href=\"https:\/\/www.francebleu.fr\/infos\/international\/j-ai-pris-des-coups-j-en-ai-encore-la-trace-la-deputee-de-rennes-raconte-ses-conditions-de-detention-en-israel-1818614\" target=\"_blank\" rel=\"noopener nofollow\">ICI Armorique<\/a> (ex-France Bleu) jeudi 9 octobre, apr\u00e8s son retour en France. Elle faisait partie de la flottille humanitaire Global Sumud, \u00e0 destination de Gaza<\/p>\n<p>Son bateau, le Sirius, a \u00e9t\u00e9 arraisonn\u00e9 par les forces isra\u00e9liennes le mercredi 1er octobre dernier. Apr\u00e8s 24 heures coinc\u00e9e sur le navire, \u00ab\u00a0sans manger ni boire\u00a0\u00bb, elle est incarc\u00e9r\u00e9e dans la prison du d\u00e9sert du N\u00e9guev, surnomm\u00e9e le \u00ab\u00a0Guantanamo isra\u00e9lien\u00a0\u00bb, connue pour ses conditions de d\u00e9tention difficiles et abusives, selon les avocats des prisonniers. \u00ab\u00a0Je suis excessivement \u00e9reint\u00e9e\u00a0\u00bb, pr\u00e9vient Marie Mesmeur, \u00ab\u00a0ces cinq jours de d\u00e9tention paraissaient si long. Tout \u00e9tait brutal, arbitraire et humiliant\u00a0\u00bb.<\/p>\n<p>\u00ab\u00a0Dans le regard des surveillants, on ne voyait que de la brutalit\u00e9\u00a0\u00bb, t\u00e9moigne Marie Mesmeur, qui dit avoir subi des violences psychiques et physiques. \u00ab\u00a0J&rsquo;ai re\u00e7u des coups, dont je porte la trace encore aujourd&rsquo;hui, parce que j&rsquo;ai tent\u00e9 de d\u00e9fendre deux de mes cod\u00e9tenus le dernier soir. Elles \u00e9taient mises \u00e0 terre et violent\u00e9es par huit soldats, alors qu&rsquo;elles avaient seulement pris des matelas.\u00a0\u00bb<\/p>\n<p>Dans sa cellule, la d\u00e9put\u00e9e de Rennes dit \u00ab\u00a0avoir manqu\u00e9 de tout\u00a0\u00bb, n&rsquo;a pas re\u00e7u de \u00ab\u00a0m\u00e9dicaments\u00a0\u00bb ni \u00ab\u00a0d&rsquo;eau\u00a0\u00bb. \u00ab\u00a0Dans ces conditions d&rsquo;hygi\u00e8ne, on a eu des infections urinaires.\u00a0\u00bb Il y avait \u00ab\u00a014 femmes\u00a0\u00bb pour une cellule autorisant seulement \u00ab\u00a0cinq\u00a0\u00bb d\u00e9tenues, relate Marie Mesmeur. Elle salue aussi le \u00ab\u00a0courage\u00a0\u00bb de la militante su\u00e9doise Greta Thunberg, \u00ab\u00a0humili\u00e9e et rabaiss\u00e9e\u00a0\u00bb avec \u00ab\u00a0une violence sans nom\u00a0\u00bb.<\/p>\n<p>Marie Mesmeur ajoute qu&rsquo;elle a refus\u00e9 \u00e0 huit reprises de signer des documents pr\u00e9sent\u00e9s par les agents isra\u00e9liens disant qu&rsquo;elle avait franchi le sol isra\u00e9lien en toute ill\u00e9galit\u00e9 et lui interdisant de revenir pendant 100 ans, \u00ab\u00a0un aveu de culpabilit\u00e9 intol\u00e9rable\u00a0\u00bb, selon la d\u00e9put\u00e9e, qui a finalement \u00e9t\u00e9 lib\u00e9r\u00e9e lundi dernier.<\/p>\n","protected":false},"excerpt":{"rendered":"La d\u00e9put\u00e9e insoumise raconte avoir pass\u00e9 cinq jours de d\u00e9tentions \u00e9reintants aux mains de l&rsquo;arm\u00e9e isra\u00e9lienne et d\u00e9nonce&hellip;\n","protected":false},"author":2,"featured_media":451094,"comment_status":"","ping_status":"","sticky":false,"template":"","format":"standard","meta":{"footnotes":""},"categories":[1888],"tags":[1111,1928,11,1927,1777,674,1011,27,12,1926,626,1925,25],"class_list":{"0":"post-451093","1":"post","2":"type-post","3":"status-publish","4":"format-standard","5":"has-post-thumbnail","7":"category-paris","8":"tag-actu","9":"tag-actu-paris","10":"tag-actualites","11":"tag-actualites-paris","12":"tag-eu","13":"tag-europe","14":"tag-fr","15":"tag-france","16":"tag-news","17":"tag-news-paris","18":"tag-paris","19":"tag-paris-news","20":"tag-republique-francaise"},"share_on_mastodon":{"url":"https:\/\/pubeurope.com\/@fr\/115346643153559809","error":""},"_links":{"self":[{"href":"https:\/\/www.europesays.com\/fr\/wp-json\/wp\/v2\/posts\/451093","targetHints":{"allow":["GET"]}}],"collection":[{"href":"https:\/\/www.europesays.com\/fr\/wp-json\/wp\/v2\/posts"}],"about":[{"href":"https:\/\/www.europesays.com\/fr\/wp-json\/wp\/v2\/types\/post"}],"author":[{"embeddable":true,"href":"https:\/\/www.europesays.com\/fr\/wp-json\/wp\/v2\/users\/2"}],"replies":[{"embeddable":true,"href":"https:\/\/www.europesays.com\/fr\/wp-json\/wp\/v2\/comments?post=451093"}],"version-history":[{"count":0,"href":"https:\/\/www.europesays.com\/fr\/wp-json\/wp\/v2\/posts\/451093\/revisions"}],"wp:featuredmedia":[{"embeddable":true,"href":"https:\/\/www.europesays.com\/fr\/wp-json\/wp\/v2\/media\/451094"}],"wp:attachment":[{"href":"https:\/\/www.europesays.com\/fr\/wp-json\/wp\/v2\/media?parent=451093"}],"wp:term":[{"taxonomy":"category","embeddable":true,"href":"https:\/\/www.europesays.com\/fr\/wp-json\/wp\/v2\/categories?post=451093"},{"taxonomy":"post_tag","embeddable":true,"href":"https:\/\/www.europesays.com\/fr\/wp-json\/wp\/v2\/tags?post=451093"}],"curies":[{"name":"wp","href":"https:\/\/api.w.org\/{rel}","templated":true}]}}