{"id":451095,"date":"2025-10-09T22:47:12","date_gmt":"2025-10-09T22:47:12","guid":{"rendered":"https:\/\/www.europesays.com\/fr\/451095\/"},"modified":"2025-10-09T22:47:12","modified_gmt":"2025-10-09T22:47:12","slug":"paris-premiere-parisbasketball","status":"publish","type":"post","link":"https:\/\/www.europesays.com\/fr\/451095\/","title":{"rendered":"Paris premi\u00e8re ! &#8211; ParisBasketball"},"content":{"rendered":"<p><strong>Injouable en d\u00e9fense, le Paris Basketball s\u2019impose confortablement 90-79 face au Virtus Bologne pour sa premi\u00e8re \u00e0 domicile de la saison.<\/strong><\/p>\n<p>Pas de place aux doutes \u00e0 Paname ! Apr\u00e8s plus de 3 mois d\u2019attente, nos Parisiens retrouvaient ce jeudi leur supporter. L\u2019occasion de c\u00e9l\u00e9brer une derni\u00e8re fois \u00e0 l\u2019adidas arena ce mythique doubl\u00e9 Championnat \u2013 Coupe de France. Un avant-match d\u2019EuroLeague rempli d\u2019\u00e9motion, sublim\u00e9 par une prestation de patron contre le Virtus Bologne.<\/p>\n<p>Dans une ambiance incandescente, nos Parisiens d\u00e9marrent fort. Rapidement, ce duel de pr\u00e9tendant au top 10 tourne \u00e0 notre avantage. \u00c0 l\u2019image de nos Parisii, les hommes de Francesco Tabellini enflamment rapidement l\u2019arena gr\u00e2ce \u00e0 des 3 points cliniques coupl\u00e9s \u00e0 une d\u00e9fense de fer. Si le box-score affiche 24-24 \u00e0 l\u2019issue des 10 premi\u00e8res minutes, Paris parait d\u00e9j\u00e0 au-dessus.<\/p>\n<p>Une impression transform\u00e9e en +9 \u00e0 la mi-temps. Avec 6 rebonds offensifs de plus que le Virtus et un Carsen Edwards constamment trapp\u00e9, nos joueurs r\u00e9duisent \u00e0 petit feu les espoirs des visiteurs\u2026 avant de plier le game au retour des vestiaires. Ce 100% depuis le parking lors des 5 premi\u00e8res minutes du 3QT, symbole d\u2019une rencontre ma\u00eetris\u00e9e de bout en bout par les co\u00e9quipiers d\u2019un Nadir Hifi \u00e0 20 points.<\/p>\n<p><img loading=\"lazy\" decoding=\"async\" width=\"1707\" height=\"2560\" src=\"https:\/\/www.europesays.com\/fr\/wp-content\/uploads\/2025\/10\/PBB-VIRRTUS-QUENTIN-LAB-126012021-21-scaled.jpg\" alt=\"\" class=\"wp-image-47772 size-full\" style=\"object-position:53% 52%\"  \/><\/p>\n<p>Pour des retrouvailles, difficile d\u2019imaginer mieux. Ambiance, surprises, niveau. Tout \u00e9tait au rendez-vous ! Alors pour vivre de telles exp\u00e9riences tout au long de la saison, cliquez sur <a href=\"https:\/\/parisbasketball.com\/grand-public-abonnement\/\" rel=\"nofollow noopener\" target=\"_blank\">ce lien<\/a>.<\/p>\n<blockquote class=\"instagram-media\" data-instgrm-captioned=\"\" data-instgrm-permalink=\"https:\/\/www.instagram.com\/p\/DPmkkBejAAf\/?utm_source=ig_embed&amp;utm_campaign=loading\" data-instgrm-version=\"14\" style=\" background:#FFF; border:0; border-radius:3px; box-shadow:0 0 1px 0 rgba(0,0,0,0.5),0 1px 10px 0 rgba(0,0,0,0.15); margin: 1px; max-width:540px; min-width:326px; padding:0; width:99.375%; width:-webkit-calc(100% - 2px); width:calc(100% - 2px);\"\/><p>  <script async src=\"\/\/www.instagram.com\/embed.js\"><\/script><\/p>\n","protected":false},"excerpt":{"rendered":"Injouable en d\u00e9fense, le Paris Basketball s\u2019impose confortablement 90-79 face au Virtus Bologne pour sa premi\u00e8re \u00e0 domicile&hellip;\n","protected":false},"author":2,"featured_media":451096,"comment_status":"","ping_status":"","sticky":false,"template":"","format":"standard","meta":{"footnotes":""},"categories":[1888],"tags":[1111,1928,11,1927,1777,674,1011,27,12,1926,626,1925,25],"class_list":{"0":"post-451095","1":"post","2":"type-post","3":"status-publish","4":"format-standard","5":"has-post-thumbnail","7":"category-paris","8":"tag-actu","9":"tag-actu-paris","10":"tag-actualites","11":"tag-actualites-paris","12":"tag-eu","13":"tag-europe","14":"tag-fr","15":"tag-france","16":"tag-news","17":"tag-news-paris","18":"tag-paris","19":"tag-paris-news","20":"tag-republique-francaise"},"share_on_mastodon":{"url":"https:\/\/pubeurope.com\/@fr\/115346646343954865","error":""},"_links":{"self":[{"href":"https:\/\/www.europesays.com\/fr\/wp-json\/wp\/v2\/posts\/451095","targetHints":{"allow":["GET"]}}],"collection":[{"href":"https:\/\/www.europesays.com\/fr\/wp-json\/wp\/v2\/posts"}],"about":[{"href":"https:\/\/www.europesays.com\/fr\/wp-json\/wp\/v2\/types\/post"}],"author":[{"embeddable":true,"href":"https:\/\/www.europesays.com\/fr\/wp-json\/wp\/v2\/users\/2"}],"replies":[{"embeddable":true,"href":"https:\/\/www.europesays.com\/fr\/wp-json\/wp\/v2\/comments?post=451095"}],"version-history":[{"count":0,"href":"https:\/\/www.europesays.com\/fr\/wp-json\/wp\/v2\/posts\/451095\/revisions"}],"wp:featuredmedia":[{"embeddable":true,"href":"https:\/\/www.europesays.com\/fr\/wp-json\/wp\/v2\/media\/451096"}],"wp:attachment":[{"href":"https:\/\/www.europesays.com\/fr\/wp-json\/wp\/v2\/media?parent=451095"}],"wp:term":[{"taxonomy":"category","embeddable":true,"href":"https:\/\/www.europesays.com\/fr\/wp-json\/wp\/v2\/categories?post=451095"},{"taxonomy":"post_tag","embeddable":true,"href":"https:\/\/www.europesays.com\/fr\/wp-json\/wp\/v2\/tags?post=451095"}],"curies":[{"name":"wp","href":"https:\/\/api.w.org\/{rel}","templated":true}]}}