{"id":451099,"date":"2025-10-09T22:50:29","date_gmt":"2025-10-09T22:50:29","guid":{"rendered":"https:\/\/www.europesays.com\/fr\/451099\/"},"modified":"2025-10-09T22:50:29","modified_gmt":"2025-10-09T22:50:29","slug":"au-conseil-de-paris-la-dette-au-coeur-de-debats-houleux","status":"publish","type":"post","link":"https:\/\/www.europesays.com\/fr\/451099\/","title":{"rendered":"Au conseil de Paris, la dette au c\u0153ur de d\u00e9bats houleux"},"content":{"rendered":"<p>\n    Rendu public en septembre dernier, le rapport explosif de la chambre r\u00e9gionale des comptes sur la situation financi\u00e8re de la capitale a de nouveau \u00e9t\u00e9 abord\u00e9.<\/p>\n<p class=\"fig-paragraph\">Le rapport explosif de la chambre r\u00e9gionale des comptes (CRC) d\u2019\u00cele-de-France qui pointe\u00a0<a href=\"http:\/\/www.lefigaro.fr\/conjoncture\/plus-de-9-milliards-d-euros-de-dette-le-tres-lourd-bilan-economique-d-anne-hidalgo-a-la-mairie-de-paris-20241126\" target=\"_blank\" data-fig-type=\"NewsFlash\" rel=\"noopener nofollow\" data-gtm-custom-categorie=\"navigation\" data-gtm-custom-action=\"crossclick\" data-gtm-custom-label=\"Contextuel\" data-gtm-event=\"customEventSPE\" data-fig-domain=\"LEFIGARO\">la d\u00e9gradation financi\u00e8re de la Ville de Paris<\/a>\u00a0et publi\u00e9 le mois pass\u00e9 a donn\u00e9 lieu \u00e0 des vifs \u00e9changes au conseil de Paris, ce jeudi. En commentant ces 136 pages \u00e9crites, Rachida Dati ne s\u2019est pas priv\u00e9e de rappeler que les critiques adress\u00e9es par les magistrats financiers rejoignent les siennes. \u00abLa Chambre R\u00e9gionale des Comptes a valid\u00e9 notre constat, je la cite\u00a0: \u201cLa situation financi\u00e8re s\u2019est d\u00e9grad\u00e9e ne permettant plus \u00e0 la Ville de financer ses investissements autrement que par un recours \u00e0 l\u2019emprunt qui d\u00e9passe aujourd\u2019hui les ratios prudentiels\u201d\u00a0\u00bb, a indiqu\u00e9 la responsable de Changer Paris.<\/p>\n<p class=\"fig-paragraph\">Puisant dans les innombrables chiffres que contient le rapport,<a href=\"http:\/\/www.lefigaro.fr\/politique\/conseil-de-paris-rachida-dati-fait-son-retour-a-la-tete-du-groupe-changer-paris-20241002\" data-fig-type=\"NewsFlash\" data-gtm-custom-categorie=\"navigation\" data-gtm-custom-action=\"crossclick\" data-gtm-custom-label=\"Contextuel\" data-gtm-event=\"customEventSPE\" data-fig-domain=\"LEFIGARO\" rel=\"nofollow noopener\" target=\"_blank\">\u00a0la maire du 7e arrondissement\u00a0<\/a>en a \u00e9gren\u00e9 quelques-uns .\u00ab 10,6 Milliards de dette en 2024, presque 12 milliards en 2026. Une dur\u00e9e de d\u00e9sendettement pass\u00e9e \u00e0 39,6 ans. Loin, tr\u00e8s loin, des 12 ans de limite prudentielle pour les collectivit\u00e9s\u2026<\/p>\n<p class=\"fig-premium-paywall__infos\">\n        Cet article est r\u00e9serv\u00e9 aux abonn\u00e9s.        Il vous reste 74% \u00e0 d\u00e9couvrir.\n    <\/p>\n<p>                <img  data- alt=\"Le Figaro\" class=\"fig-img--complete fig-img\"\/><\/p>\n<p class=\"fig-premium-paywall__title\">J-100, Le Figaro f\u00eate ses 200 ans<\/p>\n<p class=\"fig-premium-paywall__subtitle\">Offre anniversaire : 2\u20ac\/mois pendant 200 semaines<\/p>\n<p class=\"fig-premium-paywall__connect\">\n                D\u00e9j\u00e0 abonn\u00e9\u00a0?                <a class=\"fig-premium-paywall__connect-link\" href=\"https:\/\/connect.lefigaro.fr\/login?client=horizon_web&amp;type=main&amp;redirect_uri=https%3A%2F%2Fwww.lefigaro.fr%2Factualite-france%2Fau-conseil-de-paris-la-dette-au-coeur-de-debats-houleux-20251009\" data-js-gtm=\"{&quot;customCategorie&quot;: &quot;conversion&quot;, &quot;customAction&quot;: &quot;before_Landing_Connexion_paywall_auto&quot;, &quot;customLabel&quot;: &quot;bGVmaWdhcm8uZnJfXzFmMGE1MmM1LWRjM2MtNjUxZS1hOTMzLWJmMGVhN2M3YWY2M19fQXJ0aWNsZQ==_Au conseil de Paris, la dette au c\u0153ur de d\u00e9bats houleux_295&quot;, &quot;customIDSPE&quot;: &quot;bGVmaWdhcm8uZnJfXzFmMGE1MmM1LWRjM2MtNjUxZS1hOTMzLWJmMGVhN2M3YWY2M19fQXJ0aWNsZQ==&quot;, &quot;event&quot;: &quot;customEventSPE&quot;}\" rel=\"nofollow noopener\" target=\"_blank\"><br \/>\n                    Connectez-vous<br \/>\n                <\/a>\n            <\/p>\n","protected":false},"excerpt":{"rendered":"Rendu public en septembre dernier, le rapport explosif de la chambre r\u00e9gionale des comptes sur la situation financi\u00e8re&hellip;\n","protected":false},"author":2,"featured_media":451100,"comment_status":"","ping_status":"","sticky":false,"template":"","format":"standard","meta":{"footnotes":""},"categories":[1888],"tags":[11,6327,1777,674,1011,27,12011,12,626,25],"class_list":{"0":"post-451099","1":"post","2":"type-post","3":"status-publish","4":"format-standard","5":"has-post-thumbnail","7":"category-paris","8":"tag-actualites","9":"tag-dette","10":"tag-eu","11":"tag-europe","12":"tag-fr","13":"tag-france","14":"tag-hidalgo","15":"tag-news","16":"tag-paris","17":"tag-republique-francaise"},"share_on_mastodon":{"url":"https:\/\/pubeurope.com\/@fr\/115346658058657203","error":""},"_links":{"self":[{"href":"https:\/\/www.europesays.com\/fr\/wp-json\/wp\/v2\/posts\/451099","targetHints":{"allow":["GET"]}}],"collection":[{"href":"https:\/\/www.europesays.com\/fr\/wp-json\/wp\/v2\/posts"}],"about":[{"href":"https:\/\/www.europesays.com\/fr\/wp-json\/wp\/v2\/types\/post"}],"author":[{"embeddable":true,"href":"https:\/\/www.europesays.com\/fr\/wp-json\/wp\/v2\/users\/2"}],"replies":[{"embeddable":true,"href":"https:\/\/www.europesays.com\/fr\/wp-json\/wp\/v2\/comments?post=451099"}],"version-history":[{"count":0,"href":"https:\/\/www.europesays.com\/fr\/wp-json\/wp\/v2\/posts\/451099\/revisions"}],"wp:featuredmedia":[{"embeddable":true,"href":"https:\/\/www.europesays.com\/fr\/wp-json\/wp\/v2\/media\/451100"}],"wp:attachment":[{"href":"https:\/\/www.europesays.com\/fr\/wp-json\/wp\/v2\/media?parent=451099"}],"wp:term":[{"taxonomy":"category","embeddable":true,"href":"https:\/\/www.europesays.com\/fr\/wp-json\/wp\/v2\/categories?post=451099"},{"taxonomy":"post_tag","embeddable":true,"href":"https:\/\/www.europesays.com\/fr\/wp-json\/wp\/v2\/tags?post=451099"}],"curies":[{"name":"wp","href":"https:\/\/api.w.org\/{rel}","templated":true}]}}