{"id":451101,"date":"2025-10-09T22:51:11","date_gmt":"2025-10-09T22:51:11","guid":{"rendered":"https:\/\/www.europesays.com\/fr\/451101\/"},"modified":"2025-10-09T22:51:11","modified_gmt":"2025-10-09T22:51:11","slug":"angela-merkel-critiquee-apres-avoir-laisse-entendre-que-la-pologne-et-les-pays-baltes-portent-une-part-de-responsabilite-dans-la-guerre-en-ukraine","status":"publish","type":"post","link":"https:\/\/www.europesays.com\/fr\/451101\/","title":{"rendered":"Angela Merkel critiqu\u00e9e apr\u00e8s avoir laiss\u00e9 entendre que la Pologne et les pays baltes portent une part de responsabilit\u00e9 dans la guerre en Ukraine"},"content":{"rendered":"<p>\n    Dans une interview accord\u00e9e \u00e0 un m\u00e9dia hongrois, l\u2019ex-chanceli\u00e8re allemande est revenue sur les d\u00e9buts du conflit en Ukraine, soulignant la r\u00e9action frileuse de la Pologne et des pays baltes face \u00e0 sa proposition de n\u00e9gociations conjointes avec Poutine en 2021. Ses propos ont suscit\u00e9 de fortes r\u00e9actions, tant en Allemagne que dans les pays vis\u00e9s.<\/p>\n<p class=\"fig-paragraph\">Les propos ont fait l\u2019effet d\u2019une bombe dans les pays de l\u2019Est. Dans un entretien accord\u00e9 au m\u00e9dia hongrois en ligne Partiz\u00e1n, au cours d\u2019une visite \u00e0 Budapest,\u00a0<a href=\"http:\/\/www.lefigaro.fr\/vox\/societe\/un-chef-d-oeuvre-de-memoire-selective-le-livre-d-angela-merkel-un-anti-manuel-pour-l-europe-20250213\" target=\"_blank\" data-fig-type=\"Article\" rel=\"noopener\" data-gtm-custom-categorie=\"navigation\" data-gtm-custom-action=\"crossclick\" data-gtm-custom-label=\"Contextuel\" data-gtm-event=\"customEventSPE\" data-fig-domain=\"LEFIGARO\">Angela Merkel<\/a>\u00a0a livr\u00e9 sa vision des diff\u00e9rents d\u00e9clencheurs de la guerre en Ukraine. Selon la chanceli\u00e8re, qui pr\u00e9sentait la traduction hongroise de ses m\u00e9moires, une \u00e9tape d\u00e9cisive a eu lieu \u00e0 l\u2019\u00e9t\u00e9 2021, au moment elle aurait senti que \u00ables accords de Minsk n\u2019\u00e9taient plus pris au s\u00e9rieux\u00bb par Vladimir Poutine.<\/p>\n<p class=\"fig-paragraph\">Conclus en 2015,\u00a0<a href=\"http:\/\/www.lefigaro.fr\/international\/ces-erreurs-des-accords-de-minsk-a-ne-pas-reproduire-lors-des-negociations-de-paix-en-ukraine-20250324\" target=\"_blank\" data-fig-type=\"Article\" rel=\"noopener\" data-gtm-custom-categorie=\"navigation\" data-gtm-custom-action=\"crossclick\" data-gtm-custom-label=\"Contextuel\" data-gtm-event=\"customEventSPE\" data-fig-domain=\"LEFIGARO\">ces accords<\/a>\u00a0devaient mettre fin aux divers conflits dans les r\u00e9gions s\u00e9paratistes de l\u2019est de l\u2019Ukraine. Six ans plus tard, en compagnie d\u2019Emmanuel Macron, la chanceli\u00e8re, 71 ans, voulait instaurer une nouvelle forme d\u2019\u00e9change entre l\u2019Union europ\u00e9enne et la Russie, pour communiquer plus directement avec le ma\u00eetre du Kremlin.<\/p>\n<p>                                    <a class=\"fig-a11y-skip a11y-hidden\" href=\"#fig-a11y-skip-main-inarticle\"><br \/>\n        Passer la publicit\u00e9<br \/>\n    <\/a><\/p>\n<p>Projet mort-n\u00e9<\/p>\n<p class=\"fig-paragraph\">Une demande qui aurait \u00e9t\u00e9 alors rejet\u00e9e en bloc par les pays d\u2019Europe de l\u2019est. \u00abCertains ne soutenaient pas cette id\u00e9e. Il s\u2019agissait principalement des pays baltes, mais aussi de la Pologne, qui craignait que nous n\u2019ayons plus de politique commune vis-\u00e0-vis de la Russie. Quoi qu\u2019il en soit, cela ne s\u2019est pas fait. Puis j\u2019ai quitt\u00e9 mes fonctions, et c\u2019est alors que l\u2019agression de Poutine a d\u00e9but\u00e9\u00bb, retrace-t-elle.<\/p>\n<p class=\"fig-paragraph\">Ces propos, qui ont eu un \u00e9cho relatif en Europe de l\u2019Ouest, ont cr\u00e9\u00e9 une vive pol\u00e9mique dans les pays cibl\u00e9s par l\u2019ancienne chanceli\u00e8re. En Pologne, l\u2019ex-premier ministre polonais Mateusz Morawiecki l\u2019a qualifi\u00e9 de \u00abl\u2019une des personnalit\u00e9s politiques allemandes les plus nuisibles \u00e0 l\u2019Europe du si\u00e8cle dernier\u00bb, avant de tancer sa prise de parole m\u00e9diatique \u00abirr\u00e9fl\u00e9chie\u00bb. De son c\u00f4t\u00e9, l\u2019eurod\u00e9put\u00e9 Waldemar Buda a jug\u00e9 que l\u2019accord voulu par Angela Merkel aurait men\u00e9 \u00e0 la \u00abpartition\u00bb de l\u2019Ukraine.<\/p>\n<p class=\"fig-paragraph\">L\u2019ex-chanceli\u00e8re s\u2019est \u00e9galement attir\u00e9 les foudres des personnalit\u00e9s des pays baltes, dont ceux du ministre estonien des Affaires \u00e9trang\u00e8res, Margus Tsahkna, qui pointe \u00able refus de Vladimir Poutine\u00bb \u00e0 \u00abaccepter l\u2019effondrement de l\u2019Union sovi\u00e9tique\u00bb et d\u2019abandonner \u00abses ambitions imp\u00e9rialistes\u00bb. Tout en critiquant des propos \u00abhonteux et inexacts\u00bb, Margus Tsahkna d\u00e9signe le r\u00f4le de l\u2019Occident \u00e0 ne pas prendre conscience de vell\u00e9it\u00e9s russes. \u00abDans notre r\u00e9gion, la v\u00e9ritable nature de la Russie a \u00e9t\u00e9 comprise tr\u00e8s t\u00f4t. Mais le monde occidental a pr\u00e9f\u00e9r\u00e9 l\u2019ignorer\u00bb, pr\u00e9cise le ministre.<\/p>\n<p>\u00abElle parle comme une propagandiste russe\u00bb<\/p>\n<p class=\"fig-paragraph\">\u00abLe probl\u00e8me, c\u2019est qu\u2019elle suit le sc\u00e9nario du Kremlin pour diviser les Europ\u00e9ens. Elle parle comme une propagandiste russe\u00bb, accuse l\u2019ancien ministre de la D\u00e9fense letton Artis Pabriks, sur X. L\u2019eurod\u00e9put\u00e9 Rihards Kols, lui, a m\u00eame qualifi\u00e9 les d\u00e9clarations de Merkel de \u00abr\u00e9visionnisme historique\u00bb. \u00abPeut-\u00eatre qu\u2019une s\u00e9rieuse introspection serait plus appropri\u00e9e (&#8230;) car l\u2019Europe paie aujourd\u2019hui le prix de ses illusions\u00bb, attaque l\u2019\u00e9lu.<\/p>\n<p class=\"fig-paragraph\">\u00abIl est surprenant que l\u2019ancienne chanceli\u00e8re allemande tienne de tels propos aujourd\u2019hui, alors que le r\u00e9gime russe devrait \u00eatre \u00e9vident pour tous. Je suis heureux que le nouveau chancelier allemand, Friedrich Merz, ne partage pas les vues de Merkel\u00bb, gronde l\u2019ancien premier ministre letton Krisjanis Karins, cit\u00e9 par Politico. Ce dernier, dans la lign\u00e9e des autres hommes d\u2019\u00c9tat de la r\u00e9gion, a bl\u00e2m\u00e9 le manque de compr\u00e9hension de la nature de la Russie par certains pays europ\u00e9ens dont \u00abl\u2019Allemagne et l\u2019ancienne chanceli\u00e8re elle-m\u00eame\u00bb.\u00a0<\/p>\n<p>                                    <a class=\"fig-a11y-skip a11y-hidden\" href=\"#fig-a11y-skip-main-inarticle_mtf\"><br \/>\n        Passer la publicit\u00e9<br \/>\n    <\/a><\/p>\n<p class=\"fig-paragraph\">\u00abJe lui ai toujours dit qu\u2019on ne pouvait pas traiter avec Poutine de bonne foi, mais elle pensait que les \u00c9tats baltes avaient tort. Je connaissais bien les opinions de Merkel, mais je suis \u00e9tonn\u00e9 qu\u2019apr\u00e8s tout ce qui s\u2019est pass\u00e9 en Ukraine, elle continue de penser de cette fa\u00e7on\u00bb, poursuit l\u2019ancien premier ministre. Interrog\u00e9e apr\u00e8s les propos de l\u2019ex-chanceli\u00e8re, une porte-parole de l\u2019ancienne dirigeante a justifi\u00e9 cette sortie en assurant que ces propos \u00abn\u2019\u00e9taient pas nouveaux\u00bb, m\u00eame si elle n\u2019avait jamais mentionn\u00e9 la Pologne et les \u00c9tats baltes dans ses prises de parole pr\u00e9c\u00e9dentes.<\/p>\n","protected":false},"excerpt":{"rendered":"Dans une interview accord\u00e9e \u00e0 un m\u00e9dia hongrois, l\u2019ex-chanceli\u00e8re allemande est revenue sur les d\u00e9buts du conflit en&hellip;\n","protected":false},"author":2,"featured_media":451102,"comment_status":"","ping_status":"","sticky":false,"template":"","format":"standard","meta":{"footnotes":""},"categories":[1591],"tags":[11,6388,1887,131,12,1885,1886,132],"class_list":{"0":"post-451101","1":"post","2":"type-post","3":"status-publish","4":"format-standard","5":"has-post-thumbnail","7":"category-russie","8":"tag-actualites","9":"tag-angela-merkel","10":"tag-federation-de-russie","11":"tag-guerre-en-ukraine","12":"tag-news","13":"tag-russia","14":"tag-russian-federation","15":"tag-russie"},"share_on_mastodon":{"url":"https:\/\/pubeurope.com\/@fr\/115346661942079542","error":""},"_links":{"self":[{"href":"https:\/\/www.europesays.com\/fr\/wp-json\/wp\/v2\/posts\/451101","targetHints":{"allow":["GET"]}}],"collection":[{"href":"https:\/\/www.europesays.com\/fr\/wp-json\/wp\/v2\/posts"}],"about":[{"href":"https:\/\/www.europesays.com\/fr\/wp-json\/wp\/v2\/types\/post"}],"author":[{"embeddable":true,"href":"https:\/\/www.europesays.com\/fr\/wp-json\/wp\/v2\/users\/2"}],"replies":[{"embeddable":true,"href":"https:\/\/www.europesays.com\/fr\/wp-json\/wp\/v2\/comments?post=451101"}],"version-history":[{"count":0,"href":"https:\/\/www.europesays.com\/fr\/wp-json\/wp\/v2\/posts\/451101\/revisions"}],"wp:featuredmedia":[{"embeddable":true,"href":"https:\/\/www.europesays.com\/fr\/wp-json\/wp\/v2\/media\/451102"}],"wp:attachment":[{"href":"https:\/\/www.europesays.com\/fr\/wp-json\/wp\/v2\/media?parent=451101"}],"wp:term":[{"taxonomy":"category","embeddable":true,"href":"https:\/\/www.europesays.com\/fr\/wp-json\/wp\/v2\/categories?post=451101"},{"taxonomy":"post_tag","embeddable":true,"href":"https:\/\/www.europesays.com\/fr\/wp-json\/wp\/v2\/tags?post=451101"}],"curies":[{"name":"wp","href":"https:\/\/api.w.org\/{rel}","templated":true}]}}