{"id":451112,"date":"2025-10-09T22:57:11","date_gmt":"2025-10-09T22:57:11","guid":{"rendered":"https:\/\/www.europesays.com\/fr\/451112\/"},"modified":"2025-10-09T22:57:11","modified_gmt":"2025-10-09T22:57:11","slug":"erasmus-les-jeunes-de-lannemezan-et-darreau-en-immersion-europeenne-a-bruxelles-2","status":"publish","type":"post","link":"https:\/\/www.europesays.com\/fr\/451112\/","title":{"rendered":"Erasmus +\u00a0: les jeunes de Lannemezan et d\u2019Arreau en immersion europ\u00e9enne \u00e0 Bruxelles"},"content":{"rendered":"<p>\n                                                                    l&rsquo;essentiel<br \/>\n                                                                Pendant quatre jours, une vingtaine de jeunes des Hautes-Pyr\u00e9n\u00e9es ont d\u00e9couvert les coulisses de l\u2019Union europ\u00e9enne \u00e0 Bruxelles dans le cadre du projet Erasmus +\u00a0\u00ab\u00a0ECO\u00a0\u00bb. Entre visites, d\u00e9bats et rencontres, ce s\u00e9jour a renforc\u00e9 leur engagement citoyen et \u00e9cologique.\n                            <\/p>\n<p data-end=\"369\" data-start=\"50\">Du 1er au 4\u00a0octobre, une vingtaine de jeunes des Hautes-Pyr\u00e9n\u00e9es ont v\u00e9cu une exp\u00e9rience unique \u00e0 Bruxelles dans le cadre du projet Erasmus +\u00a0\u00ab\u00a0ECO\u00a0\u00bb, soutenu par le D\u00e9partement des Hautes-Pyr\u00e9n\u00e9es. Un s\u00e9jour riche en d\u00e9couvertes, rencontres et \u00e9motions, autour des th\u00e8mes de la citoyennet\u00e9, de l\u2019\u00e9cologie et du bien-\u00eatre.<\/p>\n<p>Une plong\u00e9e au c\u0153ur des institutions europ\u00e9ennes<\/p>\n<p data-end=\"1043\" data-start=\"371\">Lors de leur visite au Parlement europ\u00e9en, les jeunes ont rencontr\u00e9 le conseiller de la d\u00e9put\u00e9e fran\u00e7aise Val\u00e9rie Hayer, comme l\u2019ont indiqu\u00e9 leurs encadrants, dont Yoan Peuvion, directeur adjoint du Local Jeunes\u00a0: \u00ab\u00a0Ce fut l\u2019occasion de poser des questions concr\u00e8tes sur le r\u00f4le des institutions et l\u2019avenir de la jeunesse en Europe. Bien que le d\u00e9put\u00e9 Younous Omarjee n\u2019ait pu \u00eatre pr\u00e9sent en raison des gr\u00e8ves \u00e0 Paris, son assistant a accueilli le groupe. Les adolescents ont lu le manifeste \u00e9labor\u00e9 dans le cadre du projet, avant de sceller leur engagement symbolique par une poign\u00e9e de main, signe d\u2019un pacte citoyen.\u00a0\u00bb<\/p>\n<p>Des \u00e9changes intenses autour des m\u00e9dias et de l\u2019actualit\u00e9<\/p>\n<p data-end=\"1472\" data-start=\"1045\">Le vendredi, la visite du mus\u00e9e G\u00e9opolis a particuli\u00e8rement marqu\u00e9 les participants. En pr\u00e9sence de deux reporters et de la ministre belge des M\u00e9dias, les jeunes ont d\u00e9battu des situations en Ha\u00efti et au Congo\u00a0: \u00ab\u00a0Ils ont \u00e9t\u00e9 touch\u00e9s par ces t\u00e9moignages, ils ont multipli\u00e9 les questions, d\u00e9montrant leur curiosit\u00e9 et leur capacit\u00e9 \u00e0 r\u00e9fl\u00e9chir sur des enjeux mondiaux.\u00a0\u00bb<\/p>\n<p>Un projet port\u00e9 par le territoire<\/p>\n<p data-end=\"2180\" data-start=\"1474\">Une exp\u00e9rience rendue possible gr\u00e2ce aux acteurs locaux, et en particulier \u00e0 un partenaire cl\u00e9\u00a0: \u00ab\u00a0Ce s\u00e9jour, premier du genre, a \u00e9t\u00e9 rendu possible gr\u00e2ce \u00e0 l\u2019\u00e9norme soutien du D\u00e9partement des Hautes-Pyr\u00e9n\u00e9es et de son pr\u00e9sident, Michel P\u00e9lieu, qu\u2019on remercie \u00e9norm\u00e9ment (structures jeunesses et parents). J\u2019aimerais adresser une mention sp\u00e9ciale \u00e0 Adeline Samain, Clara Durand et Romain Pagnoux, qui ont r\u00e9alis\u00e9 un travail formidable, tr\u00e8s investis dans l\u2019accompagnement du projet, ainsi qu\u2019\u00e0 la mairie de Lannemezan pour son appui. Merci \u00e0 Alexandre Blanchard, avec qui j\u2019ai collabor\u00e9 durant six mois, mais qui a d\u00fb quitter le projet pour des raisons professionnelles.\u00a0\u00bb<\/p>\n<p>Un projet qui laisse une empreinte<\/p>\n<p data-end=\"2813\" data-start=\"2182\">Au-del\u00e0 des visites et des rencontres, les jeunes repartent avec la conviction que l\u2019Europe peut \u00eatre un espace de dialogue, d\u2019engagement et d\u2019ouverture. \u00ab\u00a0Je n\u2019ai jamais eu la chance de participer \u00e0 un projet Erasmus\u00a0\u00bb, confie Yohan Peuvion, qui ajoute\u00a0: \u00ab\u00a0Ce s\u00e9jour m\u2019a permis de d\u00e9couvrir une nouvelle culture, des personnes formidables, les institutions europ\u00e9ennes\u2026 mais surtout de voir comment un projet autour du bien-\u00eatre peut valoriser et faire \u00e9voluer notre territoire. Je remercie sinc\u00e8rement le D\u00e9partement de nous avoir donn\u00e9 cette chance, et nous esp\u00e9rons qu\u2019il y en aura d\u2019autres\u00a0!\u00a0\u00bb<\/p>\n<p data-end=\"2937\" data-is-last-node=\"\" data-is-only-node=\"\" data-start=\"2815\">Une premi\u00e8re \u00e9dition r\u00e9ussie, qui ouvre la voie \u00e0 de nouvelles aventures europ\u00e9ennes pour la jeunesse des Hautes-Pyr\u00e9n\u00e9es.<\/p>\n","protected":false},"excerpt":{"rendered":"l&rsquo;essentiel Pendant quatre jours, une vingtaine de jeunes des Hautes-Pyr\u00e9n\u00e9es ont d\u00e9couvert les coulisses de l\u2019Union europ\u00e9enne \u00e0&hellip;\n","protected":false},"author":2,"featured_media":451113,"comment_status":"","ping_status":"","sticky":false,"template":"","format":"standard","meta":{"footnotes":""},"categories":[1586],"tags":[11,1777,674,1779,1011,27,12,25,1778,364],"class_list":{"0":"post-451112","1":"post","2":"type-post","3":"status-publish","4":"format-standard","5":"has-post-thumbnail","7":"category-europe","8":"tag-actualites","9":"tag-eu","10":"tag-europe","11":"tag-european-union","12":"tag-fr","13":"tag-france","14":"tag-news","15":"tag-republique-francaise","16":"tag-ue","17":"tag-union-europeenne"},"share_on_mastodon":{"url":"https:\/\/pubeurope.com\/@fr\/115346685567713610","error":""},"_links":{"self":[{"href":"https:\/\/www.europesays.com\/fr\/wp-json\/wp\/v2\/posts\/451112","targetHints":{"allow":["GET"]}}],"collection":[{"href":"https:\/\/www.europesays.com\/fr\/wp-json\/wp\/v2\/posts"}],"about":[{"href":"https:\/\/www.europesays.com\/fr\/wp-json\/wp\/v2\/types\/post"}],"author":[{"embeddable":true,"href":"https:\/\/www.europesays.com\/fr\/wp-json\/wp\/v2\/users\/2"}],"replies":[{"embeddable":true,"href":"https:\/\/www.europesays.com\/fr\/wp-json\/wp\/v2\/comments?post=451112"}],"version-history":[{"count":0,"href":"https:\/\/www.europesays.com\/fr\/wp-json\/wp\/v2\/posts\/451112\/revisions"}],"wp:featuredmedia":[{"embeddable":true,"href":"https:\/\/www.europesays.com\/fr\/wp-json\/wp\/v2\/media\/451113"}],"wp:attachment":[{"href":"https:\/\/www.europesays.com\/fr\/wp-json\/wp\/v2\/media?parent=451112"}],"wp:term":[{"taxonomy":"category","embeddable":true,"href":"https:\/\/www.europesays.com\/fr\/wp-json\/wp\/v2\/categories?post=451112"},{"taxonomy":"post_tag","embeddable":true,"href":"https:\/\/www.europesays.com\/fr\/wp-json\/wp\/v2\/tags?post=451112"}],"curies":[{"name":"wp","href":"https:\/\/api.w.org\/{rel}","templated":true}]}}