{"id":451116,"date":"2025-10-09T22:59:12","date_gmt":"2025-10-09T22:59:12","guid":{"rendered":"https:\/\/www.europesays.com\/fr\/451116\/"},"modified":"2025-10-09T22:59:12","modified_gmt":"2025-10-09T22:59:12","slug":"le-deal-sur-gaza-une-victoire-pour-donald-trump","status":"publish","type":"post","link":"https:\/\/www.europesays.com\/fr\/451116\/","title":{"rendered":"Le \u00abdeal\u00bb sur Gaza, une victoire pour Donald Trump"},"content":{"rendered":"<p>\n    <strong>ANALYSE <\/strong>&#8211; La paix dans le conflit isra\u00e9lo-palestinien est une vieille obsession du milliardaire qui en a fait un objectif personnel depuis son entr\u00e9e en politique.<\/p>\n<p class=\"fig-paragraph\"><a href=\"http:\/\/www.lefigaro.fr\/international\/kim-jong-un-affiche-sa-determination-atomique-face-a-donald-trump-20251009\" data-fig-type=\"Article\" data-gtm-custom-categorie=\"navigation\" data-gtm-custom-action=\"crossclick\" data-gtm-custom-label=\"Contextuel\" data-gtm-event=\"customEventSPE\" data-fig-domain=\"LEFIGARO\" rel=\"nofollow noopener\" target=\"_blank\">Donald Trump<\/a>\u00a0tient sa victoire. Le pr\u00e9sident am\u00e9ricain a annonc\u00e9 mercredi soir que le\u00a0<a href=\"http:\/\/www.lefigaro.fr\/international\/ces-deux-dernieres-annees-ont-ete-un-enfer-a-tel-aviv-les-familles-d-otages-entre-joie-et-prudence-apres-l-annonce-de-l-accord-entre-israel-et-le-hamas-20251009\" data-fig-type=\"Article\" data-gtm-custom-categorie=\"navigation\" data-gtm-custom-action=\"crossclick\" data-gtm-custom-label=\"Contextuel\" data-gtm-event=\"customEventSPE\" data-fig-domain=\"LEFIGARO\" rel=\"nofollow noopener\" target=\"_blank\">Hamas et Isra\u00ebl<\/a>\u00a0avaient accept\u00e9, apr\u00e8s plusieurs jours de n\u00e9gociations en \u00c9gypte, la premi\u00e8re phase de son accord de paix. \u00ab\u00a0Tous les otages seront lib\u00e9r\u00e9s tr\u00e8s prochainement\u00a0\u00bb, a \u00e9crit Trump sur son r\u00e9seau Truth Social, et \u00ab\u00a0Isra\u00ebl retirera ses troupes sur une ligne convenue, premi\u00e8re \u00e9tape vers une paix solide, durable et \u00e9ternelle\u00a0\u00bb.<\/p>\n<p class=\"fig-paragraph\">Le pr\u00e9sident am\u00e9ricain, qui s\u2019est dit \u00ab\u00a0tr\u00e8s fier\u00a0\u00bb de cet aboutissement, a expliqu\u00e9 ensuite aux m\u00e9dias am\u00e9ricains les premiers contours de l\u2019accord. \u00ab\u00a0Je pense que les otages seront de retour lundi\u00a0\u00bb, a-t-il dit. Sur les 251\u00a0personnes enlev\u00e9es lors de l\u2019attaque du Hamas en Isra\u00ebl le 7\u00a0octobre 2023, 47 sont toujours d\u00e9tenues dans les souterrains de\u00a0<a href=\"https:\/\/video.lefigaro.fr\/figaro\/international\/plan-de-paix-pour-gaza-israel-refuse-de-liberer-un-leader-palestinien-detenu-depuis-23-ans-20251009\" data-fig-type=\"Video\" data-gtm-custom-categorie=\"navigation\" data-gtm-custom-action=\"crossclick\" data-gtm-custom-label=\"Contextuel\" data-gtm-event=\"customEventSPE\" data-fig-domain=\"LEFIGARO\" rel=\"nofollow noopener\" target=\"_blank\">Gaza<\/a>, dont 25 sont mortes selon l\u2019arm\u00e9e isra\u00e9lienne.<\/p>\n<p class=\"fig-body-link\">\n            \u00c0 lire aussi<br \/>\n        <a class=\"fig-body-link__link fig-premium-mark\" href=\"http:\/\/www.lefigaro.fr\/international\/le-plan-trump-est-il-une-nouvelle-chance-pour-la-paix-20251009\" target=\"_blank\" data-fig-type=\"Article\" rel=\"noopener nofollow\" data-gtm-custom-categorie=\"navigation\" data-gtm-custom-action=\"crossclick\" data-gtm-custom-label=\"Contextuel\" data-gtm-event=\"customEventSPE\" data-fig-domain=\"LEFIGARO\">Le plan Trump est-il une nouvelle chance pour la paix\u00a0?<br \/>\n    <\/a>\n<\/p>\n<p class=\"fig-paragraph\">Le plan initial du pr\u00e9sident am\u00e9ricain pr\u00e9voyait qu\u2019au moment o\u00f9 les deux parties acceptent le plan, la guerre s\u2019ach\u00e8verait \u00ab\u00a0imm\u00e9diatement\u00a0\u00bb. Puis\u2026<\/p>\n<p class=\"fig-premium-paywall__infos\">\n        Cet article est r\u00e9serv\u00e9 aux abonn\u00e9s.        Il vous reste 84% \u00e0 d\u00e9couvrir.\n    <\/p>\n<p>                <img  data- alt=\"Le Figaro\" class=\"fig-img--complete fig-img\"\/><\/p>\n<p class=\"fig-premium-paywall__title\">J-100, Le Figaro f\u00eate ses 200 ans<\/p>\n<p class=\"fig-premium-paywall__subtitle\">Offre anniversaire : 2\u20ac\/mois pendant 200 semaines<\/p>\n<p class=\"fig-premium-paywall__connect\">\n                D\u00e9j\u00e0 abonn\u00e9\u00a0?                <a class=\"fig-premium-paywall__connect-link\" href=\"https:\/\/connect.lefigaro.fr\/login?client=horizon_web&amp;type=main&amp;redirect_uri=https%3A%2F%2Fwww.lefigaro.fr%2Finternational%2Fle-deal-sur-gaza-une-victoire-pour-donald-trump-20251009\" data-js-gtm=\"{&quot;customCategorie&quot;: &quot;conversion&quot;, &quot;customAction&quot;: &quot;before_Landing_Connexion_paywall_auto&quot;, &quot;customLabel&quot;: &quot;bGVmaWdhcm8uZnJfXzFmMGE1MWMwLWMwYmMtNjU0Mi04YjRkLTYzNDExYWVhY2MxNF9fQXJ0aWNsZQ==_Le \u00abdeal\u00bb sur Gaza, une victoire pour Donald Trump_153&quot;, &quot;customIDSPE&quot;: &quot;bGVmaWdhcm8uZnJfXzFmMGE1MWMwLWMwYmMtNjU0Mi04YjRkLTYzNDExYWVhY2MxNF9fQXJ0aWNsZQ==&quot;, &quot;event&quot;: &quot;customEventSPE&quot;}\" rel=\"nofollow noopener\" target=\"_blank\"><br \/>\n                    Connectez-vous<br \/>\n                <\/a>\n            <\/p>\n","protected":false},"excerpt":{"rendered":"ANALYSE &#8211; La paix dans le conflit isra\u00e9lo-palestinien est une vieille obsession du milliardaire qui en a fait&hellip;\n","protected":false},"author":2,"featured_media":451117,"comment_status":"","ping_status":"","sticky":false,"template":"","format":"standard","meta":{"footnotes":""},"categories":[2],"tags":[11,75,1011,27,665,12,25],"class_list":{"0":"post-451116","1":"post","2":"type-post","3":"status-publish","4":"format-standard","5":"has-post-thumbnail","7":"category-actualites","8":"tag-actualites","9":"tag-donald-trump","10":"tag-fr","11":"tag-france","12":"tag-gaza","13":"tag-news","14":"tag-republique-francaise"},"share_on_mastodon":{"url":"https:\/\/pubeurope.com\/@fr\/115346693495117883","error":""},"_links":{"self":[{"href":"https:\/\/www.europesays.com\/fr\/wp-json\/wp\/v2\/posts\/451116","targetHints":{"allow":["GET"]}}],"collection":[{"href":"https:\/\/www.europesays.com\/fr\/wp-json\/wp\/v2\/posts"}],"about":[{"href":"https:\/\/www.europesays.com\/fr\/wp-json\/wp\/v2\/types\/post"}],"author":[{"embeddable":true,"href":"https:\/\/www.europesays.com\/fr\/wp-json\/wp\/v2\/users\/2"}],"replies":[{"embeddable":true,"href":"https:\/\/www.europesays.com\/fr\/wp-json\/wp\/v2\/comments?post=451116"}],"version-history":[{"count":0,"href":"https:\/\/www.europesays.com\/fr\/wp-json\/wp\/v2\/posts\/451116\/revisions"}],"wp:featuredmedia":[{"embeddable":true,"href":"https:\/\/www.europesays.com\/fr\/wp-json\/wp\/v2\/media\/451117"}],"wp:attachment":[{"href":"https:\/\/www.europesays.com\/fr\/wp-json\/wp\/v2\/media?parent=451116"}],"wp:term":[{"taxonomy":"category","embeddable":true,"href":"https:\/\/www.europesays.com\/fr\/wp-json\/wp\/v2\/categories?post=451116"},{"taxonomy":"post_tag","embeddable":true,"href":"https:\/\/www.europesays.com\/fr\/wp-json\/wp\/v2\/tags?post=451116"}],"curies":[{"name":"wp","href":"https:\/\/api.w.org\/{rel}","templated":true}]}}