{"id":451120,"date":"2025-10-09T23:03:10","date_gmt":"2025-10-09T23:03:10","guid":{"rendered":"https:\/\/www.europesays.com\/fr\/451120\/"},"modified":"2025-10-09T23:03:10","modified_gmt":"2025-10-09T23:03:10","slug":"coup-dur-pour-le-stade-francais","status":"publish","type":"post","link":"https:\/\/www.europesays.com\/fr\/451120\/","title":{"rendered":"Coup dur pour le Stade Fran\u00e7ais"},"content":{"rendered":"<p><strong>Bless\u00e9 \u00e0 un genou samedi dernier<br \/>\nlors de la victoire des Parisiens \u00e0 Perpignan, l&rsquo;ouvreur<br \/>\nbritannique du Stade Fran\u00e7ais Zack Henry (31 ans) souffre d&rsquo;une<br \/>\nentorse du ligament lat\u00e9ral interne qui l&rsquo;\u00e9loignera des terrains<br \/>\npendant plusieurs semaines.<\/strong><\/p>\n<p>C\u2019\u00e9tait presque trop beau pour le Stade Fran\u00e7ais. \u00c9pargn\u00e9 par<br \/>\nles p\u00e9pins physiques depuis le coup d\u2019envoi de la saison, le club<br \/>\nparisien a enregistr\u00e9 son premier coup dur, en cette fin de<br \/>\nsemaine. Zack Henry (31 ans), bless\u00e9 le week-end dernier lors du<br \/>\nd\u00e9placement des Soldats Roses sur la pelouse de l\u2019USAP, o\u00f9 les<br \/>\njoueurs de la capitale avaient align\u00e9 une deuxi\u00e8me victoire de rang<br \/>\nen disposant nettement des Catalans (28-11), bonus offensif \u00e0 la<br \/>\ncl\u00e9, manquera \u00e0 son \u00e9quipe pendant plusieurs semaines.<\/p>\n<p>Le demi d\u2019ouverture britannique a pass\u00e9 des examens au retour de<br \/>\nPerpignan qui ont r\u00e9v\u00e9l\u00e9 une entorse du ligament lat\u00e9ral interne.<br \/>\nUne d\u2019autant plus mauvaise nouvelle que si, officiellement,<br \/>\nl\u2019absence de l\u2019ancien ouvreur de Pau ne devrait pas d\u00e9passer les<br \/>\ndeux ou trois semaines, il se dit que les Parisiens redoutent en<br \/>\ninterne une indisponibilit\u00e9 de leur num\u00e9ro 10 qui pourrait aller<br \/>\njusqu\u2019\u00e0 trois mois.<\/p>\n<p><strong>Barr\u00e9 ou Jonas pour<br \/>\nremplacer Henry ?<\/strong><\/p>\n<p>Dans un premier temps, Henry ayant disput\u00e9 l\u2019int\u00e9gralit\u00e9 du<br \/>\nmatch face aux Perpignanais, il n\u2019avait paradoxalement pas \u00e9t\u00e9<br \/>\npr\u00e9vu dans un premier temps de lui faire subir des examens au<br \/>\nretour \u00e0 Paris. Le staff m\u00e9dical de ce Stade Fran\u00e7ais qui joue les<br \/>\npremiers r\u00f4les \u2013 Paris occupe la deuxi\u00e8me place \u00e0 un point du<br \/>\nleader Bayonne apr\u00e8s cinq journ\u00e9es \u2013 en a d\u00e9cid\u00e9 autrement apr\u00e8s<br \/>\navoir auscult\u00e9 l\u2019Anglais en d\u00e9but de semaine.<\/p>\n<p>Henry, qui avait \u00e9t\u00e9 titularis\u00e9 samedi pour la premi\u00e8re fois<br \/>\ndepuis le d\u00e9but de ce nouvel exercice et n\u2019\u00e9tait apparu qu\u2019\u00e0 deux<br \/>\nreprises cette saison avant ce d\u00e9placement \u00e0 Perpignan, a \u00e9voqu\u00e9<br \/>\nlui aussi sur ses r\u00e9seaux sociaux une absence de \u00ab\u00a0quelques<br \/>\nsemaines\u00a0\u00bb, qu\u2019il passera, \u00e0 l\u2019entendre, aux c\u00f4t\u00e9s des kin\u00e9s.<br \/>\nPour pallier l\u2019absence de son demi d\u2019ouverture, Paul Gustard, qui a<br \/>\ninvit\u00e9 Louis Foursans-Bourdette, \u00e0 se trouver un nouveau club,<br \/>\npourrait s\u2019appuyer sur l\u2019arri\u00e8re international L\u00e9o Barr\u00e9, form\u00e9 \u00e0<br \/>\nl\u2019ouverture, ou encore l\u2019ailier sud-africain Joe Jonas. Pas<br \/>\nsimple.<\/p>\n","protected":false},"excerpt":{"rendered":"Bless\u00e9 \u00e0 un genou samedi dernier lors de la victoire des Parisiens \u00e0 Perpignan, l&rsquo;ouvreur britannique du Stade&hellip;\n","protected":false},"author":2,"featured_media":451121,"comment_status":"","ping_status":"","sticky":false,"template":"","format":"standard","meta":{"footnotes":""},"categories":[1416],"tags":[1011,27,479,1468,57681,60],"class_list":{"0":"post-451120","1":"post","2":"type-post","3":"status-publish","4":"format-standard","5":"has-post-thumbnail","7":"category-rugby","8":"tag-fr","9":"tag-france","10":"tag-rugby","11":"tag-rugby-football","12":"tag-sport365-fr","13":"tag-sports"},"share_on_mastodon":{"url":"https:\/\/pubeurope.com\/@fr\/115346709132968390","error":""},"_links":{"self":[{"href":"https:\/\/www.europesays.com\/fr\/wp-json\/wp\/v2\/posts\/451120","targetHints":{"allow":["GET"]}}],"collection":[{"href":"https:\/\/www.europesays.com\/fr\/wp-json\/wp\/v2\/posts"}],"about":[{"href":"https:\/\/www.europesays.com\/fr\/wp-json\/wp\/v2\/types\/post"}],"author":[{"embeddable":true,"href":"https:\/\/www.europesays.com\/fr\/wp-json\/wp\/v2\/users\/2"}],"replies":[{"embeddable":true,"href":"https:\/\/www.europesays.com\/fr\/wp-json\/wp\/v2\/comments?post=451120"}],"version-history":[{"count":0,"href":"https:\/\/www.europesays.com\/fr\/wp-json\/wp\/v2\/posts\/451120\/revisions"}],"wp:featuredmedia":[{"embeddable":true,"href":"https:\/\/www.europesays.com\/fr\/wp-json\/wp\/v2\/media\/451121"}],"wp:attachment":[{"href":"https:\/\/www.europesays.com\/fr\/wp-json\/wp\/v2\/media?parent=451120"}],"wp:term":[{"taxonomy":"category","embeddable":true,"href":"https:\/\/www.europesays.com\/fr\/wp-json\/wp\/v2\/categories?post=451120"},{"taxonomy":"post_tag","embeddable":true,"href":"https:\/\/www.europesays.com\/fr\/wp-json\/wp\/v2\/tags?post=451120"}],"curies":[{"name":"wp","href":"https:\/\/api.w.org\/{rel}","templated":true}]}}