{"id":451126,"date":"2025-10-09T23:07:19","date_gmt":"2025-10-09T23:07:19","guid":{"rendered":"https:\/\/www.europesays.com\/fr\/451126\/"},"modified":"2025-10-09T23:07:19","modified_gmt":"2025-10-09T23:07:19","slug":"mekies-minimise-son-role-dans-le-redressement-de-red-bull","status":"publish","type":"post","link":"https:\/\/www.europesays.com\/fr\/451126\/","title":{"rendered":"Mekies minimise son r\u00f4le dans le redressement de Red Bull"},"content":{"rendered":"<p>Apr\u00e8s deux victoires sur des circuits \u00e0 faible appui, \u00e0 Monza et \u00e0 Bakou,\u00a0<a href=\"https:\/\/fr.motorsport.com\/driver\/max-verstappen\/93029\/\" target=\"_blank\" rel=\"noopener\">Max Verstappen<\/a> a pris la deuxi\u00e8me place \u00e0 Singapour, derri\u00e8re <a href=\"https:\/\/fr.motorsport.com\/driver\/george-russell\/96626\/\" target=\"_blank\" rel=\"noopener\">George Russell<\/a>. Bien qu&rsquo;elle ait laiss\u00e9 passer la victoire, cette performance confirme tout de m\u00eame que <a href=\"https:\/\/fr.motorsport.com\/team\/red-bull\/553\/\" target=\"_blank\" rel=\"noopener\">Red Bull<\/a> est de retour sur la bonne voie. Les progr\u00e8s de l&rsquo;\u00e9quipe ne se limitent plus aux circuits \u00e0 faible appui\u00a0:\u00a0Marina Bay a montr\u00e9 que Red Bull avait d\u00e9sormais pass\u00e9 avec succ\u00e8s l&rsquo;\u00e9preuve des pistes \u00e0 fort appui.\u00a0<\/p>\n<p>Ceci \u00e9tant dit, tout n&rsquo;a pas \u00e9t\u00e9 parfait. Les changements de r\u00e9glages r\u00e9alis\u00e9s avant les qualifications n&rsquo;ont pas donn\u00e9 l&rsquo;effet escompt\u00e9, et Verstappen n&rsquo;\u00e9tait pas enti\u00e8rement satisfait de l&rsquo;\u00e9quilibre de sa voiture en course. Idem pour des passages de rapports qui ont encore donn\u00e9 du fil \u00e0 retordre au N\u00e9erlandais.<\/p>\n<p>Mais, globalement, Red Bull a pass\u00e9 le test. C&rsquo;est le reflet des progr\u00e8s r\u00e9alis\u00e9s ces derni\u00e8res semaines. Pourtant, Laurent Mekies, le directeur de l&rsquo;\u00e9quipe en poste depuis d\u00e9but juillet, refuse de s&rsquo;en attribuer le m\u00e9rite. \u00c0 Monza, il avait d\u00e9j\u00e0 d\u00e9clar\u00e9 que sa contribution chez Red Bull restait \u00ab\u00a0nulle\u00a0\u00bb et, interrog\u00e9 \u00e0 nouveau par <strong>Motorsport.com<\/strong> apr\u00e8s Singapour, sa r\u00e9ponse n&rsquo;a pas chang\u00e9.<\/p>\n<p>\u00ab\u00a0C&rsquo;est toujours z\u00e9ro, les gars\u00a0\u00bb, a insist\u00e9 le Fran\u00e7ais. \u00ab\u00a0C&rsquo;est toujours z\u00e9ro, et je le dis avec le m\u00eame s\u00e9rieux qu&rsquo;apr\u00e8s Monza. L&rsquo;am\u00e9lioration des performances est essentiellement due au travail de tout le monde qui analyse les limites de la voiture, course apr\u00e8s course. Qu&rsquo;est-ce qui nous emp\u00eache d&rsquo;exploiter le potentiel de la voiture\u00a0?\u00a0Comment ajouter de la performance, et o\u00f9 la mettre pour qu&rsquo;elle se traduise en temps au tour\u00a0?\u00a0Ce travail, avec les retours tr\u00e8s forts et clairs de Max, porte maintenant ses fruits, ce qui est une bonne nouvelle.\u00a0\u00bb<\/p>\n<p>   <img decoding=\"async\" draggable=\"false\" src=\"https:\/\/www.europesays.com\/fr\/wp-content\/uploads\/2025\/10\/laurent-mekies-red-bull-racing.jpg\" alt=\"Laurent Mekies (Red Bull Racing)\" width=\"1200\" height=\"800\" loading=\"lazy\"\/> <\/p>\n<p class=\"title\">Laurent Mekies (Red Bull Racing)<\/p>\n<p class=\"photographer\">Photo de: Mark Sutton \/ Formula 1 via Getty Images<\/p>\n<p>Cette approche refl\u00e8te le fonctionnement de Laurent Mekies depuis qu&rsquo;il a rejoint Red Bull Racing\u00a0:\u00a0mettre Verstappen et le reste de l&rsquo;\u00e9quipe en lumi\u00e8re plut\u00f4t que lui-m\u00eame. \u00ab\u00a0Cela confirme juste que nous avons les meilleures personnes possibles\u00a0\u00bb, a-t-il ajout\u00e9 \u00e0 Singapour. Dans le m\u00eame temps, il reste r\u00e9aliste\u00a0:\u00a0\u00ab\u00a0Nous continuerons \u00e0 travailler, nous ne nous arr\u00eatons pas l\u00e0. Nous allons reprendre course par course et voir s&rsquo;il y a encore des progr\u00e8s \u00e0 faire.\u00a0\u00bb<\/p>\n<blockquote>\n<p>Je pense que Laurent est probablement trop gentil sur ce point.<\/p>\n<\/blockquote>\n<p>Helmut Marko avait d\u00e9j\u00e0 d\u00e9clar\u00e9 que Laurent Mekies \u00e9tait trop modeste en affirmant que son impact \u00e9tait nul, une humilit\u00e9 n\u00e9anmoins tr\u00e8s appr\u00e9ci\u00e9e au sein de Red Bull, y compris par la direction autrichienne. Verstappen estime \u00e9galement que son nouveau directeur m\u00e9rite plus de cr\u00e9dit, tout en saluant son approche tr\u00e8s orient\u00e9e \u00e9quipe.<\/p>\n<p>\u00ab\u00a0Je pense que Laurent est probablement trop gentil sur ce point\u00a0\u00bb, a plaisant\u00e9 Verstappen aupr\u00e8s de <strong>Motorsport.com<\/strong>. \u00ab\u00a0Mais au final, ce qui est tr\u00e8s bien, c&rsquo;est que nous abordons cela comme un v\u00e9ritable effort collectif. Nous avons toujours essay\u00e9 d&rsquo;analyser les d\u00e9tails et de comprendre nos points faibles. Et depuis quelques courses, cela s&rsquo;est nettement am\u00e9lior\u00e9.\u00a0\u00bb<\/p>\n<p>Le N\u00e9erlandais souligne aussi qu&rsquo;il reste des enseignements \u00e0 tirer apr\u00e8s Singapour, sans que cela remette en cause la dynamique actuelle de l&rsquo;\u00e9quipe n\u00e9anmoins\u00a0:\u00a0\u00ab\u00a0Peut-\u00eatre que cette course n&rsquo;a pas \u00e9t\u00e9 aussi bonne que celle du dernier week-end, mais parfois on sort un peu perdu, sans vraiment comprendre pourquoi ou comment. Je pense que maintenant, nous comprenons pourquoi et comment nous pouvons nous am\u00e9liorer. Et oui, en posant les bonnes questions, y compris avec Laurent impliqu\u00e9, \u00e7a fonctionne bien.\u00a0\u00bb<\/p>\n<p>Lire aussi :<\/p>\n<p>            Votre avis nous int\u00e9resse !<\/p>\n<p class=\"mt-auto\">Qu&rsquo;aimeriez-vous voir sur Motorsport.com ?<\/p>\n<p>            <a href=\"#\" class=\"ms-link text-link font-bold\">R\u00e9pondez \u00e0 notre enqu\u00eate de 5 minutes.<\/a><\/p>\n<p class=\"mt-1 font-info text-body\">&#8211; L&rsquo;\u00e9quipe Motorsport.com<\/p>\n","protected":false},"excerpt":{"rendered":"Apr\u00e8s deux victoires sur des circuits \u00e0 faible appui, \u00e0 Monza et \u00e0 Bakou,\u00a0Max Verstappen a pris la&hellip;\n","protected":false},"author":2,"featured_media":451127,"comment_status":"","ping_status":"","sticky":false,"template":"","format":"standard","meta":{"footnotes":""},"categories":[1412],"tags":[55627,1451,1452,1453,1454,1455,1011,27,55626,26916,2236,57682,2255,60],"class_list":{"0":"post-451126","1":"post","2":"type-post","3":"status-publish","4":"format-standard","5":"has-post-thumbnail","7":"category-f1","8":"tag-circuit-urbain-de-marina-bay","9":"tag-f1","10":"tag-formula-1","11":"tag-formula1","12":"tag-formule-1","13":"tag-formule1","14":"tag-fr","15":"tag-france","16":"tag-gp-de-singapour","17":"tag-laurent-mekies","18":"tag-max-verstappen","19":"tag-mekies-minimise-son-ru00f4le-dans-le-redressement-de-red-bull","20":"tag-red-bull","21":"tag-sports"},"share_on_mastodon":{"url":"https:\/\/pubeurope.com\/@fr\/115346725442045433","error":""},"_links":{"self":[{"href":"https:\/\/www.europesays.com\/fr\/wp-json\/wp\/v2\/posts\/451126","targetHints":{"allow":["GET"]}}],"collection":[{"href":"https:\/\/www.europesays.com\/fr\/wp-json\/wp\/v2\/posts"}],"about":[{"href":"https:\/\/www.europesays.com\/fr\/wp-json\/wp\/v2\/types\/post"}],"author":[{"embeddable":true,"href":"https:\/\/www.europesays.com\/fr\/wp-json\/wp\/v2\/users\/2"}],"replies":[{"embeddable":true,"href":"https:\/\/www.europesays.com\/fr\/wp-json\/wp\/v2\/comments?post=451126"}],"version-history":[{"count":0,"href":"https:\/\/www.europesays.com\/fr\/wp-json\/wp\/v2\/posts\/451126\/revisions"}],"wp:featuredmedia":[{"embeddable":true,"href":"https:\/\/www.europesays.com\/fr\/wp-json\/wp\/v2\/media\/451127"}],"wp:attachment":[{"href":"https:\/\/www.europesays.com\/fr\/wp-json\/wp\/v2\/media?parent=451126"}],"wp:term":[{"taxonomy":"category","embeddable":true,"href":"https:\/\/www.europesays.com\/fr\/wp-json\/wp\/v2\/categories?post=451126"},{"taxonomy":"post_tag","embeddable":true,"href":"https:\/\/www.europesays.com\/fr\/wp-json\/wp\/v2\/tags?post=451126"}],"curies":[{"name":"wp","href":"https:\/\/api.w.org\/{rel}","templated":true}]}}