{"id":451129,"date":"2025-10-09T23:09:12","date_gmt":"2025-10-09T23:09:12","guid":{"rendered":"https:\/\/www.europesays.com\/fr\/451129\/"},"modified":"2025-10-09T23:09:12","modified_gmt":"2025-10-09T23:09:12","slug":"lequipe-des-bleus-annoncee-avec-une-surprise-pour-mbappe","status":"publish","type":"post","link":"https:\/\/www.europesays.com\/fr\/451129\/","title":{"rendered":"L&rsquo;\u00e9quipe des Bleus annonc\u00e9e avec une surprise pour Mbapp\u00e9"},"content":{"rendered":"<p><strong>Ce <b>vendredi<\/b>, l\u2019Equipe de France jouera lors des \u00e9liminatoires de la Coupe du Monde 2026 contre l\u2019Azerba\u00efdjan \u00e0 20h45 au Stade de France. Un match qui concerne 2<b> joueurs du Paris Saint-Germain, tous fran\u00e7ais : Lucas Chevalier (gardien de 23 ans) et Lucas Hernandez (d\u00e9fenseur de 29 ans)<\/b><\/strong><strong>. RMC Sport annonce ce jeudi soir une \u00e9quipe probable, avec un choix surprenant.<\/strong><\/p>\n<p style=\"text-align: center;\">Ekitike<\/p>\n<p style=\"text-align: center;\">Mbapp\u00e9 \u2013 Olise \u2013 Coman<\/p>\n<p style=\"text-align: center;\">Rabiot \u2013 K. Thuram<\/p>\n<p style=\"text-align: center;\">T. Hernandez \u2013 Upamecano \u2013 Saliba \u2013 Gusto<\/p>\n<p style=\"text-align: center;\">Maignan<\/p>\n<p>Revoir Mbapp\u00e9 \u00e0 gauche serait une petite surprise. Et on reste prudent, elle n\u2019est pas encore officiel. Mais ce ne serait pas d\u00e9nu\u00e9 de sens pour un joueur qui aime d\u00e9crocher et venir de la gauche. On peut surtout envisager une grande libert\u00e9 offensive et la possibilit\u00e9 de \u00ab\u00a0tourner\u00a0\u00bb autour d\u2019Ekitike. Reste \u00e0 esp\u00e9rer que ce soit sans oublier l\u2019\u00e9quilibre d\u00e9fensif.<\/p>\n<p>Pour le reste, c\u2019est une \u00e9quipe plut\u00f4t logique compte tenu des joueurs disponibles.<\/p>\n<p>\t\t\t\t\t\t\t\t\t\t\t\t\t\t\t\t\t\t\t\t\t\t\t<img loading=\"lazy\" src=\"https:\/\/www.europesays.com\/fr\/wp-content\/uploads\/2025\/04\/ParisFans_Logo.png\" decoding=\"async\" class=\"lazyload\" width=\"240\" height=\"54\" data-eio-rwidth=\"240\" data-eio-rheight=\"54\"\/><\/p>\n","protected":false},"excerpt":{"rendered":"Ce vendredi, l\u2019Equipe de France jouera lors des \u00e9liminatoires de la Coupe du Monde 2026 contre l\u2019Azerba\u00efdjan \u00e0&hellip;\n","protected":false},"author":2,"featured_media":451130,"comment_status":"","ping_status":"","sticky":false,"template":"","format":"standard","meta":{"footnotes":""},"categories":[1410],"tags":[63,1011,27,57683,60,96],"class_list":{"0":"post-451129","1":"post","2":"type-post","3":"status-publish","4":"format-standard","5":"has-post-thumbnail","7":"category-football","8":"tag-football","9":"tag-fr","10":"tag-france","11":"tag-france-azerbaidjan","12":"tag-sports","13":"tag-une"},"share_on_mastodon":{"url":"https:\/\/pubeurope.com\/@fr\/115346732840486864","error":""},"_links":{"self":[{"href":"https:\/\/www.europesays.com\/fr\/wp-json\/wp\/v2\/posts\/451129","targetHints":{"allow":["GET"]}}],"collection":[{"href":"https:\/\/www.europesays.com\/fr\/wp-json\/wp\/v2\/posts"}],"about":[{"href":"https:\/\/www.europesays.com\/fr\/wp-json\/wp\/v2\/types\/post"}],"author":[{"embeddable":true,"href":"https:\/\/www.europesays.com\/fr\/wp-json\/wp\/v2\/users\/2"}],"replies":[{"embeddable":true,"href":"https:\/\/www.europesays.com\/fr\/wp-json\/wp\/v2\/comments?post=451129"}],"version-history":[{"count":0,"href":"https:\/\/www.europesays.com\/fr\/wp-json\/wp\/v2\/posts\/451129\/revisions"}],"wp:featuredmedia":[{"embeddable":true,"href":"https:\/\/www.europesays.com\/fr\/wp-json\/wp\/v2\/media\/451130"}],"wp:attachment":[{"href":"https:\/\/www.europesays.com\/fr\/wp-json\/wp\/v2\/media?parent=451129"}],"wp:term":[{"taxonomy":"category","embeddable":true,"href":"https:\/\/www.europesays.com\/fr\/wp-json\/wp\/v2\/categories?post=451129"},{"taxonomy":"post_tag","embeddable":true,"href":"https:\/\/www.europesays.com\/fr\/wp-json\/wp\/v2\/tags?post=451129"}],"curies":[{"name":"wp","href":"https:\/\/api.w.org\/{rel}","templated":true}]}}