{"id":451131,"date":"2025-10-09T23:10:11","date_gmt":"2025-10-09T23:10:11","guid":{"rendered":"https:\/\/www.europesays.com\/fr\/451131\/"},"modified":"2025-10-09T23:10:11","modified_gmt":"2025-10-09T23:10:11","slug":"un-acteur-revele-le-vrai-visage-de-coluche-en-coulisses","status":"publish","type":"post","link":"https:\/\/www.europesays.com\/fr\/451131\/","title":{"rendered":"un acteur r\u00e9v\u00e8le le vrai visage de Coluche en coulisses"},"content":{"rendered":"<p>Le temps passe, mais les traces demeurent. Ic\u00f4ne intemporelle,<br \/>\nColuche a red\u00e9fini l\u2019humour et le spectacle en France. Ce dernier<br \/>\ns\u2019est rapidement impos\u00e9 comme une figure incontournable de cet<br \/>\nunivers, notamment gr\u00e2ce \u00e0 son franc-parler l\u00e9gendaire et un<br \/>\nengagement social sans faille. R\u00e9v\u00e9l\u00e9 par des sketchs cultes comme<br \/>\nC\u2019est l\u2019histoire d\u2019un mec ou encore la parodie mythique du<br \/>\nSchmilblick, il a s\u00e9duit un public immense gr\u00e2ce \u00e0 son<br \/>\nstyle unique. Aux cin\u00e9mas, c\u2019est avec des r\u00f4les dans des films<br \/>\ncomme Tchao Pantin, Le Ma\u00eetre d\u2019\u00e9cole ou encore<br \/>\nInspecteur la Bavure que Coluche a marqu\u00e9 les esprits.<\/p>\n<p>Un v\u00e9ritable mentor<\/p>\n<p>V\u00e9ritable l\u00e9gende, Coluche a \u00e9galement permis \u00e0 de nombreux<br \/>\nartistes de se lancer. En effet, ce dernier a donn\u00e9 l\u2019occasion \u00e0<br \/>\n<strong>de nombreuses personnes de faire leur premier pas \u00e0 ses<br \/>\nc\u00f4t\u00e9s<\/strong> ou au sein de structures qu\u2019il a inspir\u00e9es. D\u00e8s ses<br \/>\nd\u00e9buts, notamment avec la cr\u00e9ation du Caf\u00e9 de la Gare \u00e0 Paris en<br \/>\n1969, <a href=\"https:\/\/www.melty.fr\/people\/avant-sa-mort-coluche-tres-franc-sur-renaud-un-petit-con-2229788.html\" target=\"_blank\" rel=\"noopener\"><br \/>\nle com\u00e9dien qui s\u00a0\u00bbest livr\u00e9 sur Renaud avant sa mort<\/a> a<br \/>\nrassembl\u00e9 autour de lui une g\u00e9n\u00e9ration d\u2019artistes qui allait<br \/>\nmarquer la sc\u00e8ne culturelle fran\u00e7aise.<\/p>\n<p>Des noms \u00e0 l\u2019\u00e9poque qui \u00e9taient totalement inconnus, mais qui<br \/>\nfont partie des incontournables du monde de l\u2019humour aujourd\u2019hui.<br \/>\nParmi ces derniers, on peut citer <strong>Patrick Dewaere,<br \/>\nMiou-Miou, G\u00e9rard Depardieu, Josiane Balasko, Thierry<br \/>\nLhermitte<\/strong> ou encore Henri Guybet. D\u2019ailleurs, ce dernier<br \/>\nn\u2019a pas h\u00e9sit\u00e9 \u00e0 faire quelques confidences sur Coluche.<\/p>\n<p>Henri Guybet sans d\u00e9tour sur Coluche<\/p>\n<p>La sc\u00e8ne du Caf\u00e9 de la Gare \u00e0 Paris a permis \u00e0 de nombreux<br \/>\nartistes de se faire une place dans le monde de l\u2019humour. Parmi ces<br \/>\njeunes talents, on retrouvait notamment <strong>Henri<br \/>\nGuybet<\/strong>. Une \u00e9poque que ce dernier n\u2019a pas h\u00e9sit\u00e9 \u00e0 \u00e9voquer<br \/>\nlors de son entretien sur le plateau de Vivement dimanche en<br \/>\nf\u00e9vrier dernier. Aux c\u00f4t\u00e9s de Michel Drucker, le com\u00e9dien de 88 ans<br \/>\na revisionn\u00e9 des images d\u2019un ancien sketch avec Coluche. Dans ce<br \/>\ndernier, l\u2019invit\u00e9 prenait des coups de la part du cr\u00e9ateur des<br \/>\nRestos du c\u0153ur. \u201cLes d\u00e9buts d&rsquo;une grande aventure, hein<br \/>\n?\u201d, avait lanc\u00e9 l\u2019animateur.<\/p>\n<p>Mais pour Henri Guybet, ces moments n\u2019\u00e9taient pas toujours<br \/>\njoyeux. \u201c<strong>La sc\u00e8ne des gifles, tous les soirs, Coluche<br \/>\nm&rsquo;en mettait une vraie<\/strong>, il me faisait tr\u00e8s mal ! Je me<br \/>\nsuis dit : &lsquo;Un jour, je vais lui en retourner une&rsquo;. J&rsquo;ai su me<br \/>\nvenger par la suite&#8230;\u201d, avait-il confi\u00e9. Avant de poursuivre<br \/>\n: \u201cColuche, qui \u00e9tait un \u00eatre tr\u00e8s agr\u00e9able dans la vie, sur<br \/>\nsc\u00e8ne, c&rsquo;\u00e9tait un requin. <strong>Il nous volait nos r\u00e9pliques,<br \/>\nsurtout quand elles \u00e9taient dr\u00f4les<\/strong>. Donc, on lui disait :<br \/>\n&lsquo;Ne me prends pas ma r\u00e9plique, c&rsquo;est emb\u00eatant&rsquo;, il me r\u00e9pondait :<br \/>\n&lsquo;Mais tu ne la dis pas&rsquo;, je r\u00e9pondais : &lsquo;Je marque un temps avant<br \/>\nde la dire&rsquo;, et il me disait : &lsquo;C&rsquo;est un spectacle, il faut du<br \/>\nrythme, on n&rsquo;a pas de temps \u00e0 perdre&rsquo;.\u201d<\/p>\n<p>\u201cOn ne voulait plus jouer avec<br \/>\nlui\u201d<\/p>\n<p>Le comportement de Coluche ne laissait pas Henri Guybet<br \/>\nindiff\u00e9rent. \u00c0 bout, le com\u00e9dien avait fini par se venger : \u201c\u00c0<br \/>\ntous, \u00e7a finissait par nous \u00e9nerver. <strong>Patrick et moi, on<br \/>\nl&rsquo;attendait dans la loge et l\u00e0, on le frappait !<\/strong> Pas sur<br \/>\nle visage pour ne pas nuire au spectacle, mais on lui foutait des<br \/>\nsacr\u00e9es fess\u00e9es.\u201d<\/p>\n<p>Bien que Caf\u00e9 de la Gare leur ait permis de grandir, beaucoup<br \/>\nont d\u00e9cid\u00e9 de se s\u00e9parer de <a href=\"https:\/\/www.melty.fr\/people\/coluche-quitte-par-sa-femme-avant-sa-mort-elle-a-vecu-lenfer-avec-lui-2228292.html\" target=\"_blank\" rel=\"noopener\"><br \/>\ncelui qui a quitt\u00e9 sa femme avant sa mort<\/a>, car ils n\u2019en<br \/>\npouvaient plus. \u201cC&rsquo;\u00e9tait sa manie, si bien qu&rsquo;<strong>au bout<br \/>\nd&rsquo;un moment, \u00e7a devenait injouable avec lui.<\/strong> On s&rsquo;est<br \/>\ns\u00e9par\u00e9s de Coluche. On est rest\u00e9s bons copains, mais on ne voulait<br \/>\nplus jouer avec lui\u201d, a-t-il confi\u00e9.<\/p>\n","protected":false},"excerpt":{"rendered":"Le temps passe, mais les traces demeurent. Ic\u00f4ne intemporelle, Coluche a red\u00e9fini l\u2019humour et le spectacle en France.&hellip;\n","protected":false},"author":2,"featured_media":451132,"comment_status":"","ping_status":"","sticky":false,"template":"","format":"standard","meta":{"footnotes":""},"categories":[1359],"tags":[905,58,59,1011,27,973],"class_list":{"0":"post-451131","1":"post","2":"type-post","3":"status-publish","4":"format-standard","5":"has-post-thumbnail","7":"category-people","8":"tag-a-la-une-melty","9":"tag-divertissement","10":"tag-entertainment","11":"tag-fr","12":"tag-france","13":"tag-people"},"share_on_mastodon":{"url":"https:\/\/pubeurope.com\/@fr\/115346736685257471","error":""},"_links":{"self":[{"href":"https:\/\/www.europesays.com\/fr\/wp-json\/wp\/v2\/posts\/451131","targetHints":{"allow":["GET"]}}],"collection":[{"href":"https:\/\/www.europesays.com\/fr\/wp-json\/wp\/v2\/posts"}],"about":[{"href":"https:\/\/www.europesays.com\/fr\/wp-json\/wp\/v2\/types\/post"}],"author":[{"embeddable":true,"href":"https:\/\/www.europesays.com\/fr\/wp-json\/wp\/v2\/users\/2"}],"replies":[{"embeddable":true,"href":"https:\/\/www.europesays.com\/fr\/wp-json\/wp\/v2\/comments?post=451131"}],"version-history":[{"count":0,"href":"https:\/\/www.europesays.com\/fr\/wp-json\/wp\/v2\/posts\/451131\/revisions"}],"wp:featuredmedia":[{"embeddable":true,"href":"https:\/\/www.europesays.com\/fr\/wp-json\/wp\/v2\/media\/451132"}],"wp:attachment":[{"href":"https:\/\/www.europesays.com\/fr\/wp-json\/wp\/v2\/media?parent=451131"}],"wp:term":[{"taxonomy":"category","embeddable":true,"href":"https:\/\/www.europesays.com\/fr\/wp-json\/wp\/v2\/categories?post=451131"},{"taxonomy":"post_tag","embeddable":true,"href":"https:\/\/www.europesays.com\/fr\/wp-json\/wp\/v2\/tags?post=451131"}],"curies":[{"name":"wp","href":"https:\/\/api.w.org\/{rel}","templated":true}]}}