{"id":451133,"date":"2025-10-09T23:11:27","date_gmt":"2025-10-09T23:11:27","guid":{"rendered":"https:\/\/www.europesays.com\/fr\/451133\/"},"modified":"2025-10-09T23:11:27","modified_gmt":"2025-10-09T23:11:27","slug":"concours-photo-sur-le-theme-du-vent-a-montmoreau-les-laureats-devoiles","status":"publish","type":"post","link":"https:\/\/www.europesays.com\/fr\/451133\/","title":{"rendered":"Concours photo sur le th\u00e8me du vent \u00e0 Montmoreau\u00a0: les laur\u00e9ats d\u00e9voil\u00e9s"},"content":{"rendered":"<p>Au palmar\u00e8s cette ann\u00e9e\u00a0: Prix du club\u00a0: 1er prix, Dani\u00e8le Bremaud (club de Barbezieux)\u00a0; 2e, Jean Claude Carrerz (club des cheminots d\u2019Angoul\u00eame). Prix du public\u00a0: 1er, Dominique Petit et 2e, Michel Mien, tous les deux du club du Pays d\u2019Aigre. Prix de la mairie\u00a0: 1er, Michel Villate (club de Ruelle)\u00a0; 2e, Mich\u00e8le Jouret. Prix de G\u00e9rard Truffandier, invit\u00e9 d\u2019honneur \u00e0 Michel Villate (club de Ruelle) pour son portrait de chien, la truffe au vent. Et concernant le concours Ha\u00efku\u00a0: 1er prix, Claudine Mignon\u00a0; 2e, Pascale Lamu\u00a0; 3e, Francine Willaume.<\/p>\n","protected":false},"excerpt":{"rendered":"Au palmar\u00e8s cette ann\u00e9e\u00a0: Prix du club\u00a0: 1er prix, Dani\u00e8le Bremaud (club de Barbezieux)\u00a0; 2e, Jean Claude Carrerz&hellip;\n","protected":false},"author":2,"featured_media":451134,"comment_status":"","ping_status":"","sticky":false,"template":"","format":"standard","meta":{"footnotes":""},"categories":[1358],"tags":[1348,1384,1385,1386,58,59,1011,27],"class_list":{"0":"post-451133","1":"post","2":"type-post","3":"status-publish","4":"format-standard","5":"has-post-thumbnail","7":"category-arts-et-design","8":"tag-arts","9":"tag-arts-and-design","10":"tag-arts-et-design","11":"tag-design","12":"tag-divertissement","13":"tag-entertainment","14":"tag-fr","15":"tag-france"},"share_on_mastodon":{"url":"https:\/\/pubeurope.com\/@fr\/115346741017912823","error":""},"_links":{"self":[{"href":"https:\/\/www.europesays.com\/fr\/wp-json\/wp\/v2\/posts\/451133","targetHints":{"allow":["GET"]}}],"collection":[{"href":"https:\/\/www.europesays.com\/fr\/wp-json\/wp\/v2\/posts"}],"about":[{"href":"https:\/\/www.europesays.com\/fr\/wp-json\/wp\/v2\/types\/post"}],"author":[{"embeddable":true,"href":"https:\/\/www.europesays.com\/fr\/wp-json\/wp\/v2\/users\/2"}],"replies":[{"embeddable":true,"href":"https:\/\/www.europesays.com\/fr\/wp-json\/wp\/v2\/comments?post=451133"}],"version-history":[{"count":0,"href":"https:\/\/www.europesays.com\/fr\/wp-json\/wp\/v2\/posts\/451133\/revisions"}],"wp:featuredmedia":[{"embeddable":true,"href":"https:\/\/www.europesays.com\/fr\/wp-json\/wp\/v2\/media\/451134"}],"wp:attachment":[{"href":"https:\/\/www.europesays.com\/fr\/wp-json\/wp\/v2\/media?parent=451133"}],"wp:term":[{"taxonomy":"category","embeddable":true,"href":"https:\/\/www.europesays.com\/fr\/wp-json\/wp\/v2\/categories?post=451133"},{"taxonomy":"post_tag","embeddable":true,"href":"https:\/\/www.europesays.com\/fr\/wp-json\/wp\/v2\/tags?post=451133"}],"curies":[{"name":"wp","href":"https:\/\/api.w.org\/{rel}","templated":true}]}}