{"id":451135,"date":"2025-10-09T23:12:13","date_gmt":"2025-10-09T23:12:13","guid":{"rendered":"https:\/\/www.europesays.com\/fr\/451135\/"},"modified":"2025-10-09T23:12:13","modified_gmt":"2025-10-09T23:12:13","slug":"economie-le-livre-en-occitanie-ou-le-mille-feuille-dune-filiere-bien-vivante-partie-2","status":"publish","type":"post","link":"https:\/\/www.europesays.com\/fr\/451135\/","title":{"rendered":"\u00c9conomie : Le livre en Occitanie, ou le mille-feuille d&rsquo;une fili\u00e8re bien vivante (partie 2)"},"content":{"rendered":"<p class=\"intro\">L\u2019H\u00e9rault (21 % des manifestations), la Haute-Garonne (19 %) et le Gard (14 %)\u00a0restent les d\u00e9partements les mieux dot\u00e9s en manifestations litt\u00e9raires. Plus d\u2019une\u00a0manifestation sur deux y est organis\u00e9e. Ils sont suivis par les Pyr\u00e9n\u00e9es-Orientales\u00a0(11 %) et l\u2019Aude (8 %). Ces chiffres sont bien s\u00fbr \u00e0 lire en gardant \u00e0 l\u2019esprit les \u00e9carts de densit\u00e9\u00a0d\u00e9mographique et le poids des deux grandes m\u00e9tropoles que sont Montpellier et Toulouse.<\/p>\n<p><strong>Toulouse justement !<\/strong> Du 10 au 12 octobre, la Ville Rose se donne au roman noir, avec la dix-septi\u00e8me \u00e9dition du festival <strong>Polars du Sud<\/strong>, parrain\u00e9 cette ann\u00e9e par\u00a0<strong>Mich\u00e8le\u00a0<\/strong><strong>Pedinielli<\/strong>, autrice fran\u00e7aise, et <strong>Valerio Varesi<\/strong>, auteur italien.<\/p>\n<p><strong>Ils seront tr\u00e8s bien entour\u00e9s<\/strong> par une quarantaine d\u2019auteurs, fran\u00e7ais et \u00e9trangers. Pour\u00a0faire monter le suspens, citons Johana Gustawsson, Victor Del Arbol, C\u00e9line Denjean,\u00a0Pascal Dessaint, Marin Ledun, J\u00e9r\u00f4me Leroy, Gabrielle Massat, Fr\u00e9d\u00e9ric Paulin, Leye\u00a0Adenle, Henri Loevenbruck, Jacky Schwartzmann et bien d\u2019autres\u2026<\/p>\n<p><a href=\"https:\/\/dis-leur.fr\/?attachment_id=106065\" rel=\"attachment wp-att-106065 nofollow noopener\" target=\"_blank\"><img loading=\"lazy\" decoding=\"async\" class=\"size-full wp-image-106065\" src=\"https:\/\/www.europesays.com\/fr\/wp-content\/uploads\/2025\/10\/LIVRE-POLAR.jpg\" alt=\"\" width=\"1008\" height=\"439\"  \/><\/a>Ambiance noire pour la Ville Rose (du 10 au 12 octobre). Photo COTTONBRO Studio-Pexels<br \/>\nPolars du Sud, l\u2019image d\u2019une activit\u00e9 forte en Haute-Garonne<\/p>\n<p><strong>Dans plus de 70 sites de la r\u00e9gion Occitanie<\/strong>, le\u00a0polar se d\u00e9voile (depuis le 6 octobre) sous toutes ses formes : projections de courts m\u00e9trages noirs, animation litt\u00e9raire au Castelet de la prison\u00a0Saint-Michel, lectures, stages d\u2019\u00e9criture, rencontres<br \/>dans plus d\u2019une centaine de m\u00e9diath\u00e8ques, biblioth\u00e8ques publiques, librairies, comit\u00e9s\u00a0d\u2019entreprise. Les auteurs sont \u00e9galement all\u00e9s \u00e0 la rencontre des jeunes lecteurs dans les\u00a0\u00e9tablissements scolaires, du primaire \u00e0 l\u2019universit\u00e9, de la R\u00e9gion Occitanie.<\/p>\n<p><strong>Un \u00e9v\u00e9nement de grande ampleur<\/strong> qui conna\u00eetra son apoth\u00e9ose au-cours du week-end, avec de nombreuses <strong>tables rondes,\u00a0s\u00e9ances de d\u00e9dicace, expositions<\/strong> (en particulier celle propos\u00e9e par Retronews de la BNF) <strong>des jeux de r\u00f4le pour les grands et des jeux d\u2019enqu\u00eate pour les moins\u00a0grands<\/strong>\u2026<\/p>\n<p><strong>Pour tout savoir<\/strong> et <strong>d\u00e9couvrir tous les auteurs<\/strong> c\u2019est par ici :\u00a0<a href=\"https:\/\/www.toulouse-polars-du-sud.com\/\" rel=\"nofollow noopener\" target=\"_blank\">https:\/\/www.toulouse-polars-du-sud.com\/<\/a><br \/>\nUne saisonnalit\u00e9 marqu\u00e9e des rendez-vous litt\u00e9raires<\/p>\n<p><strong>C\u2019est l\u2019un des 30 \u00e9v\u00e9nements litt\u00e9raires recens\u00e9s en Haute-Garonne<\/strong> dans le cadre de l\u2019\u00e9tude men\u00e9e par Occitanie Livres &amp; Lecture (les chiffres cl\u00e9 du livre 2025). Le d\u00e9partement n\u2019est devanc\u00e9 que par l\u2019H\u00e9rault : 33 manifestations consacr\u00e9s au livre sur un total r\u00e9gional de 160 ! <strong>(*)<\/strong><\/p>\n<p><strong>Avec 36 manifestations cr\u00e9\u00e9es\u00a0depuis moins de cinq ans<\/strong>,\u00a0dont 16 (10 %) en 2023 ou 2024,\u00a0la dynamique relev\u00e9e dans les\u00a0chiffres-cl\u00e9s 2023 se confirme. \u201cL\u2019avenir dira dans quelle mesure\u00a0les baisses budgetaires subies\u00a0par les collectivit\u00e9s territoriales, <br \/>ainsi que le gel de la part collective du pass Culture, freineront\u00a0ce d\u00e9veloppement\u201d souligne l\u2019\u00e9tude. En Occitanie, <strong>62 % des manifestations litt\u00e9raires ont plus de 10 ans<\/strong>.<\/p>\n<p><strong>Longtemps associ\u00e9s aux beaux jours<\/strong>, les festivals et\u00a0manifestations litt\u00e9raires tendent \u00e0 se r\u00e9partir de mani\u00e8re plus\u00a0\u00e9quilibr\u00e9e entre les quatre saisons. Une part assez notable d\u2019entre\u00a0elles, \u00e0 hauteur de <strong>36 %, se d\u00e9roule d\u00e9sormais \u00e0 l\u2019automne<\/strong>. Seule la\u00a0saison hivernale reste quelque peu clairsem\u00e9e, comme dans toutes\u00a0les r\u00e9gions, avec 11 % des \u00e9v\u00e9nements.<\/p>\n<p><strong>Une particularit\u00e9 de l\u2019Occitanie<\/strong> avait \u00e9t\u00e9 relev\u00e9e dans les derniers\u00a0chiffres-cl\u00e9s, et reprise dans les Chiffres cl\u00e9s interr\u00e9gionaux du livre et\u00a0de la lecture 2022-2024 publi\u00e9s par la <a href=\"https:\/\/fill-livrelecture.org\/\" rel=\"nofollow noopener\" target=\"_blank\"><strong>Fill<\/strong><\/a>, celle du nombre important,\u00a0en comparaison des autres r\u00e9gions, des \u00e9v\u00e9nements estivaux (encore 27%), un\u00a0ph\u00e9nom\u00e8ne li\u00e9 pour la p\u00e9riode de r\u00e9f\u00e9rence 2021-2022 \u00e0 la sortie\u00a0du COVID ainsi qu\u2019aux flux saisonniers du tourisme en Occitanie.\u00a0Cette sp\u00e9cificit\u00e9 reste d\u2019actualit\u00e9 en 2023 et 2024.<\/p>\n<p><a href=\"https:\/\/dis-leur.fr\/?attachment_id=106070\" rel=\"attachment wp-att-106070 nofollow noopener\" target=\"_blank\"><img loading=\"lazy\" decoding=\"async\" class=\"size-full wp-image-106070\" src=\"https:\/\/www.europesays.com\/fr\/wp-content\/uploads\/2025\/10\/LIVRE-FESTIVALBD.jpg\" alt=\"\" width=\"986\" height=\"544\"  \/><\/a>S\u00e9ance de d\u00e9dicaces au Festival BD de S\u00e9rignan dans l\u2019H\u00e9rault\u2026 La BD repr\u00e9sente 13% des \u00e9v\u00e9nements li\u00e9s au livre en Occitanie. photo Ville de S\u00e9rignan<br \/>\nLa question cruciale du b\u00e9n\u00e9volat<\/p>\n<p><strong>L\u2019une des probl\u00e9matiques les plus cruciales<\/strong> pour les manifestations litt\u00e9raires, est celle des ressources\u00a0humaines, en particulier dans les structures associatives : dans <strong>un contexte budg\u00e9taire globalement contraint<\/strong>, faire perdurer\u00a0l\u2019activit\u00e9 en respectant les usages professionnels demande plus que jamais de savoir mobiliser et renouveler les \u00e9nergies,\u00a0notamment b\u00e9n\u00e9voles.<\/p>\n<p><strong>Aucune recette miracle<\/strong> en mati\u00e8re de renouvellement des communaut\u00e9s b\u00e9n\u00e9voles, souligne l\u2019enqu\u00eate, mais \u201cil appara\u00eet que les contacts directs et l\u2019appui sur les r\u00e9seaux locaux restent privil\u00e9gi\u00e9s, pour 94 % des structures. Les divers relais de communication sont aussi mobilis\u00e9s, compl\u00e9t\u00e9s par des distributions de flyers dans des lieux strat\u00e9giques, comme les librairies.\u201d<\/p>\n<p><strong>Sur la motivation des b\u00e9n\u00e9voles<\/strong>, assez logiquement, les r\u00e9pondants \u00e9voquent \u00e0\u00a092 % <strong>\u201cla volont\u00e9 de d\u00e9fendre le livre et la lecture\u201d,<\/strong>\u00a0une dimension militante qui garde toute son importance. Le contact avec les auteurs et autrices\u00a0semble \u00e9galement fonctionner comme un levier\u00a0puissant, pour 69 %.<\/p>\n<p><strong>D\u2019autres types de motivations\u00a0sont mentionn\u00e9es<\/strong> par les structures : convivialit\u00e9\u00a0et rencontre ; participation \u00e0 une action culturelle\u00a0permettant d\u2019agir sur son territoire ; participer \u00e0\u00a0une aventure collective ou encore profiter d\u2019une\u00a0programmation riche en y participant \u201cde l\u2019int\u00e9rieur.\u201d<\/p>\n<p><strong>On peut sans doute regretter la pr\u00e9sence relativement limit\u00e9e des \u00e9tudiants<\/strong> parmi les b\u00e9n\u00e9voles. seulement 33 % des structures les mentionnent. Mais il est vrai que la pr\u00e9sence d\u2019enseignants dans les \u00e9quipes ne concerne que 22% des r\u00e9pondants !\u00a0Les profils qui dominent sont ceux des retrait\u00e9s (69 % des r\u00e9pondants) et des employ\u00e9s (50 %)\u2026<\/p>\n<p style=\"text-align: right;\"><strong>Philippe MOURET<\/strong><\/p>\n<p><strong>(*)<\/strong>\u00a0<strong>Sur les 224 \u00e9v\u00e9nements r\u00e9currents consacr\u00e9s au livre<\/strong>\u00a0que compte l\u2019Occitanie, on d\u00e9nombre 160 manifestations litt\u00e9raires stricto sensu. Ont \u00e9t\u00e9 exclus\u00a0du d\u00e9compte les salons et f\u00eates du livre dont la programmation se cantonne aux d\u00e9dicaces et auxquels peut participer tout auteur\u00a0qui le souhaite, qu\u2019il soit publi\u00e9 \u00e0 compte d\u2019\u00e9diteur ou d\u2019auteur, ou auto\u00e9dit\u00e9.\u00a0Par ailleurs, les \u00e9v\u00e9nements organis\u00e9s dans le cadre d\u2019op\u00e9rations nationales\u00a0(Printemps des po\u00e8tes, Partir en livre\u2026) ne sont pas comptabilis\u00e9s.<\/p>\n<blockquote class=\"wp-embedded-content\" data-secret=\"5GbjCZACza\">\n<p><a href=\"https:\/\/dis-leur.fr\/economie-le-livre-en-occitanie-ou-le-mille-feuille-dune-filiere-bien-vivante-partie-1\/\" rel=\"nofollow noopener\" target=\"_blank\">\u00c9conomie : Le livre en Occitanie, ou le mille-feuille d\u2019une fili\u00e8re bien vivante (partie 1)<\/a><\/p>\n<\/blockquote>\n<blockquote class=\"wp-embedded-content\" data-secret=\"isIcDenc6o\">\n<p><a href=\"https:\/\/dis-leur.fr\/livres-un-nouveau-contrat-de-filiere-pour-favoriser-la-lecture\/\" rel=\"nofollow noopener\" target=\"_blank\">Livres : La lecture, porte ouverte sur le monde\u2026 Contrat !<\/a><\/p>\n<\/blockquote>\n","protected":false},"excerpt":{"rendered":"L\u2019H\u00e9rault (21 % des manifestations), la Haute-Garonne (19 %) et le Gard (14 %)\u00a0restent les d\u00e9partements les mieux&hellip;\n","protected":false},"author":2,"featured_media":451136,"comment_status":"","ping_status":"","sticky":false,"template":"","format":"standard","meta":{"footnotes":""},"categories":[1357],"tags":[1379,58,59,1011,27,1380],"class_list":{"0":"post-451135","1":"post","2":"type-post","3":"status-publish","4":"format-standard","5":"has-post-thumbnail","7":"category-livres","8":"tag-books","9":"tag-divertissement","10":"tag-entertainment","11":"tag-fr","12":"tag-france","13":"tag-livres"},"share_on_mastodon":{"url":"https:\/\/pubeurope.com\/@fr\/115346745037300980","error":""},"_links":{"self":[{"href":"https:\/\/www.europesays.com\/fr\/wp-json\/wp\/v2\/posts\/451135","targetHints":{"allow":["GET"]}}],"collection":[{"href":"https:\/\/www.europesays.com\/fr\/wp-json\/wp\/v2\/posts"}],"about":[{"href":"https:\/\/www.europesays.com\/fr\/wp-json\/wp\/v2\/types\/post"}],"author":[{"embeddable":true,"href":"https:\/\/www.europesays.com\/fr\/wp-json\/wp\/v2\/users\/2"}],"replies":[{"embeddable":true,"href":"https:\/\/www.europesays.com\/fr\/wp-json\/wp\/v2\/comments?post=451135"}],"version-history":[{"count":0,"href":"https:\/\/www.europesays.com\/fr\/wp-json\/wp\/v2\/posts\/451135\/revisions"}],"wp:featuredmedia":[{"embeddable":true,"href":"https:\/\/www.europesays.com\/fr\/wp-json\/wp\/v2\/media\/451136"}],"wp:attachment":[{"href":"https:\/\/www.europesays.com\/fr\/wp-json\/wp\/v2\/media?parent=451135"}],"wp:term":[{"taxonomy":"category","embeddable":true,"href":"https:\/\/www.europesays.com\/fr\/wp-json\/wp\/v2\/categories?post=451135"},{"taxonomy":"post_tag","embeddable":true,"href":"https:\/\/www.europesays.com\/fr\/wp-json\/wp\/v2\/tags?post=451135"}],"curies":[{"name":"wp","href":"https:\/\/api.w.org\/{rel}","templated":true}]}}