{"id":451137,"date":"2025-10-09T23:13:18","date_gmt":"2025-10-09T23:13:18","guid":{"rendered":"https:\/\/www.europesays.com\/fr\/451137\/"},"modified":"2025-10-09T23:13:18","modified_gmt":"2025-10-09T23:13:18","slug":"la-raison-intime-pour-laquelle-chishiya-nest-pas-plus-present-dans-les-episodes","status":"publish","type":"post","link":"https:\/\/www.europesays.com\/fr\/451137\/","title":{"rendered":"La raison intime pour laquelle Chishiya n\u2019est pas plus pr\u00e9sent dans les \u00e9pisodes"},"content":{"rendered":"<p>Les internautes qui attendaient son retour ont \u00e9t\u00e9 d\u00e9\u00e7us devant la saison 3 d\u2019Alice in Borderland sur Netflix. Le personnage de Chishiya, l\u2019une des favoris des fans, n\u2019appara\u00eet que dans une unique sc\u00e8ne. Mais pourquoi une absence si courte ? Il y a une raison intime pour son interpr\u00e8te, Nijir\u014d Murakami.<\/p>\n<p>Depuis le 25 septembre, les abonn\u00e9s Netflix peuvent retrouver <a href=\"https:\/\/www.programme-tv.net\/news\/series-tv\/336921-alice-in-borderland-saison-3-netflix-casting-intrigues-les-premieres-infos-sur-la-suite-de-la-serie\/\" data-api-deeplink=\"teleloisirs:\/\/news\/336921\" target=\"_blank\" rel=\"noopener\">la saison 3 d\u2019Alice in Borderland<\/a>. Pr\u00e8s de trois ans apr\u00e8s la sortie de la deuxi\u00e8me salve, les fans ont retrouv\u00e9 Arisu et Usagi pour de nouvelles aventures dangereuses \u00e0 Borderland. Les plus grands fans de la fiction auront d\u2019ailleurs remarqu\u00e9 <a href=\"https:\/\/www.programme-tv.net\/news\/series-tv\/388546-alice-in-borderland-netflix-pour-les-vrais-fans-le-premier-jeu-de-la-saison-3-est-une-grosse-incoherence\/\" data-api-deeplink=\"teleloisirs:\/\/news\/388546\" target=\"_blank\" rel=\"noopener\">cette grosse incoh\u00e9rence pr\u00e9sente d\u00e8s l\u2019\u00e9pisode 1<\/a> de cette troisi\u00e8me salve. \u00c0 part les deux h\u00e9ros incarn\u00e9s par Kento Yamazaki et Tao Tsuchiya, seuls quelques autres personnages vus dans les saisons 1 et 2 de la s\u00e9rie japonaise sont pr\u00e9sents dans ces nouveaux \u00e9pisodes. Si on peut apercevoir Banda, mais aussi <a href=\"https:\/\/www.programme-tv.net\/news\/series-tv\/388730-alice-in-borderland-saison-3-pourquoi-ann-peut-elle-voir-banda-cette-theorie-expliquerait-le-retournement-choc-de-la-serie\/\" data-api-deeplink=\"teleloisirs:\/\/news\/388730\" target=\"_blank\" rel=\"noopener\">Ann qui est au c\u0153ur d\u2019une th\u00e9orie<\/a>, les internautes ont d\u00fb <a href=\"https:\/\/www.programme-tv.net\/news\/series-tv\/388595-alice-in-borderland-saison-3-il-a-fallu-attendre-8-minutes-avant-la-fin-pour-que-les-fans-aient-droit-a-ce-moment-quils-attendaient-depuis-3-ans\/\" data-api-deeplink=\"teleloisirs:\/\/news\/388595\" target=\"_blank\" rel=\"noopener\">attendre huit minutes avant la fin pour retrouver l\u2019un de leurs personnages favoris : Chishiya<\/a>.<\/p>\n<p>                        Alice in Borderland saison 3 : le retour de Chishiya \u00e0 l\u2019\u00e9cran dure moins d\u2019une minute<\/p>\n<p>\u00c0 la toute fin de l\u2019\u00e9pisode 6 de la saison 3, apr\u00e8s avoir r\u00e9ussi \u00e0 quitter Borderland sain et sauf, Arisu est de retour \u00e0 son travail dans une clinique psychiatrique. \u00c0 travers une sc\u00e8ne charg\u00e9e d\u2019\u00e9motion pour les fans, le h\u00e9ros se retrouve face \u00e0 certains des personnages les plus appr\u00e9ci\u00e9s de la s\u00e9rie, dont Chishiya jou\u00e9 par Nijir\u014d Murakami. En tout, la pr\u00e9sence de l\u2019acteur \u00e0 l\u2019\u00e9cran ne dure que 58 secondes (oui, on a chronom\u00e9tr\u00e9 !). Une sc\u00e8ne tr\u00e8s courte donc, mais pour une raison bien pr\u00e9cise.<\/p>\n<p>Pourquoi Nijir\u014d Murakami qui joue Chishiya n\u2019est-il pas plus pr\u00e9sent dans la saison 3 d\u2019Alice in Borderland ?<\/p>\n<p>C\u2019est pour une raison personnelle que Nijir\u014d Murakami n\u2019aurait pas repris son r\u00f4le \u00e0 plein temps dans Alice in Borderland. Si la production ne s\u2019est pas exprim\u00e9e au sujet de cette absence, on sait que l\u2019acteur de 28 ans a travers\u00e9 une sombre p\u00e9riode en 2023. \u00c0 l\u2019\u00e9poque, l\u2019agence de Nijir\u014d Murakami avait annonc\u00e9 que ce dernier prenait une pause et s\u2019\u00e9loignait des tournages \u00ab\u00a0en raison de probl\u00e8mes de sant\u00e9 physique et mentale\u00a0\u00bb. L\u2019acteur avait d\u00fb abandonner un projet au th\u00e9\u00e2tre. Apr\u00e8s avoir \u00e9t\u00e9 longtemps absent des r\u00e9seaux sociaux, Nijir\u014d Murakami a fait son retour et est particuli\u00e8rement actif sur X, o\u00f9 il poss\u00e8de un compte d\u00e9di\u00e9 \u00e0 son autre passion : le gaming. Il n\u2019a cependant plus jou\u00e9 devant les cam\u00e9ras, mis \u00e0 part son apparition dans la saison 3 d\u2019Alice in Borderland.<\/p>\n<p>            Nijir\u014d Murakami est le fils de deux stars japonaises<\/p>\n<p>Nijir\u014d Murakami a toujours connu la c\u00e9l\u00e9brit\u00e9, lui qui est le fils de l\u2019acteur Jun Murakami et la chanteuse Ua. C\u2019est \u00e0 l\u2019\u00e2ge de 17 ans qu\u2019il a fait ses d\u00e9buts devant les cam\u00e9ras en participant au film Still the Water, s\u00e9lectionn\u00e9 en comp\u00e9tition officielle au Festival de Cannes 2024. Il a depuis tourn\u00e9 dans une trentaine de films et pr\u00e8s de vingt s\u00e9ries.<\/p>\n","protected":false},"excerpt":{"rendered":"Les internautes qui attendaient son retour ont \u00e9t\u00e9 d\u00e9\u00e7us devant la saison 3 d\u2019Alice in Borderland sur Netflix.&hellip;\n","protected":false},"author":2,"featured_media":451138,"comment_status":"","ping_status":"","sticky":false,"template":"","format":"standard","meta":{"footnotes":""},"categories":[1356],"tags":[50618,55997,55998,244,58,59,1011,27,127,1722,1721,129,252,1364],"class_list":{"0":"post-451137","1":"post","2":"type-post","3":"status-publish","4":"format-standard","5":"has-post-thumbnail","7":"category-television","8":"tag-alice-in-borderland","9":"tag-alice-in-borderland-saison-3-52192334","10":"tag-alice-in-borderland-46502331","11":"tag-commentaire","12":"tag-divertissement","13":"tag-entertainment","14":"tag-fr","15":"tag-france","16":"tag-netflix","17":"tag-pub-streaming-netflix","18":"tag-su00e9rie-netflix","19":"tag-svod","20":"tag-television","21":"tag-tv"},"share_on_mastodon":{"url":"https:\/\/pubeurope.com\/@fr\/115346748508921264","error":""},"_links":{"self":[{"href":"https:\/\/www.europesays.com\/fr\/wp-json\/wp\/v2\/posts\/451137","targetHints":{"allow":["GET"]}}],"collection":[{"href":"https:\/\/www.europesays.com\/fr\/wp-json\/wp\/v2\/posts"}],"about":[{"href":"https:\/\/www.europesays.com\/fr\/wp-json\/wp\/v2\/types\/post"}],"author":[{"embeddable":true,"href":"https:\/\/www.europesays.com\/fr\/wp-json\/wp\/v2\/users\/2"}],"replies":[{"embeddable":true,"href":"https:\/\/www.europesays.com\/fr\/wp-json\/wp\/v2\/comments?post=451137"}],"version-history":[{"count":0,"href":"https:\/\/www.europesays.com\/fr\/wp-json\/wp\/v2\/posts\/451137\/revisions"}],"wp:featuredmedia":[{"embeddable":true,"href":"https:\/\/www.europesays.com\/fr\/wp-json\/wp\/v2\/media\/451138"}],"wp:attachment":[{"href":"https:\/\/www.europesays.com\/fr\/wp-json\/wp\/v2\/media?parent=451137"}],"wp:term":[{"taxonomy":"category","embeddable":true,"href":"https:\/\/www.europesays.com\/fr\/wp-json\/wp\/v2\/categories?post=451137"},{"taxonomy":"post_tag","embeddable":true,"href":"https:\/\/www.europesays.com\/fr\/wp-json\/wp\/v2\/tags?post=451137"}],"curies":[{"name":"wp","href":"https:\/\/api.w.org\/{rel}","templated":true}]}}