{"id":451139,"date":"2025-10-09T23:14:12","date_gmt":"2025-10-09T23:14:12","guid":{"rendered":"https:\/\/www.europesays.com\/fr\/451139\/"},"modified":"2025-10-09T23:14:12","modified_gmt":"2025-10-09T23:14:12","slug":"metal-double-pour-landmvrks-et-gojira-a-la-premiere-ceremonie-des-foudres-actualites","status":"publish","type":"post","link":"https:\/\/www.europesays.com\/fr\/451139\/","title":{"rendered":"Metal: doubl\u00e9 pour Landmvrks et Gojira \u00e0 la premi\u00e8re c\u00e9r\u00e9monie des Foudres : Actualit\u00e9s"},"content":{"rendered":"<p class=\"lead \">Landmvrks et Gojira, deux groupes fran\u00e7ais de metal \u00e0 la notori\u00e9t\u00e9 internationale, ont remport\u00e9 chacun un doubl\u00e9 aux Foudres, nouvelle c\u00e9r\u00e9monie d\u00e9di\u00e9e \u00e0 cette musique en pleine \u00e9bullition, jeudi soir au Bataclan \u00e0 Paris.<\/p>\n<p class=\"lead \">Le groupe marseillais Landmvrks, qui oscille entre metal et rap, a \u00e9t\u00e9 sacr\u00e9 artiste de l&rsquo;ann\u00e9e et a \u00e9galement remport\u00e9 la Foudre du meilleur album pour son quatri\u00e8me opus auto-produit, \u00ab\u00a0The darkest place I&rsquo;ve ever been\u00a0\u00bb, sorti au printemps. <\/p>\n<p class=\"lead \">\u00ab\u00a0Vraiment incroyable, merci pour tout (&#8230;) C&rsquo;est un honneur de voir notre travail r\u00e9compens\u00e9\u00a0\u00bb, a r\u00e9agi le chanteur et co-fondateur Florent Salfati dans une vid\u00e9o diffus\u00e9e dans la salle et film\u00e9e depuis les Etats-Unis, o\u00f9 le quintette est en tourn\u00e9e, apr\u00e8s trois participations au Hellfest au compteur.<\/p>\n<p class=\"lead \">L&rsquo;autre doubl\u00e9 est sign\u00e9 Gojira. Le groupe des fr\u00e8res Duplantier, d\u00e9j\u00e0 aur\u00e9ol\u00e9 d&rsquo;un Grammy Award, a \u00e9t\u00e9 honor\u00e9 pour sa performance live grandiose au festival de Carcassonne en juillet, dans la droite ligne de sa prestation \u00e0 la c\u00e9r\u00e9monie d&rsquo;ouverture des JO de Paris 2024 avec la chanteuse lyrique Marina Viotti.<\/p>\n<p class=\"lead \">Il a \u00e9galement re\u00e7u le prix des Foudres, un troph\u00e9e pour \u00ab\u00a0saluer une contribution exceptionnelle \u00e0 la sc\u00e8ne metal\u00a0\u00bb. \u00ab\u00a0C&rsquo;est \u00e9mouvant d&rsquo;\u00eatre r\u00e9compens\u00e9 pour un \u00e9v\u00e9nement comme \u00e7a\u00a0\u00bb, a d\u00e9clar\u00e9 le guitariste Christian Andreu, soulignant l&rsquo;importance de \u00ab\u00a0prendre des risques\u00a0\u00bb pour tracer sa voie.<\/p>\n<p class=\"lead \">Pr\u00e9sent\u00e9e par le chroniqueur radio et humoriste Thomas VDB, la c\u00e9r\u00e9monie avait d\u00e9marr\u00e9 peu apr\u00e8s 20H00 avec le groupe nantais Gravekvlt, qui avait envoy\u00e9 ses riffs \u00e9nerv\u00e9s et sa batterie galopante aux quatre coins du Bataclan, lan\u00e7ant les premi\u00e8res danses dans la fosse.<\/p>\n<p class=\"lead \">Le premier prix de la soir\u00e9e, celui de l&rsquo;\u00e9v\u00e9nement de l&rsquo;ann\u00e9e, a \u00e9t\u00e9 remis au Hellfest, qui a r\u00e9uni en juin environ 280.000 spectateurs \u00e0 Clisson (Loire-Atlantique), ce qui en fait le plus gros festival fran\u00e7ais. Sa programmation 2026 doit \u00eatre annonc\u00e9e dans les prochaines semaines.<\/p>\n<p class=\"lead \">&#8211; Ultra Vomit &#8211;<\/p>\n<p class=\"lead \">Parmi les autres gagnants figure le jeune groupe de metalcore Revnoir, form\u00e9 en 2023, r\u00e9v\u00e9lation de l&rsquo;ann\u00e9e. Le groupe le plus d\u00e9jant\u00e9 de la sc\u00e8ne metal, Ultra Vomit, a lui re\u00e7u un douzi\u00e8me prix surprise, celui de l&rsquo;album le plus vendu en 2024-2025, pour \u00ab\u00a0Ultra Vomit et le Pouvoir de la puissance\u00a0\u00bb.<\/p>\n<p class=\"lead \">Six cat\u00e9gories avaient \u00e9t\u00e9 soumises au vote du public, en compl\u00e9ment de celui d&rsquo;un jury de professionnels. <\/p>\n<p class=\"lead \">Les prestations de Carpenter Brut, Revnoir et Grandma&rsquo;s Ashes ont rythm\u00e9 la soir\u00e9e et fait danser un parterre de fans.<\/p>\n<p class=\"lead \">L&rsquo;\u00e9v\u00e9nement \u00e9tait port\u00e9 par Paris Entertainment Company qui, en plus du Bataclan depuis 2021, exploite l&rsquo;Accor Arena et l&rsquo;adidas arena.<\/p>\n<p class=\"lead \">\u00ab\u00a0Le metal n&rsquo;\u00e9tait pas assez repr\u00e9sent\u00e9 dans les c\u00e9r\u00e9monies un peu officielles, un peu plus g\u00e9n\u00e9ralistes\u00a0\u00bb alors qu&rsquo;il est \u00ab\u00a0en pleine expansion\u00a0\u00bb, a estim\u00e9 aupr\u00e8s de l&rsquo;AFP Arnaud Millard, directeur d\u00e9l\u00e9gu\u00e9 du Bataclan, en r\u00e9f\u00e9rence aux Victoires de la musique.<\/p>\n<p class=\"lead \">&#8211; \u00ab\u00a0Paradoxe du m\u00e9talleux\u00a0\u00bb &#8211;<\/p>\n<p class=\"lead \">\u00ab\u00a0Le metal (&#8230;) ce sont des millions de personnes qui en \u00e9coutent toute l&rsquo;ann\u00e9e\u00a0\u00bb, a soulign\u00e9 Pascal Gueugue, directeur de la F\u00e9d\u00e9ration des musiques m\u00e9talliques, partenaire de la c\u00e9r\u00e9monie.<\/p>\n<p class=\"lead \">\u00ab\u00a0C&rsquo;est une histoire de revendication aussi pour moi: pendant longtemps \u00e7a n&rsquo;a pas \u00e9t\u00e9 tr\u00e8s \u00e0 la mode de dire +j&rsquo;\u00e9coute du metal+, ce qui n&rsquo;est absolument plus le cas\u00a0\u00bb, a-t-il observ\u00e9, soulignant un \u00ab\u00a0paradoxe du m\u00e9talleux qui veut qu&rsquo;on le voie et qui en m\u00eame temps ne veut pas trop qu&rsquo;on s&rsquo;accapare sa culture.\u00a0\u00bb<\/p>\n<p class=\"lead \">Les Foudres suivent le chemin du rap qui, ne s&rsquo;estimant pas assez consid\u00e9r\u00e9 par la grand-messe de la chanson fran\u00e7aise, a depuis 2023 sa propre c\u00e9r\u00e9monie, les Flammes.<\/p>\n<p class=\"lead \">En investissant le Bataclan, la c\u00e9r\u00e9monie continue par ailleurs d&rsquo;\u00e9crire l&rsquo;histoire d&rsquo;une salle rock embl\u00e9matique, marqu\u00e9e par les attentats jihadistes du 13 novembre 2015, qui ont fait 130 morts dont 90 personnes tu\u00e9es pendant le concert des Eagles of Death Metal. <\/p>\n<p class=\"lead \">Faire r\u00e9sonner les guitares dans ce lieu, qui f\u00eate ses 160 ans d&rsquo;existence, est \u00ab\u00a0symbolique\u00a0\u00bb, selon Arnaud Millard. Mais, a-t-il poursuivi, avec 120 concerts par an, \u00ab\u00a0c&rsquo;est toute notre programmation au long de l&rsquo;ann\u00e9e qui est une forme de r\u00e9silience\u00a0\u00bb.<\/p>\n<p class=\"small font-weight-bold text-gray3 \"> publi\u00e9 le 9 octobre \u00e0 23h37, AFP<\/p>\n<p>                             Partager<\/p>\n","protected":false},"excerpt":{"rendered":"Landmvrks et Gojira, deux groupes fran\u00e7ais de metal \u00e0 la notori\u00e9t\u00e9 internationale, ont remport\u00e9 chacun un doubl\u00e9 aux&hellip;\n","protected":false},"author":2,"featured_media":451140,"comment_status":"","ping_status":"","sticky":false,"template":"","format":"standard","meta":{"footnotes":""},"categories":[1355],"tags":[58,59,1011,27,28629,1361,873,4279,9556],"class_list":{"0":"post-451139","1":"post","2":"type-post","3":"status-publish","4":"format-standard","5":"has-post-thumbnail","7":"category-musique","8":"tag-divertissement","9":"tag-entertainment","10":"tag-fr","11":"tag-france","12":"tag-metal","13":"tag-music","14":"tag-musique","15":"tag-rcompense","16":"tag-tlvision"},"share_on_mastodon":{"url":"https:\/\/pubeurope.com\/@fr\/115346752419795277","error":""},"_links":{"self":[{"href":"https:\/\/www.europesays.com\/fr\/wp-json\/wp\/v2\/posts\/451139","targetHints":{"allow":["GET"]}}],"collection":[{"href":"https:\/\/www.europesays.com\/fr\/wp-json\/wp\/v2\/posts"}],"about":[{"href":"https:\/\/www.europesays.com\/fr\/wp-json\/wp\/v2\/types\/post"}],"author":[{"embeddable":true,"href":"https:\/\/www.europesays.com\/fr\/wp-json\/wp\/v2\/users\/2"}],"replies":[{"embeddable":true,"href":"https:\/\/www.europesays.com\/fr\/wp-json\/wp\/v2\/comments?post=451139"}],"version-history":[{"count":0,"href":"https:\/\/www.europesays.com\/fr\/wp-json\/wp\/v2\/posts\/451139\/revisions"}],"wp:featuredmedia":[{"embeddable":true,"href":"https:\/\/www.europesays.com\/fr\/wp-json\/wp\/v2\/media\/451140"}],"wp:attachment":[{"href":"https:\/\/www.europesays.com\/fr\/wp-json\/wp\/v2\/media?parent=451139"}],"wp:term":[{"taxonomy":"category","embeddable":true,"href":"https:\/\/www.europesays.com\/fr\/wp-json\/wp\/v2\/categories?post=451139"},{"taxonomy":"post_tag","embeddable":true,"href":"https:\/\/www.europesays.com\/fr\/wp-json\/wp\/v2\/tags?post=451139"}],"curies":[{"name":"wp","href":"https:\/\/api.w.org\/{rel}","templated":true}]}}