{"id":451141,"date":"2025-10-09T23:15:43","date_gmt":"2025-10-09T23:15:43","guid":{"rendered":"https:\/\/www.europesays.com\/fr\/451141\/"},"modified":"2025-10-09T23:15:43","modified_gmt":"2025-10-09T23:15:43","slug":"the-narrow-road-sur-canal-entre-violence-et-lyrisme-jacob-elordi-plonge-dans-lenfer-de-la-guerre-telerama","status":"publish","type":"post","link":"https:\/\/www.europesays.com\/fr\/451141\/","title":{"rendered":"\u201cThe Narrow Road\u201d, sur Canal+ : entre violence et lyrisme, Jacob Elordi plonge dans l\u2019enfer de la guerre &#8211; T\u00e9l\u00e9rama"},"content":{"rendered":"<ol>\n<li><a href=\"https:\/\/news.google.com\/rss\/articles\/CBMi4AFBVV95cUxNR3B4alg3SzZYTUNITFlhYjhXR2tmM3BKbUFzWVE4Ri0yMmIzV1FQS3RjNm4yQ2VvLUNlOUNNNE4zXzZHaHF5MGtUSF9uVm1peG0zX3h5QWFNRnFaR2FBamRxeU1XNmNVS0IwN3p5eE1mRTRFZEpRWFNMOXpkMVFGT2dPYUdJOGJKRGxTVjQxdFFWWWFacDZ1X3lqWjYxdFNJNHIzMXF3ZjdTYlF2NjlsRm1XR3FXQ1R5X0tqWGlXSk5mb0NUSExwZlJuaXBPbmRUd2FybmdQMXBaMlA5bmpzVQ?oc=5\" target=\"_blank\" rel=\"nofollow noopener\">\u201cThe Narrow Road\u201d, sur Canal+ : entre violence et lyrisme, Jacob Elordi plonge dans l\u2019enfer de la guerre<\/a>&nbsp;&nbsp;T\u00e9l\u00e9rama<\/li>\n<li><a href=\"https:\/\/news.google.com\/rss\/articles\/CBMifkFVX3lxTE1nMDVSR3Jhc1kySVl2Y19RMHljUjVNb2h0Q0dDVXRCNzdrenU3cXJBN1RaMzBmY0pZU0RzaFFVaVgybkhFOUhxN0FEelEtQTZ3LVluRHdpcFNsUkJZeFpaOTNhS3N0bG52azhHeHNseVVUbk14c3NkYW5FcDZzdw?oc=5\" target=\"_blank\" rel=\"nofollow noopener\">La meilleure s\u00e9rie de guerre de tous les temps a de la concurrence&#8230; D\u00e9couvrez d\u00e8s aujourd\u2019hui ce drame puissant avec Jacob Elordi<\/a>&nbsp;&nbsp;AlloCin\u00e9<\/li>\n<li><a href=\"https:\/\/news.google.com\/rss\/articles\/CBMipgFBVV95cUxOX0V6SE0zOFZHcXNCUFZ5b0VITTk4MGVaLTBpVExibFdMQ1NtTGo5eTVDcC00dnpWV2ZUN1hBVmJaZWlOa2hPVWNlUDZGRW8tTDF3aWFaS1pIaU1LLXRHMllaSlpSNE9wTkh2cVFOUUFRMTlUWE14T29IeElxOEFXTWVoSGQxTnZvY1VDajJrdWlNSkxDajB0ODlqRHhmcGpheDB5dHFn?oc=5\" target=\"_blank\" rel=\"nofollow noopener\">The Narrow Road sur Canal+ &#8211; Bande annonce (vf)<\/a>&nbsp;&nbsp;Portail Orange<\/li>\n<li><a href=\"https:\/\/news.google.com\/rss\/articles\/CBMivwFBVV95cUxPTEw1RlBqVlpuZzZyM0dPVHJwZE1XV2RXVi12dWZHRDFCYVVnOVFpcG9LX1Bld2ZKX01Vd1pBTVJ2OWVtWEFid082NE5hR29RZkVEY0RFemtWT3hRbGxMVE1Bb0FJSTF3ZXlDOGd3LU9PdnhrTUJBYWVuZnRSMTFRa3BQcW54d1pIYmEtUGRDcUZuaXdfWk9lcTZtRjFlYkhyYkROSGNtUEwwemR0XzFrVUNKR0F1OGtYZ1pZbFhyUQ?oc=5\" target=\"_blank\" rel=\"nofollow noopener\">The Narrow Road : la s\u00e9rie avec Jacob Elordi d\u00e9barque sur Canal+<\/a>&nbsp;&nbsp;sfr actus<\/li>\n<li><a href=\"https:\/\/news.google.com\/rss\/articles\/CBMi7wFBVV95cUxNdXJUN3VuMk9GM05pdzk2ZEM2UEpOUGhTdmJ2RE5IQ2psU24xZTJzejBVV2k1d1Y1U1ZJUnFMdGhFVmljcDRDM3FnZDN6R0c3YmtXeTVYdktvY2loS2o1WFJaOFpGNDFUZWRkOXhiVktuMkI0ZEdrY2s3eUVqVi1WZjBHNUNHYTJmOVlETzZQNGhwSS1yZV9WZGtvaVNjOFV1ZTQ1SG5SZDFPem52UFNZOHZiM2xpc1NSUkVTTGdjUTY4SWNtdjJUUU8tbmRJN3dLelMwWGJsUzNfNFRuTWFvbEdjbDJGN0czei1keEZnRQ?oc=5\" target=\"_blank\" rel=\"nofollow noopener\">The Narrow Road : voici la nouvelle s\u00e9rie CANAL+ \u00e0 ne pas manquer<\/a>&nbsp;&nbsp;Le Parisien<\/li>\n<\/ol>\n","protected":false},"excerpt":{"rendered":"\u201cThe Narrow Road\u201d, sur Canal+ : entre violence et lyrisme, Jacob Elordi plonge dans l\u2019enfer de la guerre&nbsp;&nbsp;T\u00e9l\u00e9rama&hellip;\n","protected":false},"author":2,"featured_media":451142,"comment_status":"","ping_status":"","sticky":false,"template":"","format":"standard","meta":{"footnotes":""},"categories":[1354],"tags":[58,59,1346,1011,27,1360],"class_list":{"0":"post-451141","1":"post","2":"type-post","3":"status-publish","4":"format-standard","5":"has-post-thumbnail","7":"category-films","8":"tag-divertissement","9":"tag-entertainment","10":"tag-films","11":"tag-fr","12":"tag-france","13":"tag-movies"},"share_on_mastodon":{"url":"https:\/\/pubeurope.com\/@fr\/115346756757349255","error":""},"_links":{"self":[{"href":"https:\/\/www.europesays.com\/fr\/wp-json\/wp\/v2\/posts\/451141","targetHints":{"allow":["GET"]}}],"collection":[{"href":"https:\/\/www.europesays.com\/fr\/wp-json\/wp\/v2\/posts"}],"about":[{"href":"https:\/\/www.europesays.com\/fr\/wp-json\/wp\/v2\/types\/post"}],"author":[{"embeddable":true,"href":"https:\/\/www.europesays.com\/fr\/wp-json\/wp\/v2\/users\/2"}],"replies":[{"embeddable":true,"href":"https:\/\/www.europesays.com\/fr\/wp-json\/wp\/v2\/comments?post=451141"}],"version-history":[{"count":0,"href":"https:\/\/www.europesays.com\/fr\/wp-json\/wp\/v2\/posts\/451141\/revisions"}],"wp:featuredmedia":[{"embeddable":true,"href":"https:\/\/www.europesays.com\/fr\/wp-json\/wp\/v2\/media\/451142"}],"wp:attachment":[{"href":"https:\/\/www.europesays.com\/fr\/wp-json\/wp\/v2\/media?parent=451141"}],"wp:term":[{"taxonomy":"category","embeddable":true,"href":"https:\/\/www.europesays.com\/fr\/wp-json\/wp\/v2\/categories?post=451141"},{"taxonomy":"post_tag","embeddable":true,"href":"https:\/\/www.europesays.com\/fr\/wp-json\/wp\/v2\/tags?post=451141"}],"curies":[{"name":"wp","href":"https:\/\/api.w.org\/{rel}","templated":true}]}}