{"id":451145,"date":"2025-10-09T23:17:11","date_gmt":"2025-10-09T23:17:11","guid":{"rendered":"https:\/\/www.europesays.com\/fr\/451145\/"},"modified":"2025-10-09T23:17:11","modified_gmt":"2025-10-09T23:17:11","slug":"on-ne-partira-pas-en-vacances-ensemble-mathieu-valbuena-evoque-karim-benzema-et-laffaire-de-la-sextape","status":"publish","type":"post","link":"https:\/\/www.europesays.com\/fr\/451145\/","title":{"rendered":"\u00ab\u00a0On ne partira pas en vacances ensemble\u00a0\u00bb\u00a0: Mathieu Valbuena \u00e9voque Karim Benzema et l\u2019affaire de la sextape"},"content":{"rendered":"<p class=\"paragraph text_align_left lp-f-body-02\">Invit\u00e9 ce jeudi dans l\u2019\u00e9mission Rothen s\u2019enflamme sur RMC Sport, <a href=\"https:\/\/www.leparisien.fr\/sports\/football\/tant-que-la-petite-flamme-brule-en-moi-mathieu-valbuena-40-ans-et-footballeur-heureux-27-09-2024-7RDRTVPLZRCH7J63FOYON3U3IM.php\" target=\"_blank\" rel=\"noreferrer noopener\">Mathieu Valbuena<\/a> s\u2019est exprim\u00e9 au sujet de \u00ab\u00a0l\u2019affaire de la sextape\u00a0\u00bb, qui avait notamment impliqu\u00e9 Karim Benzema en 2015. L\u2019ancien Marseillais ne semble pas en tenir rigueur au Ballon d\u2019or 2022, qui avait tout de m\u00eame \u00e9cop\u00e9 d\u2019un an de prison avec sursis et 75\u00a0000\u00a0euros d\u2019amende \u00e0 l\u2019issue du feuilleton.<\/p>\n<p class=\"paragraph text_align_left lp-f-body-02\">\u00ab\u00a0Si j\u2019ai reparl\u00e9 avec Benzema\u00a0? Pas du tout, a-t-il avou\u00e9. Je ne suis vraiment pas rancunier. Chacun fait sa vie. Je ne souhaite de mal \u00e0 personne, je veux qu\u2019il soit heureux dans sa vie de famille et footballistiquement aussi. Moi, je sais ce qui s\u2019est r\u00e9ellement pass\u00e9. C\u2019est s\u00fbr qu\u2019on ne partira pas en vacances ensemble, mais j\u2019ai du respect. Je suis pass\u00e9 \u00e0 autre chose.\u00a0\u00bb<\/p>\n<p>\u00ab\u00a0Maintenant, c\u2019est derri\u00e8re moi\u00a0\u00bb<\/p>\n<p class=\"paragraph text_align_left lp-f-body-02\">Une <a href=\"https:\/\/www.leparisien.fr\/faits-divers\/affaire-de-la-sextape-de-mathieu-valbuena-karim-benzema-juge-au-tribunal-ce-mercredi-19-10-2021-RINPZ3XXZVE5BFLHCA4EWXRZHM.php\" target=\"_blank\" rel=\"noreferrer noopener\">histoire<\/a> qui aura mis fin, dans le m\u00eame temps, \u00e0 son parcours avec les Bleus, pour qui il a disput\u00e9 52 rencontres (6 buts) ainsi qu\u2019une Coupe du monde au Br\u00e9sil en 2014. \u00ab\u00a0\u00c7a a \u00e9t\u00e9 un moment difficile, \u00e7a m\u2019a priv\u00e9 de l\u2019\u00e9quipe de France. Je n\u2019ai plus \u00e9t\u00e9 appel\u00e9 apr\u00e8s. J\u2019aurais pr\u00e9f\u00e9r\u00e9 ne plus \u00eatre en \u00e9quipe de France en raison de mauvaises performances que de partir comme \u00e7a. Mais c\u2019est la vie\u2026 C\u2019est comme \u00e7a. Maintenant, c\u2019est derri\u00e8re moi\u00a0\u00bb, a confi\u00e9 le milieu de terrain.<\/p>\n<p class=\"paragraph text_align_left lp-f-body-02\">\u00c0 tout juste 41\u00a0ans, <a href=\"https:\/\/www.leparisien.fr\/sports\/football\/tant-que-la-petite-flamme-brule-en-moi-mathieu-valbuena-40-ans-et-footballeur-heureux-27-09-2024-7RDRTVPLZRCH7J63FOYON3U3IM.php\" rel=\"noopener\" target=\"_blank\">Mathieu Valbuena<\/a> est revenu cet \u00e9t\u00e9 du c\u00f4t\u00e9 de l\u2019Olympiakos. Apr\u00e8s y avoir \u00e9volu\u00e9 entre\u00a02019 et\u00a02023, remportant trois titres de champion de Gr\u00e8ce, \u00ab\u00a0Petit V\u00e9lo\u00a0\u00bb a fait son retour pour int\u00e9grer l\u2019\u00e9quipe r\u00e9serve, qui \u00e9volue en deuxi\u00e8me division cette saison. Il devrait \u00e9galement obtenir un r\u00f4le dans l\u2019encadrement des jeunes joueurs \u00e0 l\u2019issue de la saison.<\/p>\n","protected":false},"excerpt":{"rendered":"Invit\u00e9 ce jeudi dans l\u2019\u00e9mission Rothen s\u2019enflamme sur RMC Sport, Mathieu Valbuena s\u2019est exprim\u00e9 au sujet de \u00ab\u00a0l\u2019affaire&hellip;\n","protected":false},"author":2,"featured_media":451146,"comment_status":"","ping_status":"","sticky":false,"template":"","format":"standard","meta":{"footnotes":""},"categories":[9],"tags":[27345,63,1011,27,60],"class_list":{"0":"post-451145","1":"post","2":"type-post","3":"status-publish","4":"format-standard","5":"has-post-thumbnail","7":"category-sports","8":"tag-equipe_france_foot","9":"tag-football","10":"tag-fr","11":"tag-france","12":"tag-sports"},"share_on_mastodon":{"url":"https:\/\/pubeurope.com\/@fr\/115346764169397377","error":""},"_links":{"self":[{"href":"https:\/\/www.europesays.com\/fr\/wp-json\/wp\/v2\/posts\/451145","targetHints":{"allow":["GET"]}}],"collection":[{"href":"https:\/\/www.europesays.com\/fr\/wp-json\/wp\/v2\/posts"}],"about":[{"href":"https:\/\/www.europesays.com\/fr\/wp-json\/wp\/v2\/types\/post"}],"author":[{"embeddable":true,"href":"https:\/\/www.europesays.com\/fr\/wp-json\/wp\/v2\/users\/2"}],"replies":[{"embeddable":true,"href":"https:\/\/www.europesays.com\/fr\/wp-json\/wp\/v2\/comments?post=451145"}],"version-history":[{"count":0,"href":"https:\/\/www.europesays.com\/fr\/wp-json\/wp\/v2\/posts\/451145\/revisions"}],"wp:featuredmedia":[{"embeddable":true,"href":"https:\/\/www.europesays.com\/fr\/wp-json\/wp\/v2\/media\/451146"}],"wp:attachment":[{"href":"https:\/\/www.europesays.com\/fr\/wp-json\/wp\/v2\/media?parent=451145"}],"wp:term":[{"taxonomy":"category","embeddable":true,"href":"https:\/\/www.europesays.com\/fr\/wp-json\/wp\/v2\/categories?post=451145"},{"taxonomy":"post_tag","embeddable":true,"href":"https:\/\/www.europesays.com\/fr\/wp-json\/wp\/v2\/tags?post=451145"}],"curies":[{"name":"wp","href":"https:\/\/api.w.org\/{rel}","templated":true}]}}