{"id":451147,"date":"2025-10-09T23:18:15","date_gmt":"2025-10-09T23:18:15","guid":{"rendered":"https:\/\/www.europesays.com\/fr\/451147\/"},"modified":"2025-10-09T23:18:15","modified_gmt":"2025-10-09T23:18:15","slug":"affaire-nekfeu-information-judiciaire-violences-sexuelles-sur-son-ex-lourdes-charges-ce-que-lon-sait-des-accusations-contre-le-rappeur","status":"publish","type":"post","link":"https:\/\/www.europesays.com\/fr\/451147\/","title":{"rendered":"Affaire Nekfeu\u00a0: information judiciaire, violences sexuelles sur son ex, \u00ab\u00a0lourdes charges\u00a0\u00bb\u2026 Ce que l\u2019on sait des accusations contre le rappeur"},"content":{"rendered":"<p>\n                                                                    l&rsquo;essentiel<br \/>\n                                                                Nekfeu avait \u00e9t\u00e9 plac\u00e9 en garde \u00e0 vue la semaine derni\u00e8re. Un juge d\u2019instruction se charge d\u00e9sormais du dossier dans lequel le rappeur est accus\u00e9 de violences sexuelles sur son ex-compagne.\n                            <\/p>\n<p>Un juge d\u2019instruction va enqu\u00eater sur les violences sexuelles dont est accus\u00e9 le rappeur Nekfeu par une ex-compagne, a appris l\u2019AFP de source proche du dossier ce jeudi 9\u00a0octobre, confirmant une information de Lib\u00e9ration.\u00a0Nekfeu avait \u00e9t\u00e9 plac\u00e9 la semaine derni\u00e8re en garde \u00e0 vue dans le cadre d\u2019investigations <a href=\"https:\/\/www.ladepeche.fr\/2024\/11\/04\/nekfeu-accuse-de-viols-et-de-violences-sexuelles-par-son-ex-compagne-le-rappeur-denonce-des-accusations-infondees-et-choquantes-12302800.php\" target=\"_blank\" rel=\"nofollow noopener\">pour des faits de viol, agressions sexuelles et violences habituelles<\/a> sur conjoint d\u00e9nonc\u00e9s par son ex-compagne, avant d\u2019\u00eatre remis en libert\u00e9.<\/p>\n<p class=\"std-elt__inline\">\n        <strong>\u00c0 lire aussi :<\/strong><br \/>\n        <a href=\"https:\/\/www.ladepeche.fr\/2024\/11\/04\/nekfeu-accuse-de-viols-et-de-violences-sexuelles-par-son-ex-compagne-le-rappeur-denonce-des-accusations-infondees-et-choquantes-12302800.php\" rel=\"nofollow noopener\" target=\"_blank\">Nekfeu accus\u00e9 de viols et de violences sexuelles par son ex-compagne\u00a0: le rappeur d\u00e9nonce des accusations \u00ab\u00a0infond\u00e9es et choquantes\u00a0\u00bb<\/a>\n    <\/p>\n<p>\u00ab\u00a0L\u2019information judiciaire appara\u00eet \u00eatre le cadre le plus adapt\u00e9 pour examiner les paroles des deux \u00e9poux, les tr\u00e8s nombreuses pi\u00e8ces et plainte produites par Monsieur Samaras (vrai nom du rappeur)\u00a0\u00bb, a comment\u00e9 pour l\u2019AFP Me Marie-Alix Canu-Bernard, avocate de l\u2019artiste.\u00a0Cette information judiciaire permettra aussi d'\u00a0\u00bbexaminer l\u2019authenticit\u00e9 (des pi\u00e8ces) produites par Madame, mais surtout assainir tout ce qui se dit \u00e0 l\u2019initiative de celle-ci dans la presse et sur les r\u00e9seaux depuis de trop longs mois\u00a0\u00bb, a compl\u00e9t\u00e9 Me Marie-Alix Canu-Bernard.<\/p>\n<p>Conflit de longs mois<\/p>\n<p>Les avocats de la plaignante, Mes William Bourdon, Rebecca Royer et Hannah Kopp, ont indiqu\u00e9 que l\u2019ouverture de cette information judiciaire \u00ab\u00a0constitue une cons\u00e9quence absolument coh\u00e9rente au regard des lourdes charges d\u00e9j\u00e0 r\u00e9unies \u00e0 l\u2019encontre de M. Ken Samaras\u00a0\u00bb.\u00a0Le parquet de Paris, sollicit\u00e9 par l\u2019AFP, n\u2019a pas donn\u00e9 suite pour l\u2019heure.<\/p>\n<p>Un conflit oppose depuis de longs mois le rappeur \u00e0 son ex-conjointe. Le parquet de Paris a class\u00e9 sans suites entre septembre\u00a02023 et mai\u00a02024 trois plaintes successives de son ex-\u00e9pouse pour viol, violence ou harc\u00e8lement.\u00a0La garde \u00e0 vue de la semaine derni\u00e8re s\u2019inscrivait dans le cadre d\u2019une nouvelle plainte d\u00e9pos\u00e9e par cette femme pour les m\u00eames faits, selon des sources proches du dossier.<\/p>\n","protected":false},"excerpt":{"rendered":"l&rsquo;essentiel Nekfeu avait \u00e9t\u00e9 plac\u00e9 en garde \u00e0 vue la semaine derni\u00e8re. Un juge d\u2019instruction se charge d\u00e9sormais&hellip;\n","protected":false},"author":2,"featured_media":451148,"comment_status":"","ping_status":"","sticky":false,"template":"","format":"standard","meta":{"footnotes":""},"categories":[8],"tags":[58,59,1011,27],"class_list":{"0":"post-451147","1":"post","2":"type-post","3":"status-publish","4":"format-standard","5":"has-post-thumbnail","7":"category-divertissement","8":"tag-divertissement","9":"tag-entertainment","10":"tag-fr","11":"tag-france"},"share_on_mastodon":{"url":"https:\/\/pubeurope.com\/@fr\/115346768230042662","error":""},"_links":{"self":[{"href":"https:\/\/www.europesays.com\/fr\/wp-json\/wp\/v2\/posts\/451147","targetHints":{"allow":["GET"]}}],"collection":[{"href":"https:\/\/www.europesays.com\/fr\/wp-json\/wp\/v2\/posts"}],"about":[{"href":"https:\/\/www.europesays.com\/fr\/wp-json\/wp\/v2\/types\/post"}],"author":[{"embeddable":true,"href":"https:\/\/www.europesays.com\/fr\/wp-json\/wp\/v2\/users\/2"}],"replies":[{"embeddable":true,"href":"https:\/\/www.europesays.com\/fr\/wp-json\/wp\/v2\/comments?post=451147"}],"version-history":[{"count":0,"href":"https:\/\/www.europesays.com\/fr\/wp-json\/wp\/v2\/posts\/451147\/revisions"}],"wp:featuredmedia":[{"embeddable":true,"href":"https:\/\/www.europesays.com\/fr\/wp-json\/wp\/v2\/media\/451148"}],"wp:attachment":[{"href":"https:\/\/www.europesays.com\/fr\/wp-json\/wp\/v2\/media?parent=451147"}],"wp:term":[{"taxonomy":"category","embeddable":true,"href":"https:\/\/www.europesays.com\/fr\/wp-json\/wp\/v2\/categories?post=451147"},{"taxonomy":"post_tag","embeddable":true,"href":"https:\/\/www.europesays.com\/fr\/wp-json\/wp\/v2\/tags?post=451147"}],"curies":[{"name":"wp","href":"https:\/\/api.w.org\/{rel}","templated":true}]}}